{"id":155783,"date":"2025-06-06T05:57:39","date_gmt":"2025-06-06T05:57:39","guid":{"rendered":"https:\/\/www.europesays.com\/fr\/155783\/"},"modified":"2025-06-06T05:57:39","modified_gmt":"2025-06-06T05:57:39","slug":"quand-bruce-springsteen-a-fait-danser-les-pierres-de-geoffroy-guichard","status":"publish","type":"post","link":"https:\/\/www.europesays.com\/fr\/155783\/","title":{"rendered":"QUAND BRUCE SPRINGSTEEN A FAIT DANSER LES PIERRES DE GEOFFROY-GUICHARD"},"content":{"rendered":"<p>                <a href=\"https:\/\/42info.fr\/gagnez-vos-airpods-pro\/\" target=\"_blank\" aria-label=\"Gagnez Airpod\" rel=\"noopener\"><img loading=\"lazy\" decoding=\"async\" src=\"https:\/\/www.europesays.com\/fr\/wp-content\/uploads\/2025\/05\/Gagnez-Airpod-scaled.jpg\" alt=\"\"   width=\"2560\" height=\"960\"\/><\/a><\/p>\n<p>Il y a quarante ans jour pour jour, l\u2019impensable se produisait dans l\u2019antre des Verts. L\u2019herbe sacr\u00e9e de Geoffroy-Guichard accueillait non pas des crampons, mais des milliers de paires de baskets venues vibrer au son du rock am\u00e9ricain. Bruce Springsteen transformait l\u2019espace d\u2019une soir\u00e9e le temple du football en cath\u00e9drale musicale.<\/p>\n<p>Quand les Verts deviennent spectateurs<\/p>\n<p>Le 25 juin 1985 marquait une premi\u00e8re dans l\u2019histoire centenaire du stade st\u00e9phanois. Pour une fois, les joueurs de l\u2019AS Saint-\u00c9tienne troquaient leurs maillots contre des places en tribunes, laissant la vedette \u00e0 une autre star venue d\u2019outre-Atlantique. Cette inversion des r\u00f4les donnait un caract\u00e8re surr\u00e9aliste \u00e0 cette soir\u00e9e estivale.<\/p>\n<p>L\u2019organisation de cet \u00e9v\u00e9nement musical dans un stade de football relevait du d\u00e9fi logistique. Les organisateurs avaient install\u00e9 une imposante sc\u00e8ne au pied de la tribune Jean-Snella, transformant radicalement la physionomie habituelle des lieux.<\/p>\n<p>Une fournaise humaine sous les projecteurs<\/p>\n<p>Vingt-cinq mille personnes s\u2019entassaient sur la pelouse par une chaleur accablante de fin juin. L\u2019atmosph\u00e8re devenait si \u00e9touffante que les \u00e9quipes de s\u00e9curit\u00e9 devaient r\u00e9guli\u00e8rement arroser les premiers rangs pour \u00e9viter les \u00e9vanouissements. Cette ambiance de fournaise ajoutait une dimension presque mystique \u00e0 l\u2019\u00e9v\u00e9nement.<\/p>\n<p>Cette affluence, modeste compar\u00e9e aux standards habituels de la tourn\u00e9e mondiale de l\u2019artiste, cr\u00e9ait paradoxalement une intimit\u00e9 particuli\u00e8re. Alors que Springsteen venait de jouer devant plus de 60 000 personnes dans d\u2019autres villes europ\u00e9ennes, Saint-\u00c9tienne offrait un cadre plus ramass\u00e9, presque confidentiel.<\/p>\n<p>Le New Jersey d\u00e9barque dans la Loire<\/p>\n<p>L\u2019arriv\u00e9e sur sc\u00e8ne du \u00ab\u00a0petit gars du New Jersey\u00a0\u00bb d\u00e9clenchait une explosion de joie collective. Accompagn\u00e9 de son l\u00e9gendaire E Street Band, Springsteen entamait un marathon musical de plus de trois heures qui allait marquer l\u2019histoire locale.<\/p>\n<p>D\u00e8s les premi\u00e8res notes, l\u2019alchimie op\u00e9rait. La batterie de Max Weinberg tonnait, les claviers de Danny Federici r\u00e9sonnaient, et la voix rauque du Boss s\u2019\u00e9levait dans la nuit st\u00e9phanoise. Cette m\u00e9canique bien huil\u00e9e transformait instantan\u00e9ment l\u2019ambiance du stade.<\/p>\n<p>Entre communion collective et moments d\u2019intimit\u00e9<\/p>\n<p>L\u2019art de Springsteen r\u00e9sidait dans sa capacit\u00e9 \u00e0 cr\u00e9er du lien avec son public. Invitant une spectatrice \u00e0 le rejoindre sur sc\u00e8ne pour danser, multipliant les interactions avec la foule, il r\u00e9ussissait \u00e0 cr\u00e9er une proximit\u00e9 rare malgr\u00e9 l\u2019ampleur du dispositif.<\/p>\n<p>Le spectacle alternait savamment entre d\u00e9ferlements rock et parenth\u00e8ses plus m\u00e9lancoliques. Cette montagne russe \u00e9motionnelle tenait le public en haleine pendant toute la dur\u00e9e du concert, chaque morceau apportant sa couleur particuli\u00e8re \u00e0 cette fresque musicale.<\/p>\n<p>L\u2019ASSE entre fascination et inqui\u00e9tude<\/p>\n<p>Du c\u00f4t\u00e9 des responsables st\u00e9phanois, les sentiments \u00e9taient partag\u00e9s. Si le pr\u00e9sident Andr\u00e9 Laurent se laissait aller \u00e0 quelques pas de danse, l\u2019entra\u00eeneur Henryk Kasperczak observait les festivit\u00e9s avec une certaine appr\u00e9hension, redoutant l\u2019impact sur sa pr\u00e9cieuse pelouse.<\/p>\n<p>Seul Thierry Oleksiak, joueur de l\u2019\u00e9quipe, avait choisi de vivre l\u2019\u00e9v\u00e9nement de l\u2019int\u00e9rieur en abandonnant les tribunes pour se m\u00e9langer \u00e0 la foule en d\u00e9lire. Cette transgression t\u00e9moignait de l\u2019attraction exerc\u00e9e par ce spectacle hors normes.<\/p>\n<p>Un r\u00e9pertoire entre tubes et p\u00e9pites<\/p>\n<p>Pendant pr\u00e8s de quatre heures, Springsteen d\u00e9roulait un r\u00e9pertoire \u00e9clectique m\u00ealant ses plus grands succ\u00e8s \u00e0 des perles moins connues. L\u2019ouverture fracassante avec \u00ab\u00a0Born in the USA\u00a0\u00bb donnait le ton d\u2019une soir\u00e9e plac\u00e9e sous le signe de l\u2019\u00e9nergie pure.<\/p>\n<p>La setlist t\u00e9moignait de la richesse du catalogue de l\u2019artiste : \u00ab\u00a0The River\u00a0\u00bb, \u00ab\u00a0Dancing in the Dark\u00a0\u00bb, \u00ab\u00a0Born to Run\u00a0\u00bb c\u00f4toyaient des reprises de Jimmy Cliff ou des Beatles. Cette diversit\u00e9 musicale contribuait \u00e0 la richesse d\u2019un spectacle qui transcendait les genres.<\/p>\n<p>Une nuit d\u2019exception qui entre dans la l\u00e9gende<\/p>\n<p>Deux rappels furent n\u00e9cessaires pour satisfaire l\u2019app\u00e9tit d\u2019un public qui refusait de voir s\u2019achever cette parenth\u00e8se magique. La communion entre l\u2019artiste et son audience atteignait des sommets rarement \u00e9gal\u00e9s dans l\u2019enceinte st\u00e9phanoise.<\/p>\n<p>Cette soir\u00e9e du 25 juin 1985 demeure unique dans l\u2019histoire de Geoffroy-Guichard. Jamais plus le stade n\u2019accueillera d\u2019\u00e9v\u00e9nement musical d\u2019une telle ampleur, faisant de cette performance un moment \u00e0 part dans les annales locales.<\/p>\n<p>L\u2019h\u00e9ritage d\u2019une r\u00e9volution culturelle temporaire<\/p>\n<p>Quarante ans plus tard, alors que Bruce Springsteen poursuit sa carri\u00e8re en se produisant actuellement \u00e0 Lille et Marseille, le souvenir de cette nuit st\u00e9phanoise reste vivace. Elle symbolise cette capacit\u00e9 du rock \u00e0 transcender les fronti\u00e8res et \u00e0 transformer n\u2019importe quel lieu en espace de communion collective.<\/p>\n<p>Cette m\u00e9tamorphose temporaire du temple du football en cath\u00e9drale du rock prouve que la musique poss\u00e8de ce pouvoir unique de r\u00e9inventer les espaces et de cr\u00e9er des souvenirs ind\u00e9l\u00e9biles. Le Boss avait r\u00e9ussi son pari : faire de Geoffroy-Guichard, l\u2019espace d\u2019une nuit, le Madison Square Garden de la Loire.<\/p>\n","protected":false},"excerpt":{"rendered":"Il y a quarante ans jour pour jour, l\u2019impensable se produisait dans l\u2019antre des Verts. L\u2019herbe sacr\u00e9e de&hellip;\n","protected":false},"author":2,"featured_media":155784,"comment_status":"","ping_status":"","sticky":false,"template":"","format":"standard","meta":{"footnotes":""},"categories":[9653],"tags":[1111,11,461,2430,23078,1697,1777,674,1011,27,3367,12,25,4001,9841],"class_list":{"0":"post-155783","1":"post","2":"type-post","3":"status-publish","4":"format-standard","5":"has-post-thumbnail","7":"category-saint-etienne","8":"tag-actu","9":"tag-actualites","10":"tag-asse","11":"tag-auvergne-rhone-alpes","12":"tag-bruce-springsteen","13":"tag-concert","14":"tag-eu","15":"tag-europe","16":"tag-fr","17":"tag-france","18":"tag-loire","19":"tag-news","20":"tag-republique-francaise","21":"tag-saint-etienne","22":"tag-stade-geoffroy-guichard"},"share_on_mastodon":{"url":"https:\/\/pubeurope.com\/@fr\/114634885976494677","error":""},"_links":{"self":[{"href":"https:\/\/www.europesays.com\/fr\/wp-json\/wp\/v2\/posts\/155783","targetHints":{"allow":["GET"]}}],"collection":[{"href":"https:\/\/www.europesays.com\/fr\/wp-json\/wp\/v2\/posts"}],"about":[{"href":"https:\/\/www.europesays.com\/fr\/wp-json\/wp\/v2\/types\/post"}],"author":[{"embeddable":true,"href":"https:\/\/www.europesays.com\/fr\/wp-json\/wp\/v2\/users\/2"}],"replies":[{"embeddable":true,"href":"https:\/\/www.europesays.com\/fr\/wp-json\/wp\/v2\/comments?post=155783"}],"version-history":[{"count":0,"href":"https:\/\/www.europesays.com\/fr\/wp-json\/wp\/v2\/posts\/155783\/revisions"}],"wp:featuredmedia":[{"embeddable":true,"href":"https:\/\/www.europesays.com\/fr\/wp-json\/wp\/v2\/media\/155784"}],"wp:attachment":[{"href":"https:\/\/www.europesays.com\/fr\/wp-json\/wp\/v2\/media?parent=155783"}],"wp:term":[{"taxonomy":"category","embeddable":true,"href":"https:\/\/www.europesays.com\/fr\/wp-json\/wp\/v2\/categories?post=155783"},{"taxonomy":"post_tag","embeddable":true,"href":"https:\/\/www.europesays.com\/fr\/wp-json\/wp\/v2\/tags?post=155783"}],"curies":[{"name":"wp","href":"https:\/\/api.w.org\/{rel}","templated":true}]}}