{"id":155799,"date":"2025-06-06T06:05:11","date_gmt":"2025-06-06T06:05:11","guid":{"rendered":"https:\/\/www.europesays.com\/fr\/155799\/"},"modified":"2025-06-06T06:05:11","modified_gmt":"2025-06-06T06:05:11","slug":"un-espace-paysager-trois-en-un-chez-flaubert","status":"publish","type":"post","link":"https:\/\/www.europesays.com\/fr\/155799\/","title":{"rendered":"un espace paysager trois-en-un chez Flaubert"},"content":{"rendered":"<p>\nApr\u00e8s vingt-deux mois de travaux, le parc-canal Camille-Claudel a \u00e9t\u00e9 officiellement inaugur\u00e9 fin avril dans l&rsquo;\u00e9coquartier Flaubert, en d\u00e9veloppement \u00e0 Rouen (<a title=\"\" href=\"https:\/\/www.lemoniteur.fr\/seine-maritime\/\" rel=\"nofollow noopener\" target=\"\" class=\"lien-contextuel\">Seine-Maritime<\/a>). Environ 15 M\u20ac TTC ont \u00e9t\u00e9 investis pour cr\u00e9er ces 7 ha d&rsquo;espaces paysagers. L&rsquo;ensemble se d\u00e9ploie autour de trois bassins en eau d&rsquo;une surface totale de 1,6 ha, perpendiculaires \u00e0 la Seine. Cette conception permet de combiner trois usages en un seul espace : le loisir, la pr\u00e9servation de la biodiversit\u00e9 ainsi que la gestion des eaux pluviales et des crues du fleuve.<\/p>\n<p>90 ha de friches \u00e0 valoriser<\/p>\n<p>\nLe projet port\u00e9 par Rouen Normandie Am\u00e9nagement a \u00e9t\u00e9 con\u00e7u par l&rsquo;Atelier Jacqueline Osty et associ\u00e9s, avec les bureaux d&rsquo;\u00e9tudes Attica, Egis et Concepto. Neuf entreprises ont assur\u00e9 l&rsquo;essentiel des travaux : Tinel, Eiffage G\u00e9nie civil, Proterra, Colas, <a title=\"L&#039;actualit\u00e9 BTP sur l&#039;entreprise Bouygues\" href=\"https:\/\/www.lemoniteur.fr\/bouygues\/\" rel=\"nofollow noopener\" target=\"\" class=\"lien-contextuel\">Bouygues<\/a> Energies &amp; Services, Marcanterra, Eiffage Route, ID Verde et Vallois. A terme, le quartier accueillera, sur 90 ha d&rsquo;anciens terrains industriels, 2 500 logements, 250 000 m\u00b2 de bureaux et 40 000 m\u00b2 d&rsquo;\u00e9quipements publics et de commerces.<\/p>\n<p class=\"editoTitleType1 editoTitleType1--lagoon is-uppercase\">S\u00e9lectionn\u00e9 <b>pour vous<\/b><\/p>\n<p><a class=\"editoCardType21__link editoCardType21__containerImage\" href=\"https:\/\/www.lemoniteur.fr\/article\/l-hydronomie-une-voie-pour-preserver-la-ressource-hydrique.2346375\" data-xiti-name=\"2346375\" rel=\"nofollow noopener\" target=\"_blank\"><br \/>\n<img decoding=\"async\" src=\"data:image\/gif;base64,R0lGODdhAQABAPAAAMPDwwAAACwAAAAAAQABAAACAkQBADs=\" data-original=\"\/mediatheque\/9\/0\/5\/002435509_256x170_c.png\" alt=\"L\u2019hydronomie, une voie pour pr\u00e9server la ressource hydrique\"\/><br \/>\n<\/a><\/p>\n","protected":false},"excerpt":{"rendered":"Apr\u00e8s vingt-deux mois de travaux, le parc-canal Camille-Claudel a \u00e9t\u00e9 officiellement inaugur\u00e9 fin avril dans l&rsquo;\u00e9coquartier Flaubert, en&hellip;\n","protected":false},"author":2,"featured_media":155800,"comment_status":"","ping_status":"","sticky":false,"template":"","format":"standard","meta":{"footnotes":""},"categories":[9587],"tags":[1111,11,1350,1130,1777,674,1011,27,8071,12,5161,19470,19469,25,9590,5163],"class_list":{"0":"post-155799","1":"post","2":"type-post","3":"status-publish","4":"format-standard","5":"has-post-thumbnail","7":"category-rouen","8":"tag-actu","9":"tag-actualites","10":"tag-architecture","11":"tag-biodiversite","12":"tag-eu","13":"tag-europe","14":"tag-fr","15":"tag-france","16":"tag-hauts-de-france-et-nor","17":"tag-news","18":"tag-normandie","19":"tag-paysage","20":"tag-realisations","21":"tag-republique-francaise","22":"tag-rouen","23":"tag-seine-maritime"},"share_on_mastodon":{"url":"https:\/\/pubeurope.com\/@fr\/114634917519946659","error":""},"_links":{"self":[{"href":"https:\/\/www.europesays.com\/fr\/wp-json\/wp\/v2\/posts\/155799","targetHints":{"allow":["GET"]}}],"collection":[{"href":"https:\/\/www.europesays.com\/fr\/wp-json\/wp\/v2\/posts"}],"about":[{"href":"https:\/\/www.europesays.com\/fr\/wp-json\/wp\/v2\/types\/post"}],"author":[{"embeddable":true,"href":"https:\/\/www.europesays.com\/fr\/wp-json\/wp\/v2\/users\/2"}],"replies":[{"embeddable":true,"href":"https:\/\/www.europesays.com\/fr\/wp-json\/wp\/v2\/comments?post=155799"}],"version-history":[{"count":0,"href":"https:\/\/www.europesays.com\/fr\/wp-json\/wp\/v2\/posts\/155799\/revisions"}],"wp:featuredmedia":[{"embeddable":true,"href":"https:\/\/www.europesays.com\/fr\/wp-json\/wp\/v2\/media\/155800"}],"wp:attachment":[{"href":"https:\/\/www.europesays.com\/fr\/wp-json\/wp\/v2\/media?parent=155799"}],"wp:term":[{"taxonomy":"category","embeddable":true,"href":"https:\/\/www.europesays.com\/fr\/wp-json\/wp\/v2\/categories?post=155799"},{"taxonomy":"post_tag","embeddable":true,"href":"https:\/\/www.europesays.com\/fr\/wp-json\/wp\/v2\/tags?post=155799"}],"curies":[{"name":"wp","href":"https:\/\/api.w.org\/{rel}","templated":true}]}}