{"id":155801,"date":"2025-06-06T06:06:10","date_gmt":"2025-06-06T06:06:10","guid":{"rendered":"https:\/\/www.europesays.com\/fr\/155801\/"},"modified":"2025-06-06T06:06:10","modified_gmt":"2025-06-06T06:06:10","slug":"pres-dyvetot-pour-une-mysterieuse-dette-de-500-euros-lexpedition-punitive-traumatise-toute-une-famille","status":"publish","type":"post","link":"https:\/\/www.europesays.com\/fr\/155801\/","title":{"rendered":"Pr\u00e8s d&rsquo;Yvetot. Pour une myst\u00e9rieuse dette de 500 euros, \u00ab\u00a0l&rsquo;exp\u00e9dition punitive\u00a0\u00bb traumatise toute une famille"},"content":{"rendered":"<p>            Par<br \/>\n        <strong><br \/>\n            <a href=\"https:\/\/actu.fr\/auteur\/adrien-filoche\" title=\"Consulter tous les articles de Adrien Filoche\" rel=\"nofollow noopener\" target=\"_blank\">Adrien Filoche<\/a><br \/>\n        <\/strong><\/p>\n<p>        Publi\u00e9 le<\/p>\n<p>            6 juin 2025 \u00e0 7h58        <\/p>\n<p><strong>Une nuit cauchemardesque.<\/strong> Quatre hommes \u00e2g\u00e9s entre 20 et 37\u00a0ans ont \u00e9t\u00e9 convoqu\u00e9s devant le <a href=\"https:\/\/actu.fr\/tag\/tribunal-de-rouen\" rel=\"nofollow noopener\" target=\"_blank\">tribunal de Rouen<\/a> ce jeudi 5 juin 2025. Il leur est reproch\u00e9 de s\u2019\u00eatre rendus cagoul\u00e9s, dans la nuit du 12 au 13 avril 2025, au domicile d\u2019une famille \u00e0 <a href=\"https:\/\/actu.fr\/normandie\/sainte-marie-des-champs_76610\" rel=\"nofollow noopener\" target=\"_blank\">Sainte-Marie-des-Champs (Seine-Maritime)<\/a>, pr\u00e8s d\u2019Yvetot et d\u2019y avoir <strong>commis des violences<\/strong>. Dans ce dossier, complexe, qui se perd dans les divergences de version entre les quatre pr\u00e9venus, il est question d\u2019une <strong>myst\u00e9rieuse dette de 500\u00a0euros.<\/strong><\/p>\n<p>Un couteau sous la gorge<\/p>\n<p class=\" wall-content\">Retour sur les faits. Il est 3 heures 30 du matin cette nuit-l\u00e0. Sam*, son compagnon Thibault* et son fr\u00e8re Matthieu sont r\u00e9veill\u00e9s en pleine nuit par <strong>des cris et des jets de pierre<\/strong>. Quatre hommes se pr\u00e9sentent devant le domicile. Ils sont alcoolis\u00e9s. J\u00e9r\u00f4me*, le plus \u00e2g\u00e9 et d\u00e9j\u00e0 condamn\u00e9 \u00e0 de la prison dans le pass\u00e9, explique qu\u2019il s\u2019est rendu sur place afin de r\u00e9cup\u00e9rer une dette de 500 euros que lui doit Thibault, \u00e0 la suite de l\u2019achat d\u2019un v\u00e9hicule. Il demande \u00e0 s\u2019expliquer avec lui.<\/p>\n<p class=\" wall-content\">Sans succ\u00e8s. Les quatre individus \u00e9m\u00e9ch\u00e9s repartent. Dans une premi\u00e8re version, ils seraient \u00e0 pied, dans une deuxi\u00e8me, ils seraient en voiture. Finalement, ils reviennent sur les lieux quelques instants plus tard. Cette fois-ci, les parents de Sam et Matthieu sont arriv\u00e9s sur place.<\/p>\n<p class=\" wall-content\">S\u2019en suit des violences, <strong>des coups port\u00e9s \u00e0 l\u2019encontre du p\u00e8re et de la m\u00e8re.<\/strong> Les victimes racontent que les agresseurs ont voulu pendant un temps voler un v\u00e9hicule, avant de se raviser. Matthieu, lui, est plaqu\u00e9 sur le sol, un couteau sur la gorge. L\u2019un des individus finit par attraper son t\u00e9l\u00e9phone. Il repartira avec, comme gage de la dette toujours non rembours\u00e9e.<\/p>\n<p class=\" wall-content\">Dans une situation confuse et apr\u00e8s la sc\u00e8ne de violence, les quatre individus repartent. Ils seront interpell\u00e9s le lendemain matin par les gendarmes, plusieurs ont \u00e9t\u00e9 reconnus par la famille.<\/p>\n<p>Le point de d\u00e9part\u2009: une soir\u00e9e alcoolis\u00e9e<\/p>\n<p class=\" wall-content\">\u00c0 la barre, Bastien*, l\u2019un des pr\u00e9venus, raconte\u2009: \u00ab\u2009On \u00e9tait en pleine soir\u00e9e. On a bu des verres de trop. J\u2019\u00e9tais au courant de l\u2019histoire de dette. Je ne voulais pas laisser J\u00e9r\u00f4me* tout seul. On y est all\u00e9 sur un coup de t\u00eate.\u2009\u00bb<\/p>\n<p class=\" wall-content\">Kevin*, le plus jeune des quatre, relate que Bastien \u00e9tait \u00e0 l\u2019initiative de l\u2019<strong>exp\u00e9dition punitive\u2009<\/strong>: \u00ab\u2009J\u2019ai suivi mon pote.\u2009\u00bb Les deux ne cachent pas que l\u2019objectif de cette sortie \u00e9tait de s\u2019en prendre \u00e0 Thibault.<\/p>\n<p class=\" wall-content\">\u00ab\u2009On est juste parti pour le tabasser\u2009\u00bb, confie sans sourciller Kevin, qui indique toutefois n\u2019avoir pas connaissance de l\u2019histoire de dette. Il reconna\u00eet \u00e9galement avoir essay\u00e9 de mettre \u00ab\u2009une balayette\u2009\u00bb au p\u00e8re de Sam et de Matthieu.<\/p>\n<blockquote class=\"ac-article-quote wall-content\">\n<p>C&rsquo;est parti en vrille.<\/p>\n<p>    <strong>Bastien, <\/strong><br \/>\n        l&rsquo;un des pr\u00e9venus.    <\/p><\/blockquote>\n<p class=\" wall-content\">Interrog\u00e9, Adrien* maintient ses d\u00e9clarations et soutient qu\u2019il n\u2019\u00e9tait pas pr\u00e9sent lors de cette exp\u00e9dition punitive. \u00ab\u2009Mais pourquoi les trois autres indiquent que vous \u00e9tiez pr\u00e9sent lors des faits\u2009?\u2009\u00bb, questionne le pr\u00e9sident. \u00ab\u2009C\u2019\u00e9tait pour mettre les choses sur moi\u2009\u00bb, r\u00e9pond le pr\u00e9venu, d\u00e9j\u00e0 condamn\u00e9 \u00e0 de multiples reprises pour des d\u00e9lits routiers.<\/p>\n<p class=\" wall-content\">J\u00e9r\u00f4me, qui r\u00e9fute les intentions de violences, reconna\u00eet avoir eu l\u2019id\u00e9e de se rendre l\u00e0-bas. Aucun des quatre mis en cause ne reconna\u00eet l\u2019utilisation d\u2019un couteau. Pourtant, le m\u00e9decin qui examine Matthieu le lendemain confirme que celui-ci \u00e0 bien des traces de couteau sous la gorge. Le sp\u00e9cialiste lui donne quatre jours d\u2019ITT, et deux pour son p\u00e8re et sa m\u00e8re. Rest\u00e9s \u00e0 l\u2019int\u00e9rieur du domicile, Sam et Thibault n\u2019ont pas \u00e9t\u00e9 violent\u00e9s.<\/p>\n<p class=\" wall-content\">Entendus par les forces de l\u2019ordre, trois des pr\u00e9venus reconnaissent l\u2019essentiel de faits, m\u00eame si les versions ne concordent pas en tout point. Seul Adrien, lui, conteste fermement avoir particip\u00e9 \u00e0 cette exp\u00e9dition punitive.<\/p>\n<p>La famille est traumatis\u00e9e<\/p>\n<p class=\" wall-content\">\u00ab\u2009Il y avait autre chose \u00e0 faire que la violence\u2009\u00bb, t\u00e9moigne Sandra, la m\u00e8re \u00e0 la barre, qui a re\u00e7u des coups au torse lors de la rixe. Traumatis\u00e9e par les \u00e9v\u00e8nements, elle indique encore en faire des cauchemars. Matthieu, lui aussi, raconte vivre lui aussi dans la peur depuis cette nuit.<\/p>\n<p class=\" wall-content\">Lors de sa prise de parole, l\u2019avocate de la famille se dit \u00ab\u2009surprise\u2009\u00bb des quatre discours des pr\u00e9venus et estime qu\u2019ils \u00ab\u2009n\u2019assument pas les faits, ils ne sont pas convaincants\u2009\u00bb. Pour ses clients, elle r\u00e9clame des sommes de dommages et int\u00e9r\u00eats allant de 500 \u00e0 2400 euros, ainsi que le remboursement de mobiliers de jardin, d\u00e9truits lors de la sc\u00e8ne.<\/p>\n<p class=\" wall-content\">\u00c0 son tour, le procureur de la r\u00e9publique \u00e9voque une \u00ab\u2009affligeante exp\u00e9dition punitive\u2009\u00bb et soutient que \u00ab\u2009les diff\u00e9rences de version ne changent rien sur le plan juridique\u2009\u00bb. Le minist\u00e8re public r\u00e9clame la condamnation des quatre individus, la peine la plus lourde \u00e9tant de 30 mois de prison assortis pour la moiti\u00e9 d\u2019un sursis probatoire d\u2019une dur\u00e9e de deux ans pour J\u00e9r\u00f4me, d\u00e9j\u00e0 multiple condamn\u00e9 et \u00ab\u2009le seul avec un r\u00e9el mobile\u2009\u00bb.<\/p>\n<p class=\" wall-content\">Les conseils des trois pr\u00e9venus J\u00e9r\u00f4me, Kevin et Bastien soutiennent que leurs clients sont d\u00e9sol\u00e9s de la sc\u00e8ne qui s\u2019est d\u00e9roul\u00e9e ce soir-l\u00e0, soulignent qu\u2019ils reconnaissent et assument les faits, mais nient l\u2019utilisation d\u2019un couteau. Quant \u00e0 l\u2019avocate d\u2019Adrien, elle plaide la relaxe et affirme qu\u2019il \u00ab\u2009n\u2019y a pas suffisamment d\u2019\u00e9l\u00e9ments dans le dossier pour le condamner\u2009\u00bb, sa participation \u00e0 l\u2019exp\u00e9dition punitive n\u2019\u00e9tant selon elle pas av\u00e9r\u00e9e.<\/p>\n<p class=\" wall-content\">Le tribunal doit rendre prochainement son d\u00e9lib\u00e9r\u00e9 et fixer la peine** des pr\u00e9venus.<\/p>\n<p class=\" wall-content\">*pr\u00e9noms d\u2019emprunt<\/p>\n<p class=\" wall-content\">**Ces peines sont susceptibles d\u2019appel. Tout justiciable demeure pr\u00e9sum\u00e9 innocent tant que toutes les voies de recours n\u2019ont pas \u00e9t\u00e9 \u00e9puis\u00e9es<\/p>\n<p>Suivez l\u2019actualit\u00e9 de Rouen sur <a href=\"https:\/\/www.whatsapp.com\/channel\/0029VaKfnf99hXF2ddApFB1D\" rel=\"nofollow noopener\" target=\"_blank\">notre cha\u00eene WhatsApp<\/a> et sur <a href=\"https:\/\/www.tiktok.com\/@76actu.fr?lang=fr\" rel=\"nofollow noopener\" target=\"_blank\">notre compte TikTok<\/a><\/p>\n<p class=\" wall-content\">Suivez toute l\u2019actualit\u00e9 de vos villes et m\u00e9dias favoris en vous inscrivant \u00e0 <a href=\"https:\/\/moncompte.actu.fr\" title=\"D\u00e9couvez Mon Actu\" rel=\"nofollow noopener\" data-trk=\"{&quot;cta&quot;:{&quot;action&quot;:&quot;https:\\\/\\\/moncompte.actu.fr&quot;,&quot;category&quot;:&quot;mon compte&quot;,&quot;from&quot;:&quot;article footer&quot;,&quot;name&quot;:&quot;Mon actu&quot;,&quot;type&quot;:&quot;cta&quot;}}\" target=\"_blank\">Mon Actu<\/a>.<\/p>\n<ul class=\"ac-article-tag wall-content\">\n<li><a href=\"https:\/\/actu.fr\/tag\/justice\" data-trk=\"{&quot;cta&quot;:{&quot;action&quot;:&quot;Justice&quot;,&quot;category&quot;:&quot;tag&quot;,&quot;from&quot;:&quot;article footer&quot;,&quot;name&quot;:&quot;Justice&quot;,&quot;type&quot;:&quot;cta&quot;}}\" rel=\"nofollow noopener\" target=\"_blank\">#Justice<\/a><\/li>\n<li><a href=\"https:\/\/actu.fr\/tag\/tribunal-de-rouen\" data-trk=\"{&quot;cta&quot;:{&quot;action&quot;:&quot;Tribunal de Rouen&quot;,&quot;category&quot;:&quot;tag&quot;,&quot;from&quot;:&quot;article footer&quot;,&quot;name&quot;:&quot;Tribunal de Rouen&quot;,&quot;type&quot;:&quot;cta&quot;}}\" rel=\"nofollow noopener\" target=\"_blank\">#Tribunal de Rouen<\/a><\/li>\n<\/ul>\n<p>                    <script async src=\"\/\/www.tiktok.com\/embed.js\"><\/script><\/p>\n","protected":false},"excerpt":{"rendered":"Par Adrien Filoche Publi\u00e9 le 6 juin 2025 \u00e0 7h58 Une nuit cauchemardesque. Quatre hommes \u00e2g\u00e9s entre 20&hellip;\n","protected":false},"author":2,"featured_media":155802,"comment_status":"","ping_status":"","sticky":false,"template":"","format":"standard","meta":{"footnotes":""},"categories":[9587],"tags":[1111,11,1777,674,118,1011,27,303,12,5161,25,9590,13682],"class_list":{"0":"post-155801","1":"post","2":"type-post","3":"status-publish","4":"format-standard","5":"has-post-thumbnail","7":"category-rouen","8":"tag-actu","9":"tag-actualites","10":"tag-eu","11":"tag-europe","12":"tag-faits-divers","13":"tag-fr","14":"tag-france","15":"tag-justice","16":"tag-news","17":"tag-normandie","18":"tag-republique-francaise","19":"tag-rouen","20":"tag-tribunal-de-rouen"},"share_on_mastodon":{"url":"https:\/\/pubeurope.com\/@fr\/114634921332808911","error":""},"_links":{"self":[{"href":"https:\/\/www.europesays.com\/fr\/wp-json\/wp\/v2\/posts\/155801","targetHints":{"allow":["GET"]}}],"collection":[{"href":"https:\/\/www.europesays.com\/fr\/wp-json\/wp\/v2\/posts"}],"about":[{"href":"https:\/\/www.europesays.com\/fr\/wp-json\/wp\/v2\/types\/post"}],"author":[{"embeddable":true,"href":"https:\/\/www.europesays.com\/fr\/wp-json\/wp\/v2\/users\/2"}],"replies":[{"embeddable":true,"href":"https:\/\/www.europesays.com\/fr\/wp-json\/wp\/v2\/comments?post=155801"}],"version-history":[{"count":0,"href":"https:\/\/www.europesays.com\/fr\/wp-json\/wp\/v2\/posts\/155801\/revisions"}],"wp:featuredmedia":[{"embeddable":true,"href":"https:\/\/www.europesays.com\/fr\/wp-json\/wp\/v2\/media\/155802"}],"wp:attachment":[{"href":"https:\/\/www.europesays.com\/fr\/wp-json\/wp\/v2\/media?parent=155801"}],"wp:term":[{"taxonomy":"category","embeddable":true,"href":"https:\/\/www.europesays.com\/fr\/wp-json\/wp\/v2\/categories?post=155801"},{"taxonomy":"post_tag","embeddable":true,"href":"https:\/\/www.europesays.com\/fr\/wp-json\/wp\/v2\/tags?post=155801"}],"curies":[{"name":"wp","href":"https:\/\/api.w.org\/{rel}","templated":true}]}}