{"id":155810,"date":"2025-06-06T06:11:17","date_gmt":"2025-06-06T06:11:17","guid":{"rendered":"https:\/\/www.europesays.com\/fr\/155810\/"},"modified":"2025-06-06T06:11:17","modified_gmt":"2025-06-06T06:11:17","slug":"toute-lactu-top-music-strasbourg-accueille-le-concours-des-meilleurs-apprentis-de-france","status":"publish","type":"post","link":"https:\/\/www.europesays.com\/fr\/155810\/","title":{"rendered":"Toute l&rsquo;actu Top Music &#8211; Strasbourg accueille le concours des Meilleurs apprentis de France"},"content":{"rendered":"<p><img decoding=\"async\" class=\"\" style=\"width:100%\" src=\"https:\/\/www.europesays.com\/fr\/wp-content\/uploads\/2025\/06\/Capture_d_e_cran_2025_06_04_a__12_13_321749040656752.webp.webp\" alt=\"Le jury est compos\u00e9 de 350 artisans pour corriger les r\u00e9alisations des apprentis\"\/><\/p>\n<p>Le jury est compos\u00e9 de 350 artisans pour corriger les r\u00e9alisations des apprentis<\/p>\n<p>Cr\u00e9dit : DR<\/p>\n<p>Ils sont 7 000 jeunes, des <a href=\"https:\/\/www.topmusic.fr\/les-apprentis-se-mettent-en-scene\" rel=\"noopener nofollow\" target=\"_blank\">apprentis<\/a> en CAP,<strong> entre 16 et 21 ans,<\/strong> \u00e0 candidater chaque ann\u00e9e au concours national des Meilleurs apprentis de France, dans 120 m\u00e9tiers diff\u00e9rents. La s\u00e9lection est rude et une fois par an a lieu la finale nationale pour 10% d\u2019entre eux : cette ann\u00e9e c\u2019est Strasbourg qui l\u2019accueille du 26 au 29 juin, au Parc des expositions. Le concours des MAF (meilleurs apprentis de France) f\u00eatera d\u2019ailleurs son 40\u00e8me anniversaire dans la capitale alsacienne. Pour Jean Ledermann, \u00e9b\u00e9niste, lui-m\u00eame Meilleur ouvrier de France et l\u2019un des organisateurs, ce concours permet <strong>\u00ab de faire grandir, techniquement et humainement, plus rapidement dans son m\u00e9tier \u00bb.\u00a0<\/strong><\/p>\n<p><strong>Des oeuvres expos\u00e9es<\/strong><\/p>\n<p>Au Parc des expositions de Strasbourg seront pr\u00e9sent\u00e9es 700 oeuvres. Jean Ledermann explique : \u00ab Pour faire une oeuvre, ce sont <strong>des heures et des heures de travail<\/strong>, pendant un an, sur le temps libre. C\u2019est aussi <strong>un investissement financier<\/strong>, d\u2019o\u00f9 l\u2019importance d\u2019\u00eatre \u00e9paul\u00e9 par son maitre d\u2019apprentissage ou un CFA.\u00bb Cette ann\u00e9e par exemple, les apprentis en \u00e9b\u00e9nisterie ont d\u00fb r\u00e9aliser une table \u00e0 th\u00e9 marocaine. \u00ab Ce qu\u2019on recherche c\u2019est la technique d\u2019ex\u00e9cution, mais aussi si le candidat a compris le sujet, s\u2019il a fait des recherches, s\u2019il s\u2019est document\u00e9.<strong> C\u2019est aussi un concours de culture g\u00e9n\u00e9rale finalement.<\/strong> On \u00e9veille la curiosit\u00e9 des apprentis. On est constamment entour\u00e9 par l\u2019artisanat \u00bb, pr\u00e9cise Jean Ledermann. Et pour les apprentis ma\u00e7ons, le th\u00e8me cette ann\u00e9e \u00e9tait rattach\u00e9 \u00e0 l\u2019Alsace qui accueille la finale avec la r\u00e9alisation d\u2019un <strong>Kachelofe<\/strong>.<\/p>\n<p><strong>Des finales en live<\/strong><\/p>\n<p>Si certains m\u00e9tiers pr\u00e9sentent des oeuvres d\u00e9j\u00e0 r\u00e9alis\u00e9es, d\u2019autres viendront \u00e0 Strasbourg pour leur grande finale, par exemple les fleuristes, les primeurs, les esth\u00e9ticiennes, les coiffeurs ou encore les arts paysagers. <strong>En parall\u00e8le les MOF vont monter une maison alsacienne dans laquelle vous pourrez mettre la main \u00e0 la p\u00e2te<\/strong> et vous essayer \u00e0 ces m\u00e9tiers de l\u2019artisanat. Jean Ledermann conclut : \u00ab <strong>L\u2019artisanat en Alsace a une importance capitale<\/strong> pour la r\u00e9gion. L\u2019h\u00e9ritage du syst\u00e8me corporatif allemand fait que les artisans ont toujours \u00e9t\u00e9 organis\u00e9s, depuis plus longtemps que dans le reste de la France. Aujourd\u2019hui les corporations ne sont plus obligatoires et c\u2019est dommage.\u00bb<\/p>\n<blockquote>\n<p>On a <strong>700 oeuvres<\/strong> qui sont install\u00e9es au Parc des expositions de Strasbourg, <strong>entre 80 et 90 m\u00e9tiers diff\u00e9rents<\/strong> : des tonneliers, de la verrerie scientifique, des marins-p\u00eacheurs, des sertisseurs en haute joaillerie\u2026 Et \u00e0 c\u00f4t\u00e9 de \u00e7a, on a des m\u00e9tiers beaucoup plus repr\u00e9sent\u00e9s, \u00e0 savoir la ma\u00e7onnerie, la charpente, la couverture, la zinguerie, l\u2019\u00e9lectricit\u00e9, les m\u00e9tiers de l\u2019automobile, de la carrosserie. Il y a beaucoup d\u2019oeuvres qui sont faites bien avant et qui seront <strong>corrig\u00e9es \u00e0 Strasbourg.<\/strong> Apr\u00e8s il va y avoir des finales en live, devant le public. Je pense aux<strong> fleuristes, aux primeurs, aux arts paysagers, aux coiffeurs, aux esth\u00e9ticiennes<\/strong>. Et puis apr\u00e8s, sur le parvis, on a voulu nous &#8211; meilleurs ouvriers de France &#8211; avec d\u2019autres artisans, on va monter une maison alsacienne. Et passer cette maison alsacienne, vous aurez toute une s\u00e9rie d\u2019ateliers, une dizaine, o\u00f9 on aimerait <strong>que tout le monde puisse participer.<\/strong> Vous pourrez tailler des ardoises, souder du zinc, tirer des corniches en staff, ma\u00e7onner des parpaings, tailler la pierre, raboter du bois\u2026 Vous aurez tout un tas de gestes, <strong>pour s\u2019essayer tout simplement.<\/strong><\/p>\n<\/blockquote>\n","protected":false},"excerpt":{"rendered":"Le jury est compos\u00e9 de 350 artisans pour corriger les r\u00e9alisations des apprentis Cr\u00e9dit : DR Ils sont&hellip;\n","protected":false},"author":2,"featured_media":155811,"comment_status":"","ping_status":"","sticky":false,"template":"","format":"standard","meta":{"footnotes":""},"categories":[2820],"tags":[1111,11,2389,28182,3734,6933,1477,646,28620,1777,674,28619,1011,27,775,5980,28617,5762,28618,12,13813,16718,25,640],"class_list":{"0":"post-155810","1":"post","2":"type-post","3":"status-publish","4":"format-standard","5":"has-post-thumbnail","7":"category-strasbourg","8":"tag-actu","9":"tag-actualites","10":"tag-alsace","11":"tag-apprentis","12":"tag-art","13":"tag-artisan","14":"tag-artisanat","15":"tag-automobile","16":"tag-ebeniste","17":"tag-eu","18":"tag-europe","19":"tag-fleuriste","20":"tag-fr","21":"tag-france","22":"tag-grand-est","23":"tag-macon","24":"tag-maf","25":"tag-metiers","26":"tag-mof","27":"tag-news","28":"tag-oeuvres","29":"tag-ouvrier","30":"tag-republique-francaise","31":"tag-strasbourg"},"share_on_mastodon":{"url":"https:\/\/pubeurope.com\/@fr\/114634941088999606","error":""},"_links":{"self":[{"href":"https:\/\/www.europesays.com\/fr\/wp-json\/wp\/v2\/posts\/155810","targetHints":{"allow":["GET"]}}],"collection":[{"href":"https:\/\/www.europesays.com\/fr\/wp-json\/wp\/v2\/posts"}],"about":[{"href":"https:\/\/www.europesays.com\/fr\/wp-json\/wp\/v2\/types\/post"}],"author":[{"embeddable":true,"href":"https:\/\/www.europesays.com\/fr\/wp-json\/wp\/v2\/users\/2"}],"replies":[{"embeddable":true,"href":"https:\/\/www.europesays.com\/fr\/wp-json\/wp\/v2\/comments?post=155810"}],"version-history":[{"count":0,"href":"https:\/\/www.europesays.com\/fr\/wp-json\/wp\/v2\/posts\/155810\/revisions"}],"wp:featuredmedia":[{"embeddable":true,"href":"https:\/\/www.europesays.com\/fr\/wp-json\/wp\/v2\/media\/155811"}],"wp:attachment":[{"href":"https:\/\/www.europesays.com\/fr\/wp-json\/wp\/v2\/media?parent=155810"}],"wp:term":[{"taxonomy":"category","embeddable":true,"href":"https:\/\/www.europesays.com\/fr\/wp-json\/wp\/v2\/categories?post=155810"},{"taxonomy":"post_tag","embeddable":true,"href":"https:\/\/www.europesays.com\/fr\/wp-json\/wp\/v2\/tags?post=155810"}],"curies":[{"name":"wp","href":"https:\/\/api.w.org\/{rel}","templated":true}]}}