{"id":155816,"date":"2025-06-06T06:14:09","date_gmt":"2025-06-06T06:14:09","guid":{"rendered":"https:\/\/www.europesays.com\/fr\/155816\/"},"modified":"2025-06-06T06:14:09","modified_gmt":"2025-06-06T06:14:09","slug":"mais-que-vont-faire-400-maires-et-gouverneurs-locaux-pendant-lunoc-nos-informations-sur-le-sommet-dans-le-sommet","status":"publish","type":"post","link":"https:\/\/www.europesays.com\/fr\/155816\/","title":{"rendered":"Mais que vont faire 400 maires et gouverneurs locaux pendant l&rsquo;Unoc? Nos informations sur le \u00ab\u00a0sommet dans le sommet\u00a0\u00bb"},"content":{"rendered":"<p>Ils sont environ 400 \u00e0 avoir r\u00e9pondu \u00e0 l\u2019appel de leur homologue ni\u00e7ois, Christian Estrosi. Quatre cents maires et gouverneurs qui repr\u00e9sentent plus d\u2019un milliard de Terriens vivant au bord de la mer.<\/p>\n<p>De la Micron\u00e9sie jusqu\u2019aux rivages de M\u00e9diterran\u00e9e en passant par San Francisco, Rio de Janeiro ou Cap Town. Issus des cinq continents, repr\u00e9sentant pr\u00e8s de 80 nationalit\u00e9s diff\u00e9rentes, ces d\u00e9cideurs locaux se sont donn\u00e9 rendez-vous \u00e0 Nice pour d\u00e9fendre l\u2019Oc\u00e9an&#8230; Tous ont accept\u00e9 de partager une charte environnementale exigeante. Ils sont l\u00e0 pour en arr\u00eater les termes lors de la \u00ab\u00a0Coalition pour les villes et r\u00e9gions c\u00f4ti\u00e8res\u00a0\u00bb qui se tient \u00e9galement \u00e0 Nice.\u00a0<\/p>\n<p>C\u2019est le sommet dans le sommet qui se d\u00e9roulera au cours des prochaines 48 heures en amont de l\u2019UNOC. Au programme, des r\u00e9unions de travail&#8230; Mais pas que.<\/p>\n<p>Sur les galets de Castel <\/p>\n<p>Ces d\u00e9cideurs locaux auront aussi droit \u00e0 leur d\u00eener de gala en amont de celui des chefs d\u2019\u00c9tat. Et ce sera sur les galets de Castel Plage o\u00f9 ces 400 maires et gouverneurs sont attendus ce soir \u00e0 partir de 19heures. Pas moins de quatre bus ont \u00e9t\u00e9 mobilis\u00e9s pour les convoyer jusqu\u2019au tapis bleu d\u00e9roul\u00e9 pour l\u2019occasion \u00e0 Rauba Capeu&#8230; \u00ab\u00a0Ainsi qu\u2019une flotte d\u2019une vingtaine de berlines pour les personnalit\u00e9s les plus sensibles\u00a0\u00bb, souffle une source proche de l\u2019organisation.<br \/>&#13;<br \/>\nDe Rio \u00e0 Karachi en passant par les \u00celes Cook&#8230;<\/p>\n<p>Il faut dire qu\u2019il y aura du beau monde. De l\u2019ancien pilier de l\u2019\u00e9quipe de rugby sud-africaine, Edwin Andrews, devenu maire du Cap, \u00e0 l\u2019adjointe \u00e0 l\u2019environnement de la ville de New York, l\u2019ex-procureure Meera Joshy, en passant par le vice-amiral \u00e9gyptien Ahmed Khaled Said pour la ville d\u2019Alexandrie, ou encore le maire de Rio et ses homologues de la Nouvelle-Orl\u00e9ans, de San Francisco, de Carthag\u00e8ne en Colombie, de Kingston en Jama\u00efque, d\u2019Odessa en Ukraine, de Karachi et de Beyrouth ou encore des \u00celes Cook. L\u2019incontournable \u00ab\u00a0serrage de mains\u00a0\u00bb a estim\u00e9 \u00e0 plus d\u2019une heure !<br \/>&#13;<br \/>\nD\u00eener et cocktail aux saveurs tr\u00e8s locales<\/p>\n<p>Il faut dire que la soir\u00e9e est chronom\u00e9tr\u00e9e. Ces convives de marques install\u00e9s sous une tente, type bush australien de 60 m\u00e8tres de long dress\u00e9e pour l\u2019occasion, auront juste le temps d\u2019appr\u00e9cier leur d\u00eener avant le d\u00e9but de spectacle de drones pr\u00e9vu \u00e0 22h30.<\/p>\n<p>Au menu, que du local et de l\u2019\u00e9coresponsable: fleurs de courgettes, saint-pierre de ligne au fenouil, et sorbets d\u2019agrumes de l\u2019arri\u00e8re-pays ni\u00e7ois. Idem pour le cocktail o\u00f9 ces 400 d\u00e9cideurs locaux doivent se retrouver \u00e0 nouveau le lendemain.<\/p>\n<p>Cette fois ce sera sur le rooftop du nouveau centre des congr\u00e8s, quai Infernet. C\u00f4t\u00e9 vins, ce sera du Bellet et du Villars, les deux vignobles maralpins. Cela va de soi&#8230; Et pour ceux qui voudraient siroter leur breuvage \u00e0 la paille, pas question de plastique, le traiteur \u00ab\u00a0Toque du Midi\u00a0\u00bb \u00e9galement mobilis\u00e9 en a confectionn\u00e9 \u00e0 base d\u2019algue nori!<\/p>\n","protected":false},"excerpt":{"rendered":"Ils sont environ 400 \u00e0 avoir r\u00e9pondu \u00e0 l\u2019appel de leur homologue ni\u00e7ois, Christian Estrosi. Quatre cents maires&hellip;\n","protected":false},"author":2,"featured_media":155817,"comment_status":"","ping_status":"","sticky":false,"template":"","format":"standard","meta":{"footnotes":""},"categories":[2819],"tags":[1111,11,1777,674,332,1011,27,12,2401,882,25],"class_list":{"0":"post-155816","1":"post","2":"type-post","3":"status-publish","4":"format-standard","5":"has-post-thumbnail","7":"category-nice","8":"tag-actu","9":"tag-actualites","10":"tag-eu","11":"tag-europe","12":"tag-faits-de-societe","13":"tag-fr","14":"tag-france","15":"tag-news","16":"tag-nice","17":"tag-provence-alpes-cote-dazur","18":"tag-republique-francaise"},"share_on_mastodon":{"url":"https:\/\/pubeurope.com\/@fr\/114634952813362482","error":""},"_links":{"self":[{"href":"https:\/\/www.europesays.com\/fr\/wp-json\/wp\/v2\/posts\/155816","targetHints":{"allow":["GET"]}}],"collection":[{"href":"https:\/\/www.europesays.com\/fr\/wp-json\/wp\/v2\/posts"}],"about":[{"href":"https:\/\/www.europesays.com\/fr\/wp-json\/wp\/v2\/types\/post"}],"author":[{"embeddable":true,"href":"https:\/\/www.europesays.com\/fr\/wp-json\/wp\/v2\/users\/2"}],"replies":[{"embeddable":true,"href":"https:\/\/www.europesays.com\/fr\/wp-json\/wp\/v2\/comments?post=155816"}],"version-history":[{"count":0,"href":"https:\/\/www.europesays.com\/fr\/wp-json\/wp\/v2\/posts\/155816\/revisions"}],"wp:featuredmedia":[{"embeddable":true,"href":"https:\/\/www.europesays.com\/fr\/wp-json\/wp\/v2\/media\/155817"}],"wp:attachment":[{"href":"https:\/\/www.europesays.com\/fr\/wp-json\/wp\/v2\/media?parent=155816"}],"wp:term":[{"taxonomy":"category","embeddable":true,"href":"https:\/\/www.europesays.com\/fr\/wp-json\/wp\/v2\/categories?post=155816"},{"taxonomy":"post_tag","embeddable":true,"href":"https:\/\/www.europesays.com\/fr\/wp-json\/wp\/v2\/tags?post=155816"}],"curies":[{"name":"wp","href":"https:\/\/api.w.org\/{rel}","templated":true}]}}