{"id":155818,"date":"2025-06-06T06:15:17","date_gmt":"2025-06-06T06:15:17","guid":{"rendered":"https:\/\/www.europesays.com\/fr\/155818\/"},"modified":"2025-06-06T06:15:17","modified_gmt":"2025-06-06T06:15:17","slug":"une-vague-de-pluies-pour-le-week-end-de-la-pentecote-a-nantes-avant-larrivee-de-la-chaleur","status":"publish","type":"post","link":"https:\/\/www.europesays.com\/fr\/155818\/","title":{"rendered":"\u00ab\u00a0Une vague de pluies\u00a0\u00bb pour le week-end de la Pentec\u00f4te \u00e0 Nantes, avant l&rsquo;arriv\u00e9e de la chaleur"},"content":{"rendered":"<p>            Par<br \/>\n        <strong><br \/>\n            <a href=\"https:\/\/actu.fr\/auteur\/clemence-pays02-actu-fr\" title=\"Consulter tous les articles de Cl\u00e9mence Pays\" target=\"_blank\" rel=\"noopener\">Cl\u00e9mence Pays<\/a><br \/>\n        <\/strong><\/p>\n<p>        Publi\u00e9 le<\/p>\n<p>            6 juin 2025 \u00e0 7h32        <\/p>\n<p><a href=\"https:\/\/actu.fr\/meteo\/pres-de-100-km-h-un-coup-de-vent-pour-le-week-end-de-la-pentecote-en-france-avant-un-changement-de-temps_62732561.html\" target=\"_blank\" rel=\"noopener\">M\u00e9t\u00e9o France annonce un coup de vent pour le week-end de la Pentec\u00f4te en France<\/a>, avec un retour de la pluie. <a href=\"https:\/\/actu.fr\/nantes\/\" target=\"_blank\" rel=\"noopener\">Nantes<\/a> ne sera pas \u00e9pargn\u00e9e avec <strong>un temps mitig\u00e9 du vendredi\u00a06 au lundi 9\u00a0juin 2025.<\/strong> La m\u00e9t\u00e9o devrait<strong> \u00e0 nouveau changer<\/strong> la semaine prochaine.<\/p>\n<p class=\" wall-content\">La r\u00e9daction fait le point sur <strong>les pr\u00e9visions<\/strong> dans la cit\u00e9 des ducs de Bretagne, avec le m\u00e9t\u00e9orologue et fondateur de <a href=\"https:\/\/www.meteo-nantes.net\/\" target=\"_blank\" rel=\"noopener\">meteo-nantes.net<\/a>, Guillaume S\u00e9chet.<\/p>\n<p>Un courant oc\u00e9anique frais<\/p>\n<p class=\" wall-content\">\u00ab\u2009Jusqu\u2019\u00e0 samedi, il va y avoir <strong>une vague de pluies.<\/strong> Le temps sera <strong>maussade,<\/strong> avec beaucoup de nuages\u2009\u00bb, annonce d\u2019embl\u00e9e le professionnel de la m\u00e9t\u00e9o. La raison\u2009? La r\u00e9gion lig\u00e9rienne va \u00eatre influenc\u00e9e par \u00ab\u2009un courant oc\u00e9anique frais perturb\u00e9\u2009\u00bb.<\/p>\n<p class=\" wall-content\">Ces pr\u00e9cipitations, bien que \u00ab\u2009fr\u00e9quentes, ne seront pas forc\u00e9ment fortes\u2009\u00bb, pr\u00e9cise Guillaume S\u00e9chet, qui rappelle \u00e9galement le contexte de <strong>d\u00e9ficit pluviom\u00e9trique<\/strong> dans lequel se trouve le bassin nantais.<\/p>\n<p class=\" wall-content\">D\u2019apr\u00e8s les pr\u00e9visions de meteo-nantes.net, le vent soufflera \u00e9galement \u00e0 <strong>25\u00a0km\/h en moyenne.<\/strong> Mais des <strong>rafales \u00e0 50\u00a0km\/h<\/strong> sont pr\u00e9vues vendredi et samedi.<\/p>\n<p class=\" wall-content\">C\u00f4t\u00e9 temp\u00e9ratures, vendredi, il fera <strong>entre 14 et 20\u00a0\u00b0C.<\/strong> Samedi, \u00ab\u2009on sera <strong>en dessous des normales<\/strong> de saison. Le mercure aura du mal \u00e0 atteindre les 20\u00a0\u00b0C l\u2019apr\u00e8s-midi\u2009\u00bb, r\u00e9v\u00e8le Guillaume S\u00e9chet.<\/p>\n<p>Vid\u00e9os : en ce moment sur ActuLe retour du beau temps<\/p>\n<p class=\" wall-content\">Dimanche sera une journ\u00e9e \u00ab\u2009de transition\u2009\u00bb avec l\u2019arriv\u00e9e de <strong>l\u2019anticyclone des A\u00e7ores<\/strong> \u00ab\u2009qui \u00e9tend son influence vers la France\u2009\u00bb.<\/p>\n<p class=\" wall-content\">Le dernier jour de la semaine sera marqu\u00e9 par <strong>un ciel nuageux,<\/strong> \u00ab\u2009surtout l\u2019apr\u00e8s-midi\u2009\u00bb.\u00a0Le beau temps devrait se r\u00e9tablir les jours suivants puisque dimanche, le mercure devrait <strong>d\u00e9passer les 20\u00a0\u00b0C<\/strong> pour atteindre les normales de saison (22\u00a0\u00b0C).<\/p>\n<blockquote class=\"ac-article-quote wall-content\">\n<p>\u00c0 partir de lundi, il fera beau, sans pluie, et les temp\u00e9ratures vont remonter.<\/p>\n<p>    <strong>Guillaume S\u00e9chet<\/strong><br \/>\n        M\u00e9t\u00e9orologue    <\/p><\/blockquote>\n<p class=\" wall-content\">\u00ab\u2009Lundi, la journ\u00e9e sera belle avec des temp\u00e9ratures id\u00e9ales. Entre mardi et mercredi, on va aller<strong> vers un temps estival\u2009\u00bb<\/strong> gr\u00e2ce \u00e0 l\u2019air chaud venu du sud qui remonte vers Nantes. Le thermom\u00e8tre pourrait m\u00eame atteindre les<strong> 30\u00a0\u00b0C, mercredi,<\/strong> selon le m\u00e9t\u00e9orologue.<\/p>\n<p class=\" wall-content\">Une situation qui pourrait perdurer jeudi. \u00ab\u2009Mais il y a encore quelques incertitudes et<strong> le temps pourrait d\u00e9j\u00e0 se g\u00e2ter<\/strong> avec des orages\u2009\u00bb, conclut Guillaume S\u00e9chet.<\/p>\n<p class=\" wall-content\">Suivez toute l\u2019actualit\u00e9 de vos villes et m\u00e9dias favoris en vous inscrivant \u00e0 <a href=\"https:\/\/moncompte.actu.fr\" title=\"D\u00e9couvez Mon Actu\" rel=\"nofollow noopener\" data-trk=\"{&quot;cta&quot;:{&quot;action&quot;:&quot;https:\\\/\\\/moncompte.actu.fr&quot;,&quot;category&quot;:&quot;mon compte&quot;,&quot;from&quot;:&quot;article footer&quot;,&quot;name&quot;:&quot;Mon actu&quot;,&quot;type&quot;:&quot;cta&quot;}}\" target=\"_blank\">Mon Actu<\/a>.<\/p>\n","protected":false},"excerpt":{"rendered":"Par Cl\u00e9mence Pays Publi\u00e9 le 6 juin 2025 \u00e0 7h32 M\u00e9t\u00e9o France annonce un coup de vent pour&hellip;\n","protected":false},"author":2,"featured_media":155819,"comment_status":"","ping_status":"","sticky":false,"template":"","format":"standard","meta":{"footnotes":""},"categories":[2818],"tags":[1111,11,1777,674,1011,27,2357,766,12,2636,4459,25,104],"class_list":{"0":"post-155818","1":"post","2":"type-post","3":"status-publish","4":"format-standard","5":"has-post-thumbnail","7":"category-nantes","8":"tag-actu","9":"tag-actualites","10":"tag-eu","11":"tag-europe","12":"tag-fr","13":"tag-france","14":"tag-meteo-france","15":"tag-nantes","16":"tag-news","17":"tag-pays-de-la-loire","18":"tag-pluie","19":"tag-republique-francaise","20":"tag-societe"},"share_on_mastodon":{"url":"https:\/\/pubeurope.com\/@fr\/114634956729651014","error":""},"_links":{"self":[{"href":"https:\/\/www.europesays.com\/fr\/wp-json\/wp\/v2\/posts\/155818","targetHints":{"allow":["GET"]}}],"collection":[{"href":"https:\/\/www.europesays.com\/fr\/wp-json\/wp\/v2\/posts"}],"about":[{"href":"https:\/\/www.europesays.com\/fr\/wp-json\/wp\/v2\/types\/post"}],"author":[{"embeddable":true,"href":"https:\/\/www.europesays.com\/fr\/wp-json\/wp\/v2\/users\/2"}],"replies":[{"embeddable":true,"href":"https:\/\/www.europesays.com\/fr\/wp-json\/wp\/v2\/comments?post=155818"}],"version-history":[{"count":0,"href":"https:\/\/www.europesays.com\/fr\/wp-json\/wp\/v2\/posts\/155818\/revisions"}],"wp:featuredmedia":[{"embeddable":true,"href":"https:\/\/www.europesays.com\/fr\/wp-json\/wp\/v2\/media\/155819"}],"wp:attachment":[{"href":"https:\/\/www.europesays.com\/fr\/wp-json\/wp\/v2\/media?parent=155818"}],"wp:term":[{"taxonomy":"category","embeddable":true,"href":"https:\/\/www.europesays.com\/fr\/wp-json\/wp\/v2\/categories?post=155818"},{"taxonomy":"post_tag","embeddable":true,"href":"https:\/\/www.europesays.com\/fr\/wp-json\/wp\/v2\/tags?post=155818"}],"curies":[{"name":"wp","href":"https:\/\/api.w.org\/{rel}","templated":true}]}}