{"id":155820,"date":"2025-06-06T06:16:41","date_gmt":"2025-06-06T06:16:41","guid":{"rendered":"https:\/\/www.europesays.com\/fr\/155820\/"},"modified":"2025-06-06T06:16:41","modified_gmt":"2025-06-06T06:16:41","slug":"nantes-la-nuit-du-bien-commun-au-coeur-de-bien-des-tensions","status":"publish","type":"post","link":"https:\/\/www.europesays.com\/fr\/155820\/","title":{"rendered":"Nantes : la \u00ab\u00a0Nuit du Bien Commun\u00a0\u00bb au coeur de bien des tensions"},"content":{"rendered":"<p class=\"block date\" id=\"dateEtAuteur\">Publi\u00e9 : 5 juin 2025 \u00e0 16h28 &#8211; Modifi\u00e9 : 5h45 H\u00e9l\u00e8ne  HAMON <\/p>\n<p><img decoding=\"async\" class=\"\" style=\"width:100%\" src=\"https:\/\/www.europesays.com\/fr\/wp-content\/uploads\/2025\/06\/494370432_1136986148465972_6829967049252427259_n1749133375685.jpg\" alt=\"La Nuit du Bien commun\"\/>La Nuit du Bien Commun a lieu ce jeudi soir \u00e0 la Cit\u00e9 des congr\u00e8s \u00e0 Nantes. Ces lev\u00e9es de dons cofond\u00e9es par le milliardaire d&rsquo;extr\u00eame-droite existent depuis huit ans et provoquent la col\u00e8re de plusieurs organisations politiques et syndicales nantaises. Elles appellent \u00e0 la mobilisation contre la tenue de cet \u00e9v\u00e9nement. Entretien avec le co-secr\u00e9taire de la FSU 44. <\/p>\n<p>C&rsquo;est la soir\u00e9e qui cristallise les tensions depuis des semaines \u00e0 Nantes. \u00ab\u00a0La Nuit du Bien Commun\u00a0\u00bb se tient aujourd&rsquo;hui (5 juin), \u00e0 la Cit\u00e9 des congr\u00e8s de Nantes. Un \u00e9v\u00e9nement caritatif, co-cr\u00e9e il y a quelques ann\u00e9es par le controvers\u00e9 milliardaire d&rsquo;extr\u00eame-droite, Pierre-Edouard St\u00e9rin. Plusieurs organisations de gauche et des syndicats se mobilisent depuis plusieurs semaines contre la tenue de cette soir\u00e9e.<\/p>\n<blockquote><p>\nUne manifestation aux abords de la Cit\u00e9\n<\/p><\/blockquote>\n<p><a href=\"https:\/\/www.mesopinions.com\/petition\/politique\/nantes-nuits-bien-commun-auront-lieu\/242142\" rel=\"noopener\" target=\"_blank\">Une p\u00e9tition <\/a>a recueilli plus de 3 400 signatures, et le m\u00e9contentement pourrait se traduire dans la rue, avec des appels \u00e0 manifester, mais le pr\u00e9fet de Loire-Atlantique a d&rsquo;ores et d\u00e9j\u00e0 interdit toute manifestation aux abords de la salle, ce qui est loin de d\u00e9courager le co-secr\u00e9taire de la FSU de Loire Atlantique, Bernard Valin.\u00a0\u00ab\u00a0On va participer \u00e0 un rassemblement \u00e0 17h \u00e0 proximit\u00e9 de la Cit\u00e9 pour distribuer des tracts. On se rend compte que la population m\u00e9conna\u00eet totalement Pierre-Edouard St\u00e9rin et ses id\u00e9es. \u00c0 un moment, on a aussi cette n\u00e9cessit\u00e9 d&rsquo;informer. Cela fait partie de notre responsabilit\u00e9 en tant que syndicat de lutte et de transformation sociale et opposant notoire \u00e0 l&rsquo;extr\u00eame droite. <\/p>\n<p>A18h, il y aura une manifestation que nous n&rsquo;organisons pas, mais dont nous diffusons l&rsquo;information. On ose esp\u00e9rer que des \u00e9lus de la R\u00e9publique ou de mairie ou de conseils territoriaux soient pr\u00e9sents. Il y a eu une tribune sign\u00e9e par des \u00e9lus et des maires de villes dont Johanna Roland.\u00a0\u00bb<\/p>\n<p>Bernard Valin, co-secr\u00e9taire de la FSU en Loire-AtlantiqueBernard Valin, co-secr\u00e9taire de la FSU en Loire-Atlantique <\/p>\n<p>Une \u00e9lue, en revanche, ne fera pas partie du cort\u00e8ge, Christelle Moran\u00e7ais. La pr\u00e9sidente de la r\u00e9gion des Pays de la Loire soutient l\u2019\u00e9v\u00e9nement caritatif, qui sera, selon elle, \u00ab\u00a0un nouveau succ\u00e8s\u00a0\u00bb.<\/p>\n<p> Une aberration pour Bernard Valin qui d\u00e9plore ce soutien. \u00ab\u00a0Ce que Christelle Moran\u00e7ais oublie de dire, c&rsquo;est que des associations qui vont participer \u00e0 la Nuit du Bien Commun ont perdu des subventions cette ann\u00e9e, r\u00e9gionales, d\u00e9partementales ou les subventions d&rsquo;\u00c9tat, et qu&rsquo;elles sont oblig\u00e9es d&rsquo;aller \u00e0 la Nuit du Bien Commun en esp\u00e9rant b\u00e9n\u00e9ficier de la charit\u00e9 patronale pour pouvoir fonctionner.<\/p>\n<blockquote><p>\nUn \u00e9v\u00e8nement soutenu par la Pr\u00e9sidente de r\u00e9gion\n<\/p><\/blockquote>\n<p>Si vous regardez les politiques locaux, c&rsquo;est la seule qui soutient la Nuit du Bien commun et Pierre-Edouard Sterin, qui est un exil\u00e9 fiscal d\u00e9j\u00e0, il faut le savoir, c&rsquo;est quelqu&rsquo;un qui ne paye pas ses imp\u00f4ts en France parce qu&rsquo;il est domicili\u00e9 en Belgique, et c&rsquo;est surtout quelqu&rsquo;un qui se revendique d&rsquo;extr\u00eame droite. <strong>C&rsquo;est surprenant de la part de Mme Moran\u00e7ais de d\u00e9fendre bec et ongles quelqu&rsquo;un qui est d&rsquo;extr\u00eame droite et qui ne le nie pas !\u00a0\u00bb<\/strong><\/p>\n<p>Bernard Valin, co-secr\u00e9taire de la FSU en Loire-AtlantiqueBernard Valin, co-secr\u00e9taire de la FSU en Loire-Atlantique <\/p>\n<p>Christelle Moran\u00e7ais est loin de partager l&rsquo;avis des d\u00e9tracteurs de la soir\u00e9e. \u00ab\u00a0Je suis r\u00e9volt\u00e9e que des groupuscules d\u2019extr\u00eame gauche, ouvertement relay\u00e9s par des \u00e9lus de la R\u00e9publique, menacent physiquement les participants \u00e0 la Nuit du Bien Commun, qui se tient \u00e0 Nantes, et qui a d\u00e9j\u00e0 permis d\u2019aider des dizaines d\u2019associations de proximit\u00e9\u00a0\u00bb, a-t-elle \u00e9crit sur le r\u00e9seau X.<\/p>\n","protected":false},"excerpt":{"rendered":"Publi\u00e9 : 5 juin 2025 \u00e0 16h28 &#8211; Modifi\u00e9 : 5h45 H\u00e9l\u00e8ne HAMON La Nuit du Bien Commun&hellip;\n","protected":false},"author":2,"featured_media":155821,"comment_status":"","ping_status":"","sticky":false,"template":"","format":"standard","meta":{"footnotes":""},"categories":[2818],"tags":[1111,11,1777,674,1011,27,14712,28621,766,12,28118,2636,25],"class_list":{"0":"post-155820","1":"post","2":"type-post","3":"status-publish","4":"format-standard","5":"has-post-thumbnail","7":"category-nantes","8":"tag-actu","9":"tag-actualites","10":"tag-eu","11":"tag-europe","12":"tag-fr","13":"tag-france","14":"tag-fsu","15":"tag-morancais","16":"tag-nantes","17":"tag-news","18":"tag-nuit-du-bien-commun","19":"tag-pays-de-la-loire","20":"tag-republique-francaise"},"share_on_mastodon":{"url":"https:\/\/pubeurope.com\/@fr\/114634960730310035","error":""},"_links":{"self":[{"href":"https:\/\/www.europesays.com\/fr\/wp-json\/wp\/v2\/posts\/155820","targetHints":{"allow":["GET"]}}],"collection":[{"href":"https:\/\/www.europesays.com\/fr\/wp-json\/wp\/v2\/posts"}],"about":[{"href":"https:\/\/www.europesays.com\/fr\/wp-json\/wp\/v2\/types\/post"}],"author":[{"embeddable":true,"href":"https:\/\/www.europesays.com\/fr\/wp-json\/wp\/v2\/users\/2"}],"replies":[{"embeddable":true,"href":"https:\/\/www.europesays.com\/fr\/wp-json\/wp\/v2\/comments?post=155820"}],"version-history":[{"count":0,"href":"https:\/\/www.europesays.com\/fr\/wp-json\/wp\/v2\/posts\/155820\/revisions"}],"wp:featuredmedia":[{"embeddable":true,"href":"https:\/\/www.europesays.com\/fr\/wp-json\/wp\/v2\/media\/155821"}],"wp:attachment":[{"href":"https:\/\/www.europesays.com\/fr\/wp-json\/wp\/v2\/media?parent=155820"}],"wp:term":[{"taxonomy":"category","embeddable":true,"href":"https:\/\/www.europesays.com\/fr\/wp-json\/wp\/v2\/categories?post=155820"},{"taxonomy":"post_tag","embeddable":true,"href":"https:\/\/www.europesays.com\/fr\/wp-json\/wp\/v2\/tags?post=155820"}],"curies":[{"name":"wp","href":"https:\/\/api.w.org\/{rel}","templated":true}]}}