{"id":155828,"date":"2025-06-06T06:20:08","date_gmt":"2025-06-06T06:20:08","guid":{"rendered":"https:\/\/www.europesays.com\/fr\/155828\/"},"modified":"2025-06-06T06:20:08","modified_gmt":"2025-06-06T06:20:08","slug":"un-passage-a-niveau-definitivement-supprime-pres-de-toulouse-et-une-nouvelle-route-en-service","status":"publish","type":"post","link":"https:\/\/www.europesays.com\/fr\/155828\/","title":{"rendered":"un passage \u00e0 niveau d\u00e9finitivement supprim\u00e9 pr\u00e8s de Toulouse et une nouvelle route en service"},"content":{"rendered":"<p>            Par<br \/>\n        <strong><br \/>\n            <a href=\"https:\/\/actu.fr\/auteur\/riaute-mariane\" title=\"Consulter tous les articles de Mariane RIAUTE\" rel=\"nofollow noopener\" target=\"_blank\">Mariane RIAUTE<\/a><br \/>\n        <\/strong><\/p>\n<p>        Publi\u00e9 le<\/p>\n<p>            6 juin 2025 \u00e0 8h16        <\/p>\n<p>Ce passage \u00e0 niveau bien connu des automobilistes, implant\u00e9 sur la ligne ferroviaire reliant <b>Toulouse, Carcassonne et Narbonne<\/b>, sera bient\u00f4t d\u00e9finitivement supprim\u00e9. Le r\u00e9seau SNCF a pr\u00e9vu depuis f\u00e9vrier 2024 de d\u00e9truire cet ouvrage situ\u00e9 sur la RD16 entre les communes de <a href=\"https:\/\/actu.fr\/occitanie\/montlaur_31384\" rel=\"nofollow noopener\" target=\"_blank\">Montlaur<\/a> et <a href=\"https:\/\/actu.fr\/occitanie\/baziege_31048\" rel=\"nofollow noopener\" target=\"_blank\">Bazi\u00e8ge<\/a>, sur le territoire de <a href=\"https:\/\/actu.fr\/occitanie\/montgiscard_31381\" rel=\"nofollow noopener\" target=\"_blank\">Montgiscard<\/a>. Une op\u00e9ration li\u00e9e au projet de <a href=\"https:\/\/actu.fr\/occitanie\/baziege_31048\/zac-du-rivel-les-premieres-entreprises-attendues-fin-2024_59015900.html\" rel=\"nofollow noopener\" target=\"_blank\">la Zac du Rivel<\/a>, qui vient d\u2019\u00eatre autoris\u00e9s par la pr\u00e9fecture de la Haute-Garonne dans un arr\u00eat\u00e9 publi\u00e9 le 22 mai 2025. <b>Des travaux vont donc d\u00e9buter sur cette route d\u00e9partementale \u00e0 partir du lundi 9 juin<\/b>. Et voici ce qui va changer d\u2019ici quelques mois pour les automobilistes du Lauragais empruntant cet itin\u00e9raire <b>pour relier Escalquens, Lab\u00e8ge ou Toulouse<\/b>.<\/p>\n<p>La troisi\u00e8me \u00e9tape d\u2019un chantier long de plusieurs mois<\/p>\n<p class=\" wall-content\">En f\u00e9vrier 2024, <a href=\"https:\/\/actu.fr\/voix-du-midi-lauragais\/\" rel=\"nofollow noopener\" target=\"_blank\">Voix du Midi Lauragais<\/a> mentionnait d\u00e9j\u00e0 ce changement \u00e0 venir en annon\u00e7ant le <a href=\"https:\/\/actu.fr\/occitanie\/montgiscard_31381\/les-travaux-de-suppression-du-passage-a-niveau-de-montgiscard-demarrent-le-pont-arrive-en-novembre_60708503.html\" rel=\"nofollow noopener\" target=\"_blank\">d\u00e9but d\u2019un chantier de plusieurs mois<\/a> qui d\u00e9butait alors, pour s\u2019\u00e9tendre jusqu\u2019\u00e0 ao\u00fbt 2025. Chose promise, chose due, la troisi\u00e8me et derni\u00e8re \u00e9tape des travaux pr\u00e9vus par la SNCF est arriv\u00e9e\u2009: il s\u2019agit de <b>la suppression du passage \u00e0 niveau n\u00b0201<\/b> avec l\u2019abaissement des cat\u00e9naires situ\u00e9s \u00e0 hauteur de celui-ci.<\/p>\n<p class=\" wall-content\">L\u2019op\u00e9ration \u00e9tait d\u00e9j\u00e0 annonc\u00e9e pour juillet 2025. <b>Le calendrier semble donc \u00eatre tenu<\/b>. Jeudi 22 mai, la pr\u00e9fecture de la Haute-Garonne a d\u2019ailleurs autoris\u00e9 la suppression de cet ouvrage.<\/p>\n<p>    <a href=\"https:\/\/maps.google.com\/maps?q=43.47033115664065,1.5862458814795355&amp;z=15&amp;output=embed\" title=\"Ouvrie le lien\" rel=\"nofollow noopener\" target=\"_blank\">Cliquez ici pour visualiser le contenu<\/a><\/p>\n<p>Ex\u00e9cution des travaux<\/p>\n<p class=\" wall-content\">Cet arr\u00eat\u00e9 ne pr\u00e9cise que vaguement les \u00e9tapes \u00e0 venir du chantier\u2009: \u00ab\u2009le secr\u00e9taire g\u00e9n\u00e9ral de la pr\u00e9fecture de la Haute-Garonne, la directrice territoriale de SNCF R\u00e9seau Occitanie et le maire de la commune de Montgiscard sont charg\u00e9s, chacun en ce qui le concerne, de l\u2019ex\u00e9cution du pr\u00e9sent arr\u00eat\u00e9\u2009\u00bb, signale-t-il.<\/p>\n<p class=\" wall-content\">L\u2019un des principaux concern\u00e9s, donc, <b>Laurent Forest<\/b>, maire de Montgiscard, d\u00e9crit quant \u00e0 lui un chantier en bonne voie\u2009: \u00ab\u2009Si tout va bien, <b>les travaux vont avoir lieu pendant l\u2019\u00e9t\u00e9, pour juillet ou ao\u00fbt<\/b>, mais je ne veux pas non plus trop m\u2019avancer.\u2009\u00bb<\/p>\n<p>Les automobilistes emprunteront une nouvelle route<\/p>\n<p class=\" wall-content\">\u00ab\u2009Sans ce passage \u00e0 niveau, comment va-t-on traverser la voie ferr\u00e9e\u2009?\u2009\u00bb, s\u2019interrogent certains automobilistes, dont les habitu\u00e9s empruntant quotidiennement cette d\u00e9partementale depuis les villages du Lauragais <b>pour relier Lab\u00e8ge ou Toulouse<\/b>.<\/p>\n<p class=\" wall-content\">Selon la SNCF, la d\u00e9viation de la d\u00e9partementale doit relier le secteur du passage \u00e0 niveau au reste de la RD16, par une nouvelle route qui y sera connect\u00e9e plus \u00e0 l\u2019ouest.<b> Cette voie passera au-dessus de la voie ferr\u00e9e gr\u00e2ce \u00e0 un nouveau pont-route<\/b> \u2013 dont la mise en service devrait avoir lieu en juillet \u00e9galement, selon les propos de SPL Enova en f\u00e9vrier 2024. <b>Cette nouvelle route rejoindra le rond-point reliant la RD16 et la RD24<\/b>.<\/p>\n<p class=\" wall-content\">\u00c0 noter que l\u2019ancienne partie de la RD16, sur laquelle roulent actuellement les automobilistes, deviendra \u00ab\u2009<b>une route interne de la Zac<\/b>\u2009\u00bb, avait pr\u00e9cis\u00e9 SPL Enova \u00e0 Voix Du Midi Lauragais.<\/p>\n<p>Travaux en cours<\/p>\n<p class=\" wall-content\"><b>Du lundi 9 au vendredi 20 juin<\/b>, des travaux auront d\u2019ailleurs lieu pour <b>raccorder la nouvelle RD16 et s\u00e9curiser la suppression du passage \u00e0 niveau<\/b>.<\/p>\n<p class=\" wall-content\">Pendant toute la dur\u00e9e du chantier, la route sera barr\u00e9e, avec <b>une d\u00e9viation mise en place via les D31, D813 et D24<\/b>.<\/p>\n<p class=\" wall-content\">Suivez toute l\u2019actualit\u00e9 de vos villes et m\u00e9dias favoris en vous inscrivant \u00e0 <a href=\"https:\/\/moncompte.actu.fr\" title=\"D\u00e9couvez Mon Actu\" rel=\"nofollow noopener\" data-trk=\"{&quot;cta&quot;:{&quot;action&quot;:&quot;https:\\\/\\\/moncompte.actu.fr&quot;,&quot;category&quot;:&quot;mon compte&quot;,&quot;from&quot;:&quot;article footer&quot;,&quot;name&quot;:&quot;Mon actu&quot;,&quot;type&quot;:&quot;cta&quot;}}\" target=\"_blank\">Mon Actu<\/a>.<\/p>\n","protected":false},"excerpt":{"rendered":"Par Mariane RIAUTE Publi\u00e9 le 6 juin 2025 \u00e0 8h16 Ce passage \u00e0 niveau bien connu des automobilistes,&hellip;\n","protected":false},"author":2,"featured_media":155829,"comment_status":"","ping_status":"","sticky":false,"template":"","format":"standard","meta":{"footnotes":""},"categories":[2816],"tags":[1111,11,646,3542,1777,674,1011,27,12,2680,25,104,2312],"class_list":{"0":"post-155828","1":"post","2":"type-post","3":"status-publish","4":"format-standard","5":"has-post-thumbnail","7":"category-toulouse","8":"tag-actu","9":"tag-actualites","10":"tag-automobile","11":"tag-circulation","12":"tag-eu","13":"tag-europe","14":"tag-fr","15":"tag-france","16":"tag-news","17":"tag-occitanie","18":"tag-republique-francaise","19":"tag-societe","20":"tag-toulouse"},"share_on_mastodon":{"url":"https:\/\/pubeurope.com\/@fr\/114634976473014247","error":""},"_links":{"self":[{"href":"https:\/\/www.europesays.com\/fr\/wp-json\/wp\/v2\/posts\/155828","targetHints":{"allow":["GET"]}}],"collection":[{"href":"https:\/\/www.europesays.com\/fr\/wp-json\/wp\/v2\/posts"}],"about":[{"href":"https:\/\/www.europesays.com\/fr\/wp-json\/wp\/v2\/types\/post"}],"author":[{"embeddable":true,"href":"https:\/\/www.europesays.com\/fr\/wp-json\/wp\/v2\/users\/2"}],"replies":[{"embeddable":true,"href":"https:\/\/www.europesays.com\/fr\/wp-json\/wp\/v2\/comments?post=155828"}],"version-history":[{"count":0,"href":"https:\/\/www.europesays.com\/fr\/wp-json\/wp\/v2\/posts\/155828\/revisions"}],"wp:featuredmedia":[{"embeddable":true,"href":"https:\/\/www.europesays.com\/fr\/wp-json\/wp\/v2\/media\/155829"}],"wp:attachment":[{"href":"https:\/\/www.europesays.com\/fr\/wp-json\/wp\/v2\/media?parent=155828"}],"wp:term":[{"taxonomy":"category","embeddable":true,"href":"https:\/\/www.europesays.com\/fr\/wp-json\/wp\/v2\/categories?post=155828"},{"taxonomy":"post_tag","embeddable":true,"href":"https:\/\/www.europesays.com\/fr\/wp-json\/wp\/v2\/tags?post=155828"}],"curies":[{"name":"wp","href":"https:\/\/api.w.org\/{rel}","templated":true}]}}