{"id":155834,"date":"2025-06-06T06:23:09","date_gmt":"2025-06-06T06:23:09","guid":{"rendered":"https:\/\/www.europesays.com\/fr\/155834\/"},"modified":"2025-06-06T06:23:09","modified_gmt":"2025-06-06T06:23:09","slug":"le-centre-de-sante-massenet-a-sainte-marthe-a-marseille-un-lieu-qui-repare-et-rassemble","status":"publish","type":"post","link":"https:\/\/www.europesays.com\/fr\/155834\/","title":{"rendered":"Le centre de sant\u00e9 Massenet, \u00e0 Sainte-Marthe \u00e0 Marseille, \u00ab\u00a0un lieu qui r\u00e9pare et rassemble\u00a0\u00bb"},"content":{"rendered":"<p>C\u2019est encore une nouvelle \u00e9tape pour le collectif Enchant\u00e9 et son projet collaboratif du <a href=\"https:\/\/www.laprovence.com\/article\/region\/2186390148243915\/marseille-depuis-dix-jours-la-bastide-massenet-ameliore-lacces-aux-soins-dans-les-quartiers-nord\" target=\"_blank\" rel=\"noopener\">nom de Mareposa<\/a> (pour Maison de ressources populaires en sant\u00e9), lanc\u00e9 en avril. Quelques m\u00e9decins, des habitants du quartier de <a href=\"https:\/\/www.laprovence.com\/article\/region\/527267523460314\/quartiers-de-marseille-a-sainte-marthe-comme-un-gout-d-autrefois\" target=\"_blank\" rel=\"noopener\">Sainte-Marthe<\/a> (14e) et beaucoup d\u2019\u00e9lus locaux ont applaudi jeudi 5\u00a0juin au soir l\u2019\u00e9quipe de soignants pour l\u2019inauguration par la Ville de ce centre de soin communautaire, ouvert notamment aux plus pr\u00e9caires.<\/p>\n<p>\u00ab\u00a0Rendre de la dignit\u00e9\u00a0\u00bb aux patients des quartiers Nord<\/p>\n<p>\u00ab\u00a0Il y a \u00e0 Marseille des fractures qui restent \u00e0 r\u00e9sorber mais il est aussi des lieux qui r\u00e9parent et rassemblent. Ce projet donne de l\u2019espoir et va rendre de la dignit\u00e9 aux gens qui ont subi pendant tant d\u2019ann\u00e9es des injustices li\u00e9es \u00e0 la s\u00e9gr\u00e9gation d\u2019une ville\u00a0\u00bb, a soulign\u00e9 le maire (DVG) Beno\u00eet Payan, accompagn\u00e9 par sa premi\u00e8re adjointe (EELV) <a href=\"https:\/\/www.laprovence.com\/article\/region\/14208892509006\/le-mareposa-futur-centre-de-sante-ouvrira-au-printemps-dans-les-quartiers-nord-de-marseille\" target=\"_blank\" rel=\"noopener\">Mich\u00e8le Rubirola<\/a> et la directrice d\u00e9partementale adjointe de l\u2019Agence r\u00e9gionale de sant\u00e9 (ARS) Isabelle Wawrzynkowski.<\/p>\n","protected":false},"excerpt":{"rendered":"C\u2019est encore une nouvelle \u00e9tape pour le collectif Enchant\u00e9 et son projet collaboratif du nom de Mareposa (pour&hellip;\n","protected":false},"author":2,"featured_media":155835,"comment_status":"","ping_status":"","sticky":false,"template":"","format":"standard","meta":{"footnotes":""},"categories":[2814],"tags":[17,1111,11,3335,1777,674,1011,27,7018,884,8073,12,882,16,25,28622,71,9066],"class_list":{"0":"post-155834","1":"post","2":"type-post","3":"status-publish","4":"format-standard","5":"has-post-thumbnail","7":"category-marseille","8":"tag-17","9":"tag-actu","10":"tag-actualites","11":"tag-centre","12":"tag-eu","13":"tag-europe","14":"tag-fr","15":"tag-france","16":"tag-lieu","17":"tag-marseille","18":"tag-massenet","19":"tag-news","20":"tag-provence-alpes-cote-dazur","21":"tag-region","22":"tag-republique-francaise","23":"tag-sainte-marthe","24":"tag-sante","25":"tag-un"},"share_on_mastodon":{"url":"https:\/\/pubeurope.com\/@fr\/114634988185955446","error":""},"_links":{"self":[{"href":"https:\/\/www.europesays.com\/fr\/wp-json\/wp\/v2\/posts\/155834","targetHints":{"allow":["GET"]}}],"collection":[{"href":"https:\/\/www.europesays.com\/fr\/wp-json\/wp\/v2\/posts"}],"about":[{"href":"https:\/\/www.europesays.com\/fr\/wp-json\/wp\/v2\/types\/post"}],"author":[{"embeddable":true,"href":"https:\/\/www.europesays.com\/fr\/wp-json\/wp\/v2\/users\/2"}],"replies":[{"embeddable":true,"href":"https:\/\/www.europesays.com\/fr\/wp-json\/wp\/v2\/comments?post=155834"}],"version-history":[{"count":0,"href":"https:\/\/www.europesays.com\/fr\/wp-json\/wp\/v2\/posts\/155834\/revisions"}],"wp:featuredmedia":[{"embeddable":true,"href":"https:\/\/www.europesays.com\/fr\/wp-json\/wp\/v2\/media\/155835"}],"wp:attachment":[{"href":"https:\/\/www.europesays.com\/fr\/wp-json\/wp\/v2\/media?parent=155834"}],"wp:term":[{"taxonomy":"category","embeddable":true,"href":"https:\/\/www.europesays.com\/fr\/wp-json\/wp\/v2\/categories?post=155834"},{"taxonomy":"post_tag","embeddable":true,"href":"https:\/\/www.europesays.com\/fr\/wp-json\/wp\/v2\/tags?post=155834"}],"curies":[{"name":"wp","href":"https:\/\/api.w.org\/{rel}","templated":true}]}}