{"id":155836,"date":"2025-06-06T06:24:08","date_gmt":"2025-06-06T06:24:08","guid":{"rendered":"https:\/\/www.europesays.com\/fr\/155836\/"},"modified":"2025-06-06T06:24:08","modified_gmt":"2025-06-06T06:24:08","slug":"jusqua-6-ans-de-prison-pour-des-trafiquants-de-drogue-de-la-cite-la-savine-a-marseille","status":"publish","type":"post","link":"https:\/\/www.europesays.com\/fr\/155836\/","title":{"rendered":"Jusqu&rsquo;\u00e0 6 ans de prison pour des trafiquants de drogue de la cit\u00e9 La Savine \u00e0 Marseille"},"content":{"rendered":"<p>Dans un premier temps, ce mercredi 5\u00a0juin, la procureure avait plant\u00e9 le d\u00e9cor, banalement gris\u00e2tre. Marseille. Quartiers Nord. Cit\u00e9 La Savine (15e). L\u2019une des places fortes du trafic de drogue. \u00ab\u00a0<a href=\"https:\/\/www.laprovence.com\/actu\/en-direct\/6288242\/marseille-vaste-demantelement-du-trafic-de-stups-dans-la-cite-de-la-savine-15e-19-interpellations-et-445-\" target=\"_blank\" rel=\"noopener\">Une pr\u00e9c\u00e9dente op\u00e9ration (en mars\u00a02021, NDLR<\/a><a href=\"https:\/\/www.laprovence.com\/actu\/en-direct\/6288242\/marseille-vaste-demantelement-du-trafic-de-stups-dans-la-cite-de-la-savine-15e-19-interpellations-et-445-\" target=\"_blank\" rel=\"noopener\">) avait donn\u00e9 lieu \u00e0 de nombreuses arrestations et ralenti le fonctionnement de ce r\u00e9seau<\/a>. Ceux que vous avez devant vous \u00e9taient l\u00e0 pour le remettre sur pied\u00a0\u00bb, avait-elle d\u00e9crypt\u00e9. Dans un deuxi\u00e8me temps, tout au long d\u2019un r\u00e9quisitoire ironique et cinglant, la magistrate avait balay\u00e9 les tentatives op\u00e9r\u00e9es par plusieurs des onze mis en cause de minimiser l\u2019importance du trafic implant\u00e9 en\u00a02022 \u00e0 proximit\u00e9 d\u2019un citystade, face \u00e0 la chaufferie.<\/p>\n","protected":false},"excerpt":{"rendered":"Dans un premier temps, ce mercredi 5\u00a0juin, la procureure avait plant\u00e9 le d\u00e9cor, banalement gris\u00e2tre. Marseille. Quartiers Nord.&hellip;\n","protected":false},"author":2,"featured_media":155837,"comment_status":"","ping_status":"","sticky":false,"template":"","format":"standard","meta":{"footnotes":""},"categories":[2814],"tags":[17,1111,11,1764,154,1052,1777,674,274,1011,27,12333,884,12,471,806,882,25,28623],"class_list":{"0":"post-155836","1":"post","2":"type-post","3":"status-publish","4":"format-standard","5":"has-post-thumbnail","7":"category-marseille","8":"tag-17","9":"tag-actu","10":"tag-actualites","11":"tag-ans","12":"tag-des","13":"tag-drogue","14":"tag-eu","15":"tag-europe","16":"tag-faits-divers-justice","17":"tag-fr","18":"tag-france","19":"tag-jusqua","20":"tag-marseille","21":"tag-news","22":"tag-pour","23":"tag-prison","24":"tag-provence-alpes-cote-dazur","25":"tag-republique-francaise","26":"tag-trafiquants"},"share_on_mastodon":{"url":"https:\/\/pubeurope.com\/@fr\/114634992103078610","error":""},"_links":{"self":[{"href":"https:\/\/www.europesays.com\/fr\/wp-json\/wp\/v2\/posts\/155836","targetHints":{"allow":["GET"]}}],"collection":[{"href":"https:\/\/www.europesays.com\/fr\/wp-json\/wp\/v2\/posts"}],"about":[{"href":"https:\/\/www.europesays.com\/fr\/wp-json\/wp\/v2\/types\/post"}],"author":[{"embeddable":true,"href":"https:\/\/www.europesays.com\/fr\/wp-json\/wp\/v2\/users\/2"}],"replies":[{"embeddable":true,"href":"https:\/\/www.europesays.com\/fr\/wp-json\/wp\/v2\/comments?post=155836"}],"version-history":[{"count":0,"href":"https:\/\/www.europesays.com\/fr\/wp-json\/wp\/v2\/posts\/155836\/revisions"}],"wp:featuredmedia":[{"embeddable":true,"href":"https:\/\/www.europesays.com\/fr\/wp-json\/wp\/v2\/media\/155837"}],"wp:attachment":[{"href":"https:\/\/www.europesays.com\/fr\/wp-json\/wp\/v2\/media?parent=155836"}],"wp:term":[{"taxonomy":"category","embeddable":true,"href":"https:\/\/www.europesays.com\/fr\/wp-json\/wp\/v2\/categories?post=155836"},{"taxonomy":"post_tag","embeddable":true,"href":"https:\/\/www.europesays.com\/fr\/wp-json\/wp\/v2\/tags?post=155836"}],"curies":[{"name":"wp","href":"https:\/\/api.w.org\/{rel}","templated":true}]}}