{"id":155838,"date":"2025-06-06T06:25:09","date_gmt":"2025-06-06T06:25:09","guid":{"rendered":"https:\/\/www.europesays.com\/fr\/155838\/"},"modified":"2025-06-06T06:25:09","modified_gmt":"2025-06-06T06:25:09","slug":"lagresseur-sexuel-du-tramway-t1-etait-un-etranger-recidiviste-sous-oqtf","status":"publish","type":"post","link":"https:\/\/www.europesays.com\/fr\/155838\/","title":{"rendered":"l&rsquo;agresseur sexuel du tramway T1 \u00e9tait un \u00e9tranger r\u00e9cidiviste sous OQTF"},"content":{"rendered":"<p>Villeurbanne : l&rsquo;agresseur sexuel du tramway T1 \u00e9tait un \u00e9tranger r\u00e9cidiviste sous OQTF &#8211; LyonMag<\/p>\n<p itemprop=\"description\"><strong>Le pr\u00e9dateur agissait dans le tramway T1.<\/strong><\/p>\n<p>Et lundi, il a \u00e9t\u00e9 rep\u00e9r\u00e9 par des policiers au niveau de la station Charpennes \u00e0 Villeurbanne. Ce trentenaire agressait sexuellement des passag\u00e8res en frottant contre elles son sexe \u00e0 travers son pantalon.<\/p>\n<p>Surpris en flagrant d\u00e9lit alors qu&rsquo;il agressait une jeune femme de 20 ans, l&rsquo;individu a \u00e9t\u00e9 interpell\u00e9.<\/p>\n<p>Son profil \u00e9tait d\u00e9j\u00e0 bien connu de la justice. De nationalit\u00e9 alg\u00e9rienne, il se trouve en situation irr\u00e9guli\u00e8re en France. Et fait m\u00eame l&rsquo;objet d&rsquo;une OQTF puisqu&rsquo;il avait d\u00e9j\u00e0 \u00e9t\u00e9 interpell\u00e9 l&rsquo;an dernier pour des faits similaires.<\/p>\n<p>Jug\u00e9 en comparution imm\u00e9diate \u00e0 Lyon, le clandestin lubrique a \u00e9cop\u00e9 de 18 mois de prison et a \u00e9t\u00e9 \u00e9crou\u00e9.<\/p>\n<p>Reste \u00e0 savoir si son OQTF pourra \u00eatre appliqu\u00e9e \u00e0 la fin de sa peine.<\/p>\n","protected":false},"excerpt":{"rendered":"Villeurbanne : l&rsquo;agresseur sexuel du tramway T1 \u00e9tait un \u00e9tranger r\u00e9cidiviste sous OQTF &#8211; LyonMag Le pr\u00e9dateur agissait&hellip;\n","protected":false},"author":2,"featured_media":155839,"comment_status":"","ping_status":"","sticky":false,"template":"","format":"standard","meta":{"footnotes":""},"categories":[1889],"tags":[1111,11,2813,2190,2430,1109,251,1112,2811,1777,674,118,1011,27,1922,1110,1114,2428,2810,12,241,316,25,2812,517,800],"class_list":{"0":"post-155838","1":"post","2":"type-post","3":"status-publish","4":"format-standard","5":"has-post-thumbnail","7":"category-lyon","8":"tag-actu","9":"tag-actualites","10":"tag-article","11":"tag-asvel","12":"tag-auvergne-rhone-alpes","13":"tag-breves","14":"tag-culture","15":"tag-depeches","16":"tag-economique","17":"tag-eu","18":"tag-europe","19":"tag-faits-divers","20":"tag-fr","21":"tag-france","22":"tag-info","23":"tag-informations","24":"tag-infos","25":"tag-lyon","26":"tag-lyonmag","27":"tag-news","28":"tag-ol","29":"tag-politique","30":"tag-republique-francaise","31":"tag-sociale","32":"tag-sport","33":"tag-transports"},"share_on_mastodon":{"url":"https:\/\/pubeurope.com\/@fr\/114634997277373776","error":""},"_links":{"self":[{"href":"https:\/\/www.europesays.com\/fr\/wp-json\/wp\/v2\/posts\/155838","targetHints":{"allow":["GET"]}}],"collection":[{"href":"https:\/\/www.europesays.com\/fr\/wp-json\/wp\/v2\/posts"}],"about":[{"href":"https:\/\/www.europesays.com\/fr\/wp-json\/wp\/v2\/types\/post"}],"author":[{"embeddable":true,"href":"https:\/\/www.europesays.com\/fr\/wp-json\/wp\/v2\/users\/2"}],"replies":[{"embeddable":true,"href":"https:\/\/www.europesays.com\/fr\/wp-json\/wp\/v2\/comments?post=155838"}],"version-history":[{"count":0,"href":"https:\/\/www.europesays.com\/fr\/wp-json\/wp\/v2\/posts\/155838\/revisions"}],"wp:featuredmedia":[{"embeddable":true,"href":"https:\/\/www.europesays.com\/fr\/wp-json\/wp\/v2\/media\/155839"}],"wp:attachment":[{"href":"https:\/\/www.europesays.com\/fr\/wp-json\/wp\/v2\/media?parent=155838"}],"wp:term":[{"taxonomy":"category","embeddable":true,"href":"https:\/\/www.europesays.com\/fr\/wp-json\/wp\/v2\/categories?post=155838"},{"taxonomy":"post_tag","embeddable":true,"href":"https:\/\/www.europesays.com\/fr\/wp-json\/wp\/v2\/tags?post=155838"}],"curies":[{"name":"wp","href":"https:\/\/api.w.org\/{rel}","templated":true}]}}