{"id":155850,"date":"2025-06-06T06:32:09","date_gmt":"2025-06-06T06:32:09","guid":{"rendered":"https:\/\/www.europesays.com\/fr\/155850\/"},"modified":"2025-06-06T06:32:09","modified_gmt":"2025-06-06T06:32:09","slug":"les-valeurs-a-suivre-a-paris-et-en-europe-actualise-06-06-2025-a-0808","status":"publish","type":"post","link":"https:\/\/www.europesays.com\/fr\/155850\/","title":{"rendered":"Les valeurs \u00e0 suivre \u00e0 Paris et en Europe (actualis\u00e9) &#8211; 06\/06\/2025 \u00e0 08:08"},"content":{"rendered":"<p>\n (Actualis\u00e9 avec Dassault Syst\u00e8mes, Aribus,)\n<\/p>\n<p>\n *\n<\/p>\n<p>\n Variation des futures sur indice CAC 40  0#FCE:\n<\/p>\n<p>\n *\n<\/p>\n<p>\n Variation des futures sur indice Stoxx 600  0#FXXP:\n<\/p>\n<p>\n *\n<\/p>\n<p>\n Valeurs qui se traitent ex-dividende  .EX.PA\n<\/p>\n<p>\n *\n<\/p>\n<p>\n Le point sur les march\u00e9s europ\u00e9ens  .EUFR\n<\/p>\n<p>\n Les valeurs \u00e0 suivre vendredi<br \/>\n\u00e0 la Bourse de Paris et en Europe :\n<\/p>\n<p>\n *\n<\/p>\n<p>\n DASSAULT SYST\u00c8MES\n<\/p>\n<p>\n <a href=\"https:\/\/www.boursorama.com\/cours\/1rPDSY\/\" rel=\"nofollow noopener\" target=\"_blank\"><br \/>\n  DAST.PA<br \/>\n <\/a><br \/>\n a repouss\u00e9 vendredi d&rsquo;un an son objectif de<br \/>\nb\u00e9n\u00e9fice net par action (BNPA) dilu\u00e9 non-IFRS, le fabricant<br \/>\nfran\u00e7ais de logiciels d\u00e9clarant lors de son \u00ab\u00a0Capital Markets<br \/>\nDay\u00a0\u00bb viser un doublement du BNPA d&rsquo;ici \u00e0 2029, au lieu de 2028<br \/>\npr\u00e9c\u00e9demment.\n<\/p>\n<p>\n * AIRBUS<br \/>\n <a href=\"https:\/\/www.boursorama.com\/cours\/1rPAIR\/\" rel=\"nofollow noopener\" target=\"_blank\"><br \/>\n  AIR.PA<br \/>\n <\/a><br \/>\n &#8211; L&rsquo;avionneur europ\u00e9en a dit jeudi soir<br \/>\navoir livr\u00e9 51 appareils en mai, portant \u00e0 243 le nombre<br \/>\nd&rsquo;avions livr\u00e9s depuis le d\u00e9but de l&rsquo;ann\u00e9e.\n<\/p>\n<p>\n Citigroup a par ailleurs abaiss\u00e9 vendredi sa recommandation<br \/>\nsur le titre de \u00ab\u00a0acheter\u00a0\u00bb \u00e0 \u00ab\u00a0neutre\u00a0\u00bb.\n<\/p>\n<p>\n * STELLANTIS<br \/>\n <a href=\"https:\/\/www.boursorama.com\/cours\/1gSTLAM\/\" rel=\"nofollow noopener\" target=\"_blank\"><br \/>\n  STLAM.MI<br \/>\n <\/a><br \/>\n a d\u00e9clar\u00e9 jeudi qu&rsquo;une assembl\u00e9e<br \/>\ng\u00e9n\u00e9rale extraordinaire des actionnaires se tiendrait le 18<br \/>\njuillet \u00e0 Amsterdam, lors de laquelle sera vot\u00e9e la proposition<br \/>\nde nommer Antonio Filosa au poste de directeur g\u00e9n\u00e9ral.\n<\/p>\n<p>\n * VALLOUREC<br \/>\n <a href=\"https:\/\/www.boursorama.com\/cours\/1rPVK\/\" rel=\"nofollow noopener\" target=\"_blank\"><br \/>\n  VLLP.PA<br \/>\n <\/a><br \/>\n a finalis\u00e9 l&rsquo;acquisition de Thermotite<br \/>\ndo Brasil, a annonc\u00e9 jeudi soir le groupe dans un communiqu\u00e9.\n<\/p>\n<p>\n * ELIS<br \/>\n <a href=\"https:\/\/www.boursorama.com\/cours\/1rPELIS\/\" rel=\"nofollow noopener\" target=\"_blank\"><br \/>\n  ELIS.PA<br \/>\n <\/a><br \/>\n &#8211; Bpifrance Investissement a annonc\u00e9 jeudi<br \/>\nquitter le conseil de surveillance du groupe fran\u00e7ais.\n<\/p>\n<p>\n L&rsquo;AGENDA FRANCE &amp; INTERNATIONAL \u00c0 7 JOURS:<\/p>\n<p> nL5N3S2132\n<\/p>\n<p>\n (R\u00e9dig\u00e9 par Diana Mandia et Bertrand De Meyer, \u00e9dit\u00e9 par<br \/>\nAugustin Turpin)<\/p>\n","protected":false},"excerpt":{"rendered":"(Actualis\u00e9 avec Dassault Syst\u00e8mes, Aribus,) * Variation des futures sur indice CAC 40 0#FCE: * Variation des futures&hellip;\n","protected":false},"author":2,"featured_media":64038,"comment_status":"","ping_status":"","sticky":false,"template":"","format":"standard","meta":{"footnotes":""},"categories":[1888],"tags":[400,11,398,408,405,1777,674,1011,27,403,402,399,404,12,626,25,401,406,407],"class_list":{"0":"post-155850","1":"post","2":"type-post","3":"status-publish","4":"format-standard","5":"has-post-thumbnail","7":"category-paris","8":"tag-action-cac-40","9":"tag-actualites","10":"tag-bourse-de-paris","11":"tag-boursorama","12":"tag-cotations","13":"tag-eu","14":"tag-europe","15":"tag-fr","16":"tag-france","17":"tag-indices-devises","18":"tag-investir","19":"tag-investissement","20":"tag-marche-boursier","21":"tag-news","22":"tag-paris","23":"tag-republique-francaise","24":"tag-sicav","25":"tag-trackers","26":"tag-warrants"},"share_on_mastodon":{"url":"https:\/\/pubeurope.com\/@fr\/114635023531753194","error":""},"_links":{"self":[{"href":"https:\/\/www.europesays.com\/fr\/wp-json\/wp\/v2\/posts\/155850","targetHints":{"allow":["GET"]}}],"collection":[{"href":"https:\/\/www.europesays.com\/fr\/wp-json\/wp\/v2\/posts"}],"about":[{"href":"https:\/\/www.europesays.com\/fr\/wp-json\/wp\/v2\/types\/post"}],"author":[{"embeddable":true,"href":"https:\/\/www.europesays.com\/fr\/wp-json\/wp\/v2\/users\/2"}],"replies":[{"embeddable":true,"href":"https:\/\/www.europesays.com\/fr\/wp-json\/wp\/v2\/comments?post=155850"}],"version-history":[{"count":0,"href":"https:\/\/www.europesays.com\/fr\/wp-json\/wp\/v2\/posts\/155850\/revisions"}],"wp:featuredmedia":[{"embeddable":true,"href":"https:\/\/www.europesays.com\/fr\/wp-json\/wp\/v2\/media\/64038"}],"wp:attachment":[{"href":"https:\/\/www.europesays.com\/fr\/wp-json\/wp\/v2\/media?parent=155850"}],"wp:term":[{"taxonomy":"category","embeddable":true,"href":"https:\/\/www.europesays.com\/fr\/wp-json\/wp\/v2\/categories?post=155850"},{"taxonomy":"post_tag","embeddable":true,"href":"https:\/\/www.europesays.com\/fr\/wp-json\/wp\/v2\/tags?post=155850"}],"curies":[{"name":"wp","href":"https:\/\/api.w.org\/{rel}","templated":true}]}}