{"id":155860,"date":"2025-06-06T06:38:14","date_gmt":"2025-06-06T06:38:14","guid":{"rendered":"https:\/\/www.europesays.com\/fr\/155860\/"},"modified":"2025-06-06T06:38:14","modified_gmt":"2025-06-06T06:38:14","slug":"les-ministres-daccord-sur-un-rabotage-des-droits-des-passagers-abo","status":"publish","type":"post","link":"https:\/\/www.europesays.com\/fr\/155860\/","title":{"rendered":"les ministres d&rsquo;accord sur un rabotage des droits des passagers [ABO]"},"content":{"rendered":"<p>\t\t\t\t\t Apr\u00e8s plusieurs heures de n\u00e9gociations intenses, les ministres des Transports et leurs \u00e9quipes ont finalement fait leur retour dans l\u2019h\u00e9micycle.<\/p>\n<p>\u00ab\u00a0Il semblerait qu\u2019avec ces amendements, <b>le texte puisse devenir acceptable.<\/b>&#13;\t\t\t\t\t <\/p>\n<p>Je vous propose de supprimer le seuil de trois heures pour les voyages effectu\u00e9s le m\u00eame jour, une mesure qui, de toute fa\u00e7on, n\u2019a pas \u00e9t\u00e9 soutenue pendant le d\u00e9bat.&#13;\t\t\t\t\t <\/p>\n<p>Nous avons \u00e9cout\u00e9 attentivement vos propositions. Vous avez demand\u00e9 une approche plus large.<b> C\u2019est pourquoi le compromis inclut une obligation pour les transporteurs de pr\u00e9-remplir automatiquement les formulaires de r\u00e9clamation, afin de faciliter l\u2019obtention des compensations par les passagers.<\/b>&#13;\t\t\t\t\t <\/p>\n<p>En cas d\u2019annulation<b>, nous avons aussi int\u00e9gr\u00e9 la possibilit\u00e9 de d\u00e9velopper une automatisation accrue du traitement des demandes d\u2019indemnisation.<\/b>&#13;\t\t\t\t\t <\/p>\n<p><b>Le moment est venu de franchir un cap historique.<\/b> J\u2019esp\u00e8re que chacun en a bien conscience ,\u00a0\u00bb a expliqu\u00e9 Dariusz Klimczak.&#13;\t\t\t\t\t <\/p>\n<p>S\u2019en sont suivies plusieurs prises de parole, dont certaines pour protester contre cette orientation jug\u00e9e trop favorable aux transporteurs.&#13;\t\t\t\t\t <\/p>\n<p>Malgr\u00e9 les divergences, <b>un accord politique a bel et bien \u00e9t\u00e9 conclu.<\/b>&#13;\t\t\t\t\t <\/p>\n<p>\u00ab\u00a0C\u2019est un grand succ\u00e8s, une avanc\u00e9e importante dans le processus de modernisation de cette l\u00e9gislation. <b>Ce texte ne donnera peut-\u00eatre pas enti\u00e8re satisfaction \u00e0 chacun, mais il apporte davantage de clart\u00e9 et de droits pour les passagers.<\/b>&#13;\t\t\t\t\t <\/p>\n<p>Cet accord politique va d\u00e9sormais nous permettre <b>d\u2019ouvrir les n\u00e9gociations avec le Parlement europ\u00e9en,<\/b>\u00a0\u00bb s&rsquo;est f\u00e9licit\u00e9 le pr\u00e9sident polonais du conseil de l&rsquo;UE. &#13;\t\t\t\t\t <\/p>\n<p>Dor\u00e9navant, l&rsquo;avenir de la refonte sera d\u00e9battu dans un trilogue, avec <b>comme arbitre la Commission europ\u00e9enne, elle m\u00eame favorable au compromis. <\/b>&#13;\t\t\t\t\t <\/p>\n<p>Cette r\u00e9union entre des repr\u00e9sentants du Parlement, du Conseil et de la Commission a pour objectif de trouver <b>un accord  provisoire sur un texte l\u00e9gislatif qui pourra \u00eatre acceptable par tous. <\/b>&#13;\t\t\t\t\t <\/p>\n<p>Pour rappel, dans ce dossier, le Conseil a froiss\u00e9 le Parlement en tentant de faire adopter le texte via une proc\u00e9dure acc\u00e9l\u00e9r\u00e9e.&#13;\t\t\t\t\t <\/p>\n<p><b>Une nouvelle bataille institutionnelle s\u2019annonce donc, m\u00eame s\u2019il est probable que l\u2019esprit m\u00eame de la proposition reste inchang\u00e9.<\/b>&#13;\t\t\t\t\t <\/p>\n<p><a class=\"liens\" href=\"https:\/\/x.com\/PhilippeTabarot\/status\/1930688503102263624\" target=\"_blank\">Philippe Tabarot<\/a> s&rsquo;est montr\u00e9 satisfait de l&rsquo;accord. &#13;\t\t\t\t\t <\/p>\n<p>\u00ab\u00a0Parmi les avanc\u00e9es concr\u00e8tes pour les voyageurs , je note le r\u00e9acheminement et l\u2019assistance syst\u00e9matiques en cas de retard ou d\u2019annulation, des droits renforc\u00e9s pour les passagers en situation de handicap ou \u00e0 mobilit\u00e9 r\u00e9duite et un m\u00e9canisme automatique d\u2019indemnisation en cas d\u2019annulation de vol. &#13;\t\t\t\t\t <\/p>\n<p>De plus l&rsquo;inscription au niveau du r\u00e8glement de crit\u00e8res d&rsquo;indemnisation clairs en cas de retard pour forcer enfin toutes les compagnies \u00e0 les respecter. &#13;\t\t\t\t\t <\/p>\n<p>Ce texte aurait pu \u00eatre plus ambitieux, mais il est une \u00e9tape importante pour continuer \u00e0 am\u00e9liorer la qualit\u00e9 du service offert aux usagers du transport a\u00e9rien,\u00a0\u00bb a expliqu\u00e9 le ministre fran\u00e7ais.\n\t\t\t\t <\/p>\n","protected":false},"excerpt":{"rendered":"Apr\u00e8s plusieurs heures de n\u00e9gociations intenses, les ministres des Transports et leurs \u00e9quipes ont finalement fait leur retour&hellip;\n","protected":false},"author":2,"featured_media":155861,"comment_status":"","ping_status":"","sticky":false,"template":"","format":"standard","meta":{"footnotes":""},"categories":[1586],"tags":[11,28624,1777,674,1011,27,24835,12,25,364],"class_list":{"0":"post-155860","1":"post","2":"type-post","3":"status-publish","4":"format-standard","5":"has-post-thumbnail","7":"category-europe","8":"tag-actualites","9":"tag-droits-des-passagers","10":"tag-eu","11":"tag-europe","12":"tag-fr","13":"tag-france","14":"tag-ministre-des-transports","15":"tag-news","16":"tag-republique-francaise","17":"tag-union-europeenne"},"share_on_mastodon":{"url":"https:\/\/pubeurope.com\/@fr\/114635047117685910","error":""},"_links":{"self":[{"href":"https:\/\/www.europesays.com\/fr\/wp-json\/wp\/v2\/posts\/155860","targetHints":{"allow":["GET"]}}],"collection":[{"href":"https:\/\/www.europesays.com\/fr\/wp-json\/wp\/v2\/posts"}],"about":[{"href":"https:\/\/www.europesays.com\/fr\/wp-json\/wp\/v2\/types\/post"}],"author":[{"embeddable":true,"href":"https:\/\/www.europesays.com\/fr\/wp-json\/wp\/v2\/users\/2"}],"replies":[{"embeddable":true,"href":"https:\/\/www.europesays.com\/fr\/wp-json\/wp\/v2\/comments?post=155860"}],"version-history":[{"count":0,"href":"https:\/\/www.europesays.com\/fr\/wp-json\/wp\/v2\/posts\/155860\/revisions"}],"wp:featuredmedia":[{"embeddable":true,"href":"https:\/\/www.europesays.com\/fr\/wp-json\/wp\/v2\/media\/155861"}],"wp:attachment":[{"href":"https:\/\/www.europesays.com\/fr\/wp-json\/wp\/v2\/media?parent=155860"}],"wp:term":[{"taxonomy":"category","embeddable":true,"href":"https:\/\/www.europesays.com\/fr\/wp-json\/wp\/v2\/categories?post=155860"},{"taxonomy":"post_tag","embeddable":true,"href":"https:\/\/www.europesays.com\/fr\/wp-json\/wp\/v2\/tags?post=155860"}],"curies":[{"name":"wp","href":"https:\/\/api.w.org\/{rel}","templated":true}]}}