{"id":155862,"date":"2025-06-06T06:39:09","date_gmt":"2025-06-06T06:39:09","guid":{"rendered":"https:\/\/www.europesays.com\/fr\/155862\/"},"modified":"2025-06-06T06:39:09","modified_gmt":"2025-06-06T06:39:09","slug":"ue-la-france-et-la-grece-a-loffensive-pour-eloigner-les-enfants-des-reseaux-sociaux-actualites","status":"publish","type":"post","link":"https:\/\/www.europesays.com\/fr\/155862\/","title":{"rendered":"UE: la France et la Gr\u00e8ce \u00e0 l&rsquo;offensive pour \u00e9loigner les enfants des r\u00e9seaux sociaux : Actualit\u00e9s"},"content":{"rendered":"<p class=\"lead \">Cyberharc\u00e8lement,d\u00e9sinformation, discours de haine&#8230; Les contenus dangereux pour les enfants prolif\u00e8rent en ligne, au point de pousser plusieurs pays europ\u00e9ens, dont la France, \u00e0 vouloir limiter l&rsquo;acc\u00e8s des mineurs aux r\u00e9seaux sociaux.<\/p>\n<p class=\"lead \">L&rsquo;Union europ\u00e9enne dispose d\u00e9j\u00e0 d&rsquo;un arsenal l\u00e9gislatif parmi les plus stricts au monde pour encadrer les g\u00e9ants du num\u00e9rique.<\/p>\n<p class=\"lead \">Mais les appels \u00e0 aller plus loin se multiplient parmi les Vingt-Sept, alors que des \u00e9tudes d\u00e9montrent les effets n\u00e9gatifs des r\u00e9seaux sociaux sur la sant\u00e9 mentale et physique.<\/p>\n<p class=\"lead \">Soutenue par la France et l&rsquo;Espagne, la Gr\u00e8ce a propos\u00e9 d&rsquo;encadrer l&rsquo;utilisation des plateformes en ligne par les enfants, face aux inqui\u00e9tudes concernant leur caract\u00e8re addictif.<\/p>\n<p class=\"lead \">Ces pays doivent pr\u00e9senter leurs id\u00e9es vendredi lors d&rsquo;une r\u00e9union minist\u00e9rielle \u00e0 Luxembourg. Il faut \u00ab\u00a0que l&rsquo;Europe puisse agir de mani\u00e8re appropri\u00e9e d\u00e8s que possible\u00a0\u00bb, a d\u00e9clar\u00e9 le ministre grec du Num\u00e9rique, Dimitris Papastergiou.<\/p>\n<p class=\"lead \">La proposition inclut la fixation d&rsquo;un \u00e2ge de majorit\u00e9 num\u00e9rique \u00e0 l&rsquo;\u00e9chelle de l&rsquo;UE, en-de\u00e7\u00e0 duquel les enfants ne pourraient pas acc\u00e9der aux r\u00e9seaux sociaux sans consentement parental.<\/p>\n<p class=\"lead \">Depuis sa publication le mois dernier, d&rsquo;autres pays ont exprim\u00e9 leur soutien, dont le Danemark qui assurera pendant six mois la pr\u00e9sidence tournante du conseil de l&rsquo;UE \u00e0 partir de juillet et a promis de faire de cette question une priorit\u00e9.<\/p>\n<p class=\"lead \">La France s&rsquo;est plac\u00e9e \u00e0 l&rsquo;avant-garde de la r\u00e9gulation des plateformes, avec une loi adopt\u00e9e en 2023 qui oblige ces derni\u00e8res \u00e0 obtenir le consentement parental de leurs utilisateurs de moins de 15 ans. Mais cette mesure n&rsquo;a pas encore re\u00e7u l&rsquo;aval n\u00e9cessaire de l&rsquo;UE.<\/p>\n<p class=\"lead \">La France a \u00e9galement introduit cette ann\u00e9e l&rsquo;obligation pour les sites pornographiques de v\u00e9rifier l&rsquo;\u00e2ge des utilisateurs afin d&#8217;emp\u00eacher l&rsquo;acc\u00e8s des enfants. Cette mesure a conduit trois d&rsquo;entre eux &#8211; Youporn, Pornhub et Redtube &#8211; \u00e0 se mettre hors ligne cette semaine en signe de protestation.<\/p>\n<p class=\"lead \">Sous la pression du gouvernement fran\u00e7ais, TikTok a par ailleurs interdit dimanche le hashtag #SkinnyTok qui promeut la maigreur extr\u00eame.<\/p>\n<p class=\"lead \">&#8211; V\u00e9rification de l&rsquo;\u00e2ge &#8211;<\/p>\n<p class=\"lead \">La Gr\u00e8ce affirme que son objectif est de prot\u00e9ger les enfants des risques li\u00e9s \u00e0 une utilisation excessive d&rsquo;internet. <\/p>\n<p class=\"lead \">La proposition ne pr\u00e9cise pas \u00e0 quel \u00e2ge devrait \u00eatre fix\u00e9e la majorit\u00e9 num\u00e9rique, mais M. Papastergiou estime que les plateformes doivent conna\u00eetre l&rsquo;\u00e2ge r\u00e9el de leurs utilisateurs \u00ab\u00a0afin de ne pas proposer de contenu inappropri\u00e9 aux mineurs\u00a0\u00bb.<\/p>\n<p class=\"lead \">La France, la Gr\u00e8ce et l&rsquo;Espagne d\u00e9noncent des algorithmes qui exposent les enfants \u00e0 des contenus addictifs qui peuvent aggraver les probl\u00e8mes d&rsquo;anxi\u00e9t\u00e9, de d\u00e9pression et d&rsquo;estime de soi.<\/p>\n<p class=\"lead \">Ces pays s&rsquo;inqui\u00e8tent aussi de l&rsquo;exposition aux \u00e9crans d\u00e8s le plus jeune \u00e2ge, soup\u00e7onn\u00e9e d&rsquo;entraver le d\u00e9veloppement des comp\u00e9tences relationnelles des mineurs ainsi que d&rsquo;autres apprentissages essentiels.<\/p>\n<p class=\"lead \">Les auteurs de la proposition r\u00e9clament \u00ab\u00a0une application \u00e0 l&rsquo;\u00e9chelle de l&rsquo;UE qui soutienne les m\u00e9canismes de contr\u00f4le parental, permette une v\u00e9rification correcte de l&rsquo;\u00e2ge et limite l&rsquo;utilisation de certaines applications par les mineurs\u00a0\u00bb.<\/p>\n<p class=\"lead \">Ils souhaiteraient que des appareils comme les smartphones int\u00e8grent un syst\u00e8me de v\u00e9rification de l&rsquo;\u00e2ge.<\/p>\n<p class=\"lead \">La Commission europ\u00e9enne, gendarme du num\u00e9rique dans l&rsquo;UE, souhaite lancer une application de v\u00e9rification de l&rsquo;\u00e2ge d\u00e8s le mois prochain, en assurant que cela n&rsquo;impliquerait pas la divulgation de donn\u00e9es personnelles.<\/p>\n<p class=\"lead \">L&rsquo;UE a publi\u00e9 en mai des lignes directrices provisoires \u00e0 destination des plateformes pour mieux prot\u00e9ger les mineurs. Elles doivent \u00eatre finalis\u00e9es ce mois-ci \u00e0 l&rsquo;issue d&rsquo;une consultation publique.<\/p>\n<p class=\"lead \">Ces lignes directrices non contraignantes incluent pour l&rsquo;instant le param\u00e9trage par d\u00e9faut des comptes d&rsquo;enfants en mode priv\u00e9, ainsi qu&rsquo;une simplification des options de blocage et de mise en sourdine.<\/p>\n<p class=\"lead \">Bruxelles m\u00e8ne actuellement des enqu\u00eates sur les r\u00e9seaux sociaux Facebook et Instagram du groupe am\u00e9ricain Meta, ainsi que sur TikTok, dans le cadre de son nouveau R\u00e8glement sur les services num\u00e9riques (DSA). Ces plateformes sont soup\u00e7onn\u00e9es de ne pas suffisamment prot\u00e9ger les enfants des contenus nuisibles.<\/p>\n<p class=\"lead \">La semaine derni\u00e8re, la Commission a \u00e9galement ouvert une enqu\u00eate sur quatre sites pornographiques (Pornhub, Stripchat, XNXX, et XVideos) soup\u00e7onn\u00e9s de ne pas emp\u00eacher l&rsquo;acc\u00e8s des enfants aux contenus pour adultes.<\/p>\n<p class=\"small font-weight-bold text-gray3 \"> publi\u00e9 le 6 juin \u00e0 07h49, AFP<\/p>\n<p>                             Partager<\/p>\n","protected":false},"excerpt":{"rendered":"Cyberharc\u00e8lement,d\u00e9sinformation, discours de haine&#8230; Les contenus dangereux pour les enfants prolif\u00e8rent en ligne, au point de pousser plusieurs&hellip;\n","protected":false},"author":2,"featured_media":155863,"comment_status":"","ping_status":"","sticky":false,"template":"","format":"standard","meta":{"footnotes":""},"categories":[1586],"tags":[11,19279,1719,1777,674,1779,1011,27,311,310,12,316,25,42,1778,364],"class_list":{"0":"post-155862","1":"post","2":"type-post","3":"status-publish","4":"format-standard","5":"has-post-thumbnail","7":"category-europe","8":"tag-actualites","9":"tag-droitshumains","10":"tag-enfants","11":"tag-eu","12":"tag-europe","13":"tag-european-union","14":"tag-fr","15":"tag-france","16":"tag-informatique","17":"tag-internet","18":"tag-news","19":"tag-politique","20":"tag-republique-francaise","21":"tag-technologies","22":"tag-ue","23":"tag-union-europeenne"},"share_on_mastodon":{"url":"https:\/\/pubeurope.com\/@fr\/114635051102595055","error":""},"_links":{"self":[{"href":"https:\/\/www.europesays.com\/fr\/wp-json\/wp\/v2\/posts\/155862","targetHints":{"allow":["GET"]}}],"collection":[{"href":"https:\/\/www.europesays.com\/fr\/wp-json\/wp\/v2\/posts"}],"about":[{"href":"https:\/\/www.europesays.com\/fr\/wp-json\/wp\/v2\/types\/post"}],"author":[{"embeddable":true,"href":"https:\/\/www.europesays.com\/fr\/wp-json\/wp\/v2\/users\/2"}],"replies":[{"embeddable":true,"href":"https:\/\/www.europesays.com\/fr\/wp-json\/wp\/v2\/comments?post=155862"}],"version-history":[{"count":0,"href":"https:\/\/www.europesays.com\/fr\/wp-json\/wp\/v2\/posts\/155862\/revisions"}],"wp:featuredmedia":[{"embeddable":true,"href":"https:\/\/www.europesays.com\/fr\/wp-json\/wp\/v2\/media\/155863"}],"wp:attachment":[{"href":"https:\/\/www.europesays.com\/fr\/wp-json\/wp\/v2\/media?parent=155862"}],"wp:term":[{"taxonomy":"category","embeddable":true,"href":"https:\/\/www.europesays.com\/fr\/wp-json\/wp\/v2\/categories?post=155862"},{"taxonomy":"post_tag","embeddable":true,"href":"https:\/\/www.europesays.com\/fr\/wp-json\/wp\/v2\/tags?post=155862"}],"curies":[{"name":"wp","href":"https:\/\/api.w.org\/{rel}","templated":true}]}}