{"id":155866,"date":"2025-06-06T06:41:11","date_gmt":"2025-06-06T06:41:11","guid":{"rendered":"https:\/\/www.europesays.com\/fr\/155866\/"},"modified":"2025-06-06T06:41:11","modified_gmt":"2025-06-06T06:41:11","slug":"lassemblee-vote-le-versement-des-allocations-familiales-des-le-premier-enfant-liberation","status":"publish","type":"post","link":"https:\/\/www.europesays.com\/fr\/155866\/","title":{"rendered":"L\u2019Assembl\u00e9e vote le versement des allocations familiales d\u00e8s le premier enfant \u2013 Lib\u00e9ration"},"content":{"rendered":"<p class=\"sc-ksZaOG ehjQrN text-element\">L\u2019Assembl\u00e9e nationale a adopt\u00e9 jeudi en premi\u00e8re lecture une proposition de loi communiste pour verser les allocations familiales d\u00e8s le premier enfant \u00e0 charge, contre l\u2019avis du gouvernement et d\u2019une partie du bloc central, qui ont notamment invoqu\u00e9 le co\u00fbt de la mesure. \u00abLes co\u00fbts li\u00e9s \u00e0 l\u2019arriv\u00e9e du premier enfant sont consid\u00e9rables : logement, mode de garde, alimentation, perte de revenus\u2026\u00bb, a d\u00e9fendu en ouverture des d\u00e9bats le d\u00e9put\u00e9 PCF \u00c9douard B\u00e9nard.<\/p>\n<p class=\"sc-ksZaOG ehjQrN text-element\">Adopt\u00e9 par 103 voix contre 17, avec des voix allant de la gauche au RN, en passant par quatre d\u00e9put\u00e9s LR, le texte \u00e9tait d\u00e9fendu dans le cadre d\u2019une journ\u00e9e r\u00e9serv\u00e9e aux initiatives du groupe communiste (\u00abniche parlementaire\u00bb). Il devra d\u00e9sormais aller au S\u00e9nat.<\/p>\n<p class=\"sc-ksZaOG ehjQrN text-element\">Si son auteur a d\u00e9fendu une \u00abadaptation aux r\u00e9alit\u00e9s sociales de notre temps\u00bb, alors que \u00abplus d\u2019un tiers des familles fran\u00e7aises ont un enfant unique\u00bb, le gouvernement s\u2019est prononc\u00e9 contre, notamment en raison d\u2019un co\u00fbt estim\u00e9 \u00e0 \u00abtrois milliards d\u2019euros\u00bb par Edouard B\u00e9nard. \u00abLa trajectoire financi\u00e8re de notre mod\u00e8le de s\u00e9curit\u00e9 sociale ne nous permet pas de mettre en place une telle mesure sans r\u00e9formes majeures impliquant des \u00e9conomies\u00bb, a jug\u00e9 Charlotte Parmentier-Lecocq (Horizons), ministre d\u00e9l\u00e9gu\u00e9e charg\u00e9e de l\u2019Autonomie et du Handicap.<\/p>\n<p class=\"sc-ksZaOG ehjQrN text-element\">Elle a assur\u00e9 que la mesure n\u2019aurait par ailleurs \u00abaucun effet redistributif pour les familles les plus modestes\u00bb, car \u00abm\u00e9caniquement le versement d\u2019allocations familiales serait absorb\u00e9 par une r\u00e9duction \u00e0 due proportion du RSA ou de la prime d\u2019activit\u00e9\u00bb. La mesure donnerait \u00abun exc\u00e9dent de pouvoir d\u2019achat aux classes les plus favoris\u00e9es\u00bb, a abond\u00e9 Pierre Cazeneuve (Renaissance).<\/p>\n<p class=\"sc-ksZaOG ehjQrN text-element\">\u00abCe sont surtout les classes moyennes qui seraient les plus grandes b\u00e9n\u00e9ficiaires, avec une estimation de 130 euros suppl\u00e9mentaires en moyenne par mois pour certaines\u00bb, a temp\u00e9r\u00e9 Edouard B\u00e9nard, contact\u00e9 par l\u2019AFP, soulignant que math\u00e9matiquement ce serait nettement moins b\u00e9n\u00e9fique aux familles qui b\u00e9n\u00e9ficient de prestations sociales, mais \u00absans baisse de pouvoir d\u2019achat\u00bb. \u00abC\u2019est pour cela qu\u2019il faut une r\u00e9forme beaucoup plus globale, ce n\u2019est qu\u2019un pied dans la porte\u00bb, a-t-il soutenu.<\/p>\n<p class=\"sc-ksZaOG ehjQrN text-element\">Pour poser des pistes de financement, les d\u00e9put\u00e9s ont adopt\u00e9 deux amendements du socialiste J\u00e9r\u00f4me Guedj, pour aller chercher des recettes en recalculant l\u2019assiette qui sert \u00e0 d\u00e9terminer les exon\u00e9rations de cotisations sociales patronales, ou de revoir certains taux r\u00e9duits de contributions d\u2019employeurs sur de l\u2019\u00e9pargne collective ou de pr\u00e9voyance en entreprise.<\/p>\n","protected":false},"excerpt":{"rendered":"L\u2019Assembl\u00e9e nationale a adopt\u00e9 jeudi en premi\u00e8re lecture une proposition de loi communiste pour verser les allocations familiales&hellip;\n","protected":false},"author":2,"featured_media":155867,"comment_status":"","ping_status":"","sticky":false,"template":"","format":"standard","meta":{"footnotes":""},"categories":[2],"tags":[11,28625,1011,27,12,6197,25198,25],"class_list":{"0":"post-155866","1":"post","2":"type-post","3":"status-publish","4":"format-standard","5":"has-post-thumbnail","7":"category-actualites","8":"tag-actualites","9":"tag-allocations-familiales","10":"tag-fr","11":"tag-france","12":"tag-news","13":"tag-parentalite","14":"tag-pcf","15":"tag-republique-francaise"},"share_on_mastodon":{"url":"https:\/\/pubeurope.com\/@fr\/114635059042255047","error":""},"_links":{"self":[{"href":"https:\/\/www.europesays.com\/fr\/wp-json\/wp\/v2\/posts\/155866","targetHints":{"allow":["GET"]}}],"collection":[{"href":"https:\/\/www.europesays.com\/fr\/wp-json\/wp\/v2\/posts"}],"about":[{"href":"https:\/\/www.europesays.com\/fr\/wp-json\/wp\/v2\/types\/post"}],"author":[{"embeddable":true,"href":"https:\/\/www.europesays.com\/fr\/wp-json\/wp\/v2\/users\/2"}],"replies":[{"embeddable":true,"href":"https:\/\/www.europesays.com\/fr\/wp-json\/wp\/v2\/comments?post=155866"}],"version-history":[{"count":0,"href":"https:\/\/www.europesays.com\/fr\/wp-json\/wp\/v2\/posts\/155866\/revisions"}],"wp:featuredmedia":[{"embeddable":true,"href":"https:\/\/www.europesays.com\/fr\/wp-json\/wp\/v2\/media\/155867"}],"wp:attachment":[{"href":"https:\/\/www.europesays.com\/fr\/wp-json\/wp\/v2\/media?parent=155866"}],"wp:term":[{"taxonomy":"category","embeddable":true,"href":"https:\/\/www.europesays.com\/fr\/wp-json\/wp\/v2\/categories?post=155866"},{"taxonomy":"post_tag","embeddable":true,"href":"https:\/\/www.europesays.com\/fr\/wp-json\/wp\/v2\/tags?post=155866"}],"curies":[{"name":"wp","href":"https:\/\/api.w.org\/{rel}","templated":true}]}}