{"id":155872,"date":"2025-06-06T06:45:16","date_gmt":"2025-06-06T06:45:16","guid":{"rendered":"https:\/\/www.europesays.com\/fr\/155872\/"},"modified":"2025-06-06T06:45:16","modified_gmt":"2025-06-06T06:45:16","slug":"elite-2-alex-pages-lobjectif-de-debut-de-saison-etait-detre-dans-les-six-premiers-rugby-a-xiii","status":"publish","type":"post","link":"https:\/\/www.europesays.com\/fr\/155872\/","title":{"rendered":"Elite 2 &#8211; Alex Pages : \u00ab\u00a0L&rsquo;objectif de d\u00e9but de saison \u00e9tait d&rsquo;\u00eatre dans les six premiers\u00a0\u00bb &#8211; Rugby \u00e0 XIII"},"content":{"rendered":"<p style=\"text-align: justify;\"><strong>Alex Pages, entraineur d\u2019Ille XIII, fait un bilan de la saison de son \u00e9quipe en Elite 2.<\/strong><\/p>\n<p style=\"text-align: justify;\">Malgr\u00e9 beaucoup d\u2019arr\u00eats et de d\u00e9parts de certains joueurs, nous avons r\u00e9ussi \u00e0 cr\u00e9er un groupe bas\u00e9 sur la jeunesse et la coh\u00e9sion. Nous finissons 3\u00e8me du championnat Elite 2. Sur 21 matchs disput\u00e9s, 14 matchs gagn\u00e9s pour 7 d\u00e9faites (67\u2009% de victoires). L\u2019objectif de d\u00e9but de saison \u00e9tait d\u2019\u00eatre dans les six premiers et ce f\u00fbt le cas. Maintenant, le manque de constance, et peut-\u00eatre d\u2019exp\u00e9rience, nous ont fait d\u00e9jouer au pire moment de la saison. Les blessures ne nous ont pas \u00e9pargn\u00e9s non plus, ce qui n\u2019a pas arrang\u00e9 les choses.<\/p>\n<p style=\"text-align: justify;\">Malgr\u00e9 cela, nous arrivons jusqu\u2019en demi-finale du championnat de France quand m\u00eame, ce qui est, pour notre club, la troisi\u00e8me en quatre saisons en Elite 2. Je tiens \u00e0 f\u00e9liciter tous les joueurs ayant fait partie de cette saison au vu des difficult\u00e9s rencontr\u00e9es ainsi que les dirigeants et b\u00e9n\u00e9voles qui, sans eux, le club ne peut pas vivre. \u00c0 pr\u00e9sent, nous allons travailler pour pr\u00e9parer la prochaine saison en consolidant la structure du club.<\/p>\n","protected":false},"excerpt":{"rendered":"Alex Pages, entraineur d\u2019Ille XIII, fait un bilan de la saison de son \u00e9quipe en Elite 2. Malgr\u00e9&hellip;\n","protected":false},"author":2,"featured_media":155873,"comment_status":"","ping_status":"","sticky":false,"template":"","format":"standard","meta":{"footnotes":""},"categories":[1416],"tags":[28626,7944,1011,27,28627,479,2228,1468,2229,60],"class_list":{"0":"post-155872","1":"post","2":"type-post","3":"status-publish","4":"format-standard","5":"has-post-thumbnail","7":"category-rugby","8":"tag-alexandre-pages","9":"tag-elite-2","10":"tag-fr","11":"tag-france","12":"tag-ille-xiii","13":"tag-rugby","14":"tag-rugby-a-xiii","15":"tag-rugby-football","16":"tag-rugby-league","17":"tag-sports"},"share_on_mastodon":{"url":"https:\/\/pubeurope.com\/@fr\/114635074743982608","error":""},"_links":{"self":[{"href":"https:\/\/www.europesays.com\/fr\/wp-json\/wp\/v2\/posts\/155872","targetHints":{"allow":["GET"]}}],"collection":[{"href":"https:\/\/www.europesays.com\/fr\/wp-json\/wp\/v2\/posts"}],"about":[{"href":"https:\/\/www.europesays.com\/fr\/wp-json\/wp\/v2\/types\/post"}],"author":[{"embeddable":true,"href":"https:\/\/www.europesays.com\/fr\/wp-json\/wp\/v2\/users\/2"}],"replies":[{"embeddable":true,"href":"https:\/\/www.europesays.com\/fr\/wp-json\/wp\/v2\/comments?post=155872"}],"version-history":[{"count":0,"href":"https:\/\/www.europesays.com\/fr\/wp-json\/wp\/v2\/posts\/155872\/revisions"}],"wp:featuredmedia":[{"embeddable":true,"href":"https:\/\/www.europesays.com\/fr\/wp-json\/wp\/v2\/media\/155873"}],"wp:attachment":[{"href":"https:\/\/www.europesays.com\/fr\/wp-json\/wp\/v2\/media?parent=155872"}],"wp:term":[{"taxonomy":"category","embeddable":true,"href":"https:\/\/www.europesays.com\/fr\/wp-json\/wp\/v2\/categories?post=155872"},{"taxonomy":"post_tag","embeddable":true,"href":"https:\/\/www.europesays.com\/fr\/wp-json\/wp\/v2\/tags?post=155872"}],"curies":[{"name":"wp","href":"https:\/\/api.w.org\/{rel}","templated":true}]}}