{"id":155878,"date":"2025-06-06T06:49:08","date_gmt":"2025-06-06T06:49:08","guid":{"rendered":"https:\/\/www.europesays.com\/fr\/155878\/"},"modified":"2025-06-06T06:49:08","modified_gmt":"2025-06-06T06:49:08","slug":"moqueries-consternation-la-chine-rate-encore-la-coupe-du-monde-et-provoque-lindignation","status":"publish","type":"post","link":"https:\/\/www.europesays.com\/fr\/155878\/","title":{"rendered":"Moqueries, consternation&#8230; La Chine rate encore la Coupe du monde et provoque l\u2019indignation"},"content":{"rendered":"<p>D\u00e9faite ce jeudi face \u00e0 l\u2019Indon\u00e9sie (1-0), la Chine a dit adieu \u00e0 la Coupe du monde 2026. La s\u00e9lection nationale subit maintenant de nombreuses moqueries.<\/p>\n<p class=\"fig-paragraph\">Les supporters et consultants chinois ont exprim\u00e9 vendredi leur consternation apr\u00e8s une \u00e9ni\u00e8me humiliante d\u00e9faite de l&rsquo;\u00e9quipe de Chine de football, qui cette fois an\u00e9antit tout espoir de qualification pour la Coupe du monde 2026. Le pr\u00e9sident Xi Jinping a dans le pass\u00e9 fait part de son espoir que son pays puisse participer, puis un jour accueillir et remporter le Mondial.<\/p>\n<p class=\"fig-paragraph\">Mais le g\u00e9ant asiatique et ses 1,4 milliard d&rsquo;habitants ne s&rsquo;est qualifi\u00e9 jusqu&rsquo;\u00e0 pr\u00e9sent que pour une seule Coupe du monde, en 2002. Une \u00e9dition au cours de laquelle l&rsquo;\u00e9quipe n&rsquo;avait marqu\u00e9 aucun but ni obtenu le moindre point. La d\u00e9faite 1-0 jeudi \u00e0 Jakarta face \u00e0 l&rsquo;Indon\u00e9sie laisse la Chine bonne derni\u00e8re du groupe C des qualifications de la zone Asie, avec sept d\u00e9faites en neuf matches, pour 20 buts encaiss\u00e9s.<\/p>\n<p class=\"fig-paragraph\">Pour le consultant Zhan Jun, l&rsquo;\u00e9quipe du s\u00e9lectionneur Branko Ivankovic a perdu \u00abpar manque d&rsquo;exp\u00e9rience, manque de comp\u00e9tences et en raison d&rsquo;une mauvaise gestion des d\u00e9tails\u00bb, a-t-il estim\u00e9 sur le r\u00e9seau social Weibo. De son c\u00f4t\u00e9, le journaliste sportif Ji Yuyang a d\u00e9plor\u00e9 que l&rsquo;entra\u00eeneur ait \u00e9t\u00e9 \u00abmoins performant que plusieurs de ses pr\u00e9d\u00e9cesseurs\u00bb, parmi lesquels ont figur\u00e9 les Italiens Marcello Lippi et Fabio Cannavaro.<\/p>\n<p>Moqueries<\/p>\n<p class=\"fig-paragraph\">\u00abDans son groupe, l&rsquo;\u00e9quipe de Chine est celle qui a enregistr\u00e9 le plus de d\u00e9faites et encaiss\u00e9 le plus de buts\u00bb, a soulign\u00e9 M. Ji. Les supporters, habitu\u00e9s aux multiples d\u00e9convenues de la s\u00e9lection nationale depuis deux d\u00e9cennies, ont fait part de leur frustration. \u00abCes joueurs de l&rsquo;\u00e9quipe nationale n&rsquo;ont pas l&rsquo;air de comprendre que l&rsquo;objectif, c&rsquo;est de mettre le ballon dans les cages adverses\u00a0! Tout ce qu&rsquo;ils savent faire, c&rsquo;est courir b\u00eatement apr\u00e8s le ballon\u00bb, a r\u00e9agi un utilisateur du r\u00e9seau social chinois Weibo.<\/p>\n<p class=\"fig-paragraph\">L&rsquo;\u00e9quipe nationale, 94e mondiale au classement Fifa, est depuis longtemps la cible de moqueries en Chine, en raison de ses pi\u00e8tres r\u00e9sultats et des multiples affaires de corruption dans le milieu.<\/p>\n<p class=\"fig-paragraph\">\u00abLa derni\u00e8re fois que la s\u00e9lection s&rsquo;est qualifi\u00e9e pour la Coupe du monde, j&rsquo;\u00e9tais en derni\u00e8re ann\u00e9e d&rsquo;\u00e9cole primaire. Peut-\u00eatre qu&rsquo;on pourra \u00e0 nouveau se qualifier quand mes petits-enfants seront en primaire\u00bb, a ironis\u00e9 un autre internaute. \u00abOn \u00e9tait psychologiquement pr\u00e9par\u00e9 \u00e0 cette \u00e9limination (&#8230;) Mais peu importe \u00e0 quel point vous \u00eates nuls, on n&rsquo;abandonnera jamais notre r\u00eave de participer \u00e0 un Mondial\u00a0!\u00bb, a \u00e9crit un utilisateur de Weibo.<\/p>\n","protected":false},"excerpt":{"rendered":"D\u00e9faite ce jeudi face \u00e0 l\u2019Indon\u00e9sie (1-0), la Chine a dit adieu \u00e0 la Coupe du monde 2026.&hellip;\n","protected":false},"author":2,"featured_media":155879,"comment_status":"","ping_status":"","sticky":false,"template":"","format":"standard","meta":{"footnotes":""},"categories":[1412],"tags":[454,69,448,83,451,64,450,449,1451,1452,1453,1454,1455,1011,27,452,453,66,446,447,70,60,455],"class_list":{"0":"post-155878","1":"post","2":"type-post","3":"status-publish","4":"format-standard","5":"has-post-thumbnail","7":"category-f1","8":"tag-ballon-dor","9":"tag-bundesliga","10":"tag-champions-league","11":"tag-coupe-de-france","12":"tag-coupe-du-monde","13":"tag-equipe-de-france","14":"tag-euro","15":"tag-europa-league","16":"tag-f1","17":"tag-formula-1","18":"tag-formula1","19":"tag-formule-1","20":"tag-formule1","21":"tag-fr","22":"tag-france","23":"tag-italie","24":"tag-liga","25":"tag-ligue-1","26":"tag-ligue-2","27":"tag-ligue-des-champions","28":"tag-premier-league","29":"tag-sports","30":"tag-uefa"},"share_on_mastodon":{"url":"https:\/\/pubeurope.com\/@fr\/114635090415587606","error":""},"_links":{"self":[{"href":"https:\/\/www.europesays.com\/fr\/wp-json\/wp\/v2\/posts\/155878","targetHints":{"allow":["GET"]}}],"collection":[{"href":"https:\/\/www.europesays.com\/fr\/wp-json\/wp\/v2\/posts"}],"about":[{"href":"https:\/\/www.europesays.com\/fr\/wp-json\/wp\/v2\/types\/post"}],"author":[{"embeddable":true,"href":"https:\/\/www.europesays.com\/fr\/wp-json\/wp\/v2\/users\/2"}],"replies":[{"embeddable":true,"href":"https:\/\/www.europesays.com\/fr\/wp-json\/wp\/v2\/comments?post=155878"}],"version-history":[{"count":0,"href":"https:\/\/www.europesays.com\/fr\/wp-json\/wp\/v2\/posts\/155878\/revisions"}],"wp:featuredmedia":[{"embeddable":true,"href":"https:\/\/www.europesays.com\/fr\/wp-json\/wp\/v2\/media\/155879"}],"wp:attachment":[{"href":"https:\/\/www.europesays.com\/fr\/wp-json\/wp\/v2\/media?parent=155878"}],"wp:term":[{"taxonomy":"category","embeddable":true,"href":"https:\/\/www.europesays.com\/fr\/wp-json\/wp\/v2\/categories?post=155878"},{"taxonomy":"post_tag","embeddable":true,"href":"https:\/\/www.europesays.com\/fr\/wp-json\/wp\/v2\/tags?post=155878"}],"curies":[{"name":"wp","href":"https:\/\/api.w.org\/{rel}","templated":true}]}}