{"id":155880,"date":"2025-06-06T06:50:10","date_gmt":"2025-06-06T06:50:10","guid":{"rendered":"https:\/\/www.europesays.com\/fr\/155880\/"},"modified":"2025-06-06T06:50:10","modified_gmt":"2025-06-06T06:50:10","slug":"tour-du-limousin-2025-les-equipes-engagees-actualite","status":"publish","type":"post","link":"https:\/\/www.europesays.com\/fr\/155880\/","title":{"rendered":"Tour du Limousin 2025 : Les \u00e9quipes engag\u00e9es &#8211; Actualit\u00e9"},"content":{"rendered":"<p style=\"text-align: justify;\">La 58e \u00e9dition du Tour du Limousin-Nouvelle Aquitaine aura lieu du 19 au 22 ao\u00fbt prochains. Apr\u00e8s avoir r\u00e9v\u00e9l\u00e9 les quatre \u00e9tapes au programme (<strong><a href=\"https:\/\/www.directvelo.com\/actualite\/116725\/tour-du-limousin-2025-les-etapes-devoilees\" target=\"_blank\" rel=\"noopener\">voir ici<\/a><\/strong>), l&rsquo;organisation a d\u00e9voil\u00e9 les \u00e9quipes engag\u00e9es sur l&rsquo;\u00e9preuve 2.1. Elles seront au nombre de 20, dont six WorldTeams et neuf ProTeams. Le vainqueur succ\u00e9dera au palmar\u00e8s \u00e0\u00a0Alex Baudin (<strong><a href=\"https:\/\/www.directvelo.com\/epreuve\/41280\/tour-du-limousin-nouvelle-aquitaine-2024\" target=\"_blank\" rel=\"noopener\">voir classements<\/a><\/strong>).<\/p>\n<p><strong>Les \u00e9quipes\u00a0du Tour du Limousin 2025 :<\/strong><br \/><strong>WorldTeams<\/strong><br \/>Ark\u00e9a-B&amp;B H\u00f4tels<br \/>Cofidis<br \/>Decathlon AG2R La Mondiale<br \/>Groupama-FDJ<br \/>Intermarch\u00e9-Wanty<br \/>XDS Astana Team<\/p>\n<p><strong>ProTeams<\/strong><br \/>TotalEnergies<br \/>Unibet Tietema Rockets<br \/>Burgos Burpellet BH<br \/>Caja Rural-Seguros RGA<br \/>Equipo Kern Pharma<br \/>Euskaltel-Eusakedi<br \/>Toscana Factory Team Vini Fantini<br \/>VF Group-Bardiani-CSF Faizane<br \/>Wagner Bazin WB<\/p>\n<p style=\"text-align: justify;\"><strong>Continentales<\/strong><br \/>CIC U Nantes\u00a0<br \/>Nice M\u00e9tropole C\u00f4te d&rsquo;Azur<br \/>St-Michel-Preference Home-Auber 93<br \/>Van Rysel-Roubaix<br \/>Bike Aid<\/p>\n","protected":false},"excerpt":{"rendered":"La 58e \u00e9dition du Tour du Limousin-Nouvelle Aquitaine aura lieu du 19 au 22 ao\u00fbt prochains. Apr\u00e8s avoir&hellip;\n","protected":false},"author":2,"featured_media":155881,"comment_status":"","ping_status":"","sticky":false,"template":"","format":"standard","meta":{"footnotes":""},"categories":[1411],"tags":[834,828,836,829,837,827,83,826,824,823,1154,207,814,817,815,816,822,821,832,211,839,1011,27,820,818,819,835,831,830,833,838,60,212,208,825],"class_list":{"0":"post-155880","1":"post","2":"type-post","3":"status-publish","4":"format-standard","5":"has-post-thumbnail","7":"category-cyclisme","8":"tag-attaque","9":"tag-belgique","10":"tag-braquet","11":"tag-bretagne","12":"tag-chute","13":"tag-competition","14":"tag-coupe-de-france","15":"tag-coureur","16":"tag-course-cyclisme","17":"tag-course-cycliste","18":"tag-cycling","19":"tag-cyclisme","20":"tag-direct","21":"tag-direct-velo","22":"tag-directvelo","23":"tag-directvelo-com","24":"tag-epreuve","25":"tag-epreuve-cycliste","26":"tag-federation-francaise-de-cyclisme","27":"tag-ffc","28":"tag-flandres","29":"tag-fr","30":"tag-france","31":"tag-live","32":"tag-live-course","33":"tag-live-epreuve","34":"tag-peloton","35":"tag-radio-peloton","36":"tag-radio-tour","37":"tag-ravitaillement","38":"tag-relance","39":"tag-sports","40":"tag-uci","41":"tag-velo","42":"tag-velos"},"share_on_mastodon":{"url":"https:\/\/pubeurope.com\/@fr\/114635094322879970","error":""},"_links":{"self":[{"href":"https:\/\/www.europesays.com\/fr\/wp-json\/wp\/v2\/posts\/155880","targetHints":{"allow":["GET"]}}],"collection":[{"href":"https:\/\/www.europesays.com\/fr\/wp-json\/wp\/v2\/posts"}],"about":[{"href":"https:\/\/www.europesays.com\/fr\/wp-json\/wp\/v2\/types\/post"}],"author":[{"embeddable":true,"href":"https:\/\/www.europesays.com\/fr\/wp-json\/wp\/v2\/users\/2"}],"replies":[{"embeddable":true,"href":"https:\/\/www.europesays.com\/fr\/wp-json\/wp\/v2\/comments?post=155880"}],"version-history":[{"count":0,"href":"https:\/\/www.europesays.com\/fr\/wp-json\/wp\/v2\/posts\/155880\/revisions"}],"wp:featuredmedia":[{"embeddable":true,"href":"https:\/\/www.europesays.com\/fr\/wp-json\/wp\/v2\/media\/155881"}],"wp:attachment":[{"href":"https:\/\/www.europesays.com\/fr\/wp-json\/wp\/v2\/media?parent=155880"}],"wp:term":[{"taxonomy":"category","embeddable":true,"href":"https:\/\/www.europesays.com\/fr\/wp-json\/wp\/v2\/categories?post=155880"},{"taxonomy":"post_tag","embeddable":true,"href":"https:\/\/www.europesays.com\/fr\/wp-json\/wp\/v2\/tags?post=155880"}],"curies":[{"name":"wp","href":"https:\/\/api.w.org\/{rel}","templated":true}]}}