{"id":155884,"date":"2025-06-06T06:52:16","date_gmt":"2025-06-06T06:52:16","guid":{"rendered":"https:\/\/www.europesays.com\/fr\/155884\/"},"modified":"2025-06-06T06:52:16","modified_gmt":"2025-06-06T06:52:16","slug":"elon-musk-et-donald-trump-en-guerre-resume-du-jour-ou-tout-a-explose","status":"publish","type":"post","link":"https:\/\/www.europesays.com\/fr\/155884\/","title":{"rendered":"Elon Musk et Donald Trump en guerre\u00a0:\u00a0r\u00e9sum\u00e9 du jour o\u00f9 tout a explos\u00e9"},"content":{"rendered":"<p>Moins d\u2019une semaine apr\u00e8s son d\u00e9part du DOGE, Elon Musk change de camp et appelle d\u00e9sormais \u00e0 la destitution de Donald Trump, qu\u2019il accuse de conduire les \u00c9tats-Unis \u00e0 sa perte. Le milliardaire accuse Donald Trump de faire partie de la liste de Jeffrey Epstein, insulte ses anciens alli\u00e9s r\u00e9publicains et pr\u00e9tend mener une fronde politique. Donald Trump ne m\u00e2che \u00e9galement pas ses mots et envisage de couper tous les programmes publics avec Tesla et SpaceX. <\/p>\n<p>Les ruptures, c\u2019est toujours compliqu\u00e9. Quand elles concernent deux des hommes les plus puissants du monde, qui plus est deux personnalit\u00e9s connues pour leurs manques de retenue, les d\u00e9g\u00e2ts peuvent \u00eatre encore plus colossaux. <\/p>\n<p>Donald Trump et Elon Musk, <a href=\"https:\/\/www.numerama.com\/politique\/1943445-lumieres-obscures-les-secrets-de-la-nouvelle-ideologie-delon-musk-et-donald-trump.html\" data-type=\"post\" data-id=\"1943445\" target=\"_blank\" rel=\"noopener\">les deux alli\u00e9s improbables du d\u00e9but de mandat du 47\u00e8me pr\u00e9sident am\u00e9ricain<\/a>, sont en pleine guerre m\u00e9diatique. Elon Musk met en sc\u00e8ne son retrait du camp MAGA de la pire des mani\u00e8res\u00a0: il insulte tout le monde et balance des \u00ab\u00a0gossips \u00bb sur le pr\u00e9sident am\u00e9ricain. Donald Trump, lui, rabaisse Elon Musk et menace publiquement de d\u00e9truire ses entreprises, qui traversent une crise financi\u00e8re in\u00e9dite.  <\/p>\n<p>Pourquoi Elon Musk d\u00e9teste soudainement Donald Trump ? <\/p>\n<p>Pour comprendre ce qu\u2019il se passe entre les deux hommes, il faut revenir \u00e0 la campagne pr\u00e9sidentielle am\u00e9ricaine de 2024. \u00c0 l\u2019\u00e9poque anti-Joe Biden et d\u00e9j\u00e0 tr\u00e8s conservateur, notamment sur la question des droits LGBT ou sur \u00ab l\u2019anti-wokisme \u00bb, Elon Musk avait pris <a href=\"https:\/\/www.numerama.com\/tech\/1775516-apres-la-tentative-dassassinat-de-donald-trump-elon-musk.html\" data-type=\"post\" data-id=\"1775516\" target=\"_blank\" rel=\"noopener\">la d\u00e9cision de soutenir Donald Trump<\/a> apr\u00e8s sa tentative d\u2019assassinat. Le milliardaire avait frapp\u00e9 fort en faisant campagne pour le R\u00e9publicain, <a href=\"https:\/\/www.numerama.com\/tech\/1829506-elon-musk-paye-les-americains-pour-faire-elire-donald-trump.html\" target=\"_blank\" rel=\"noopener\">en organisant des concours avec de l\u2019argent \u00e0 la cl\u00e9 pour inciter \u00e0 voter pour lui<\/a> et en mettant toute sa puissance financi\u00e8re et la puissance m\u00e9diatique de son r\u00e9seau social au service de Donald Trump. Des enqu\u00eates sont aujourd\u2019hui en cours pour d\u00e9terminer si Elon Musk a achet\u00e9 l\u2019\u00e9lection de Donald Trump, afin de favoriser ses propres int\u00e9r\u00eats. <\/p>\n<p><a href=\"https:\/\/www.numerama.com\/wp-content\/uploads\/2024\/10\/musk.jpg\" target=\"_blank\" rel=\"noopener\"><img decoding=\"async\" width=\"1024\" height=\"576\" loading=\"lazy\" alt=\"Elon Musk et ses ch\u00e8ques politiques. \/\/ Source : X\" title=\"Elon Musk et ses ch\u00e8ques politiques. \/\/ Source : X\" class=\"wp-image-1829534 placeholder-default wp-image\" src=\"https:\/\/www.europesays.com\/fr\/wp-content\/uploads\/2025\/06\/musk-1024x576.jpg\" \/><\/a>Elon Musk et ses ch\u00e8ques politiques pour inciter \u00e0 voter Donald Trump. \/\/ Source : <a href=\"https:\/\/x.com\/RpsAgainstTrump\/status\/1847802849238941981\" target=\"_blank\" rel=\"noopener\">X<\/a><\/p>\n<p>Huit mois plus tard, le torchon a br\u00fbl\u00e9. Apr\u00e8s avoir occup\u00e9 un semi-minist\u00e8re pendant six mois pour r\u00e9duire les d\u00e9penses gouvernementales (le DOGE, qui n\u2019a pas eu l\u2019effet escompt\u00e9), Elon Musk est de retour dans le priv\u00e9 depuis le 27 mai 2025. <\/p>\n<p>Le milliardaire n\u2019a pas perdu de temps et a expliqu\u00e9 \u00eatre \u00ab d\u00e9\u00e7u \u00bb d\u00e8s le lendemain de l\u2019annonce, avant de fustiger publiquement  les actions de Donald Trump sur Twitter le 3 juin. Il affirme que le budget propos\u00e9 par la Maison-Blanche va \u00e0 l\u2019encontre de tout ce qu\u2019il a tent\u00e9 de proposer \u00e0 Washington. Elon Musk revendique aussi ce que tout le monde suspectait : sans lui, Donald Trump aurait perdu l\u2019\u00e9lection. Une d\u00e9claration pol\u00e9mique qui lui vaudra assur\u00e9ment des ennuis dans les prochaines ann\u00e9es, surtout si les camps d\u00e9mocrates et r\u00e9publicains sont contre lui. <\/p>\n<p><a href=\"https:\/\/www.numerama.com\/wp-content\/uploads\/2025\/06\/screenshot-2025-06-06-at-065553.png\" target=\"_blank\" rel=\"noopener\"><img decoding=\"async\" width=\"1024\" height=\"436\" loading=\"lazy\" alt=\"\u00ab Sans moi, Trump aurait perdu l'\u00e9lection, les D\u00e9mocrates contr\u00f4lent le Congr\u00e9s et les R\u00e9publicatons aurait 51\/49 au S\u00e9nat \u00bb, affirme Elon Musk.\" title=\"\u00ab Sans moi, Trump aurait perdu l'\u00e9lection, les D\u00e9mocrates contr\u00f4lent le Congr\u00e9s et les R\u00e9publicatons aurait 51\/49 au S\u00e9nat \u00bb, affirme Elon Musk.\" class=\"wp-image-1985869 placeholder-default wp-image\" src=\"https:\/\/www.europesays.com\/fr\/wp-content\/uploads\/2025\/06\/screenshot-2025-06-06-at-065553-1024x436.png\" \/><\/a>\u00ab Sans moi, Trump aurait perdu l\u2019\u00e9lection, les D\u00e9mocrates contr\u00f4lent le Congr\u00e9s et les R\u00e9publicatons aurait 51\/49 au S\u00e9nat \u00bb, affirme Elon Musk.  \/\/ Source : Capture Numerama<\/p>\n<p>En repr\u00e9sailles, Donald Trump moque Elon Musk et son ingratitude, en le qualifiant notamment de \u00ab fou \u00bb. Il th\u00e9orise le fait que le milliardaire est en col\u00e8re puisque ses r\u00e9formes sont contre la voiture \u00e9lectrique \u00ab que personne ne veut \u00bb et reproche \u00e0 son ancien collaborateur son manque de fid\u00e9lit\u00e9. Sur <a target=\"_blank\" href=\"https:\/\/truthsocial.com\/@realDonaldTrump\" rel=\"noopener\">son compte Truth Social<\/a>, Donald Trump a publi\u00e9 plusieurs messages anti-Elon Musk. <\/p>\n<p><a href=\"https:\/\/www.numerama.com\/wp-content\/uploads\/2025\/06\/image-1-7.jpg\" target=\"_blank\" rel=\"noopener\"><img decoding=\"async\" width=\"1024\" height=\"689\" loading=\"lazy\" alt=\"Publications Truth de Donald Trump contre la voiture \u00e9lectrique et Elon Musk.\" title=\"Publications Truth de Donald Trump contre la voiture \u00e9lectrique et Elon Musk.\" class=\"wp-image-1985871 placeholder-default wp-image\" src=\"https:\/\/www.europesays.com\/fr\/wp-content\/uploads\/2025\/06\/image-1-7-1024x689.jpg\" \/><\/a>Publications Truth de Donald Trump contre la voiture \u00e9lectrique et Elon Musk. \/\/ Source : Capture X<\/p>\n<p>Elon Musk s\u2019attaque personnellement \u00e0 Donald Trump et l\u2019accuse d\u2019\u00eatre sur la liste de Jeffrey Epstein <\/p>\n<p>Une des promesses populistes de Donald Trump pendant sa compagne \u00e9tait de d\u00e9classifier plusieurs dossiers complotistes, comme la liste de Jeffrey Epstein (le milliardaire qui organisait des orgies p\u00e9dophiles sur une \u00eele avec des c\u00e9l\u00e9brit\u00e9s, avant de se suicider en prison). Ce sujet fascine les Am\u00e9ricains depuis des ann\u00e9es : beaucoup se demandent qui sont les fameux complices. <\/p>\n<p>Apr\u00e8s avoir \u00e9t\u00e9 insult\u00e9 et menac\u00e9 par Donald Trump, Elon Musk a d\u00e9cid\u00e9 de r\u00e9pondre d\u2019une mani\u00e8re inattendue en annon\u00e7ant \u00ab qu\u2019il \u00e9tait temps de l\u00e2cher la grosse bombe \u00bb. Son attaque est la suivante : \u00ab Donald Trump est sur la liste Epstein. C\u2019est la raison pour laquelle il ne l\u2019a pas rendue publique\u00a0\u00bb, affirme le milliardaire, qui ajoute derri\u00e8re un \u00ab Bonne journ\u00e9e, Donald Trump \u00bb. Une attaque personnelle d\u2019une violence rare, Elon Musk affirme globalement que le pr\u00e9sident des \u00c9tats-Unis, avec qui il a pass\u00e9 plus de 10 mois, souvent avec son fils, est un p\u00e9dophile. <\/p>\n<p><a href=\"https:\/\/www.numerama.com\/wp-content\/uploads\/2025\/06\/screenshot-2025-06-06-at-070258.png\" target=\"_blank\" rel=\"noopener\"><img decoding=\"async\" width=\"1024\" height=\"590\" loading=\"lazy\" alt=\"Elon Musk affirme que Donald Trump est complice de Jeffrey Epstein.\" title=\"Elon Musk affirme que Donald Trump est complice de Jeffrey Epstein.\" class=\"wp-image-1985873 placeholder-default wp-image\" src=\"https:\/\/www.europesays.com\/fr\/wp-content\/uploads\/2025\/06\/screenshot-2025-06-06-at-070258-1024x590.png\" \/><\/a>Elon Musk affirme que Donald Trump est complice de Jeffrey Epstein. \/\/ Source : <a href=\"https:\/\/x.com\/elonmusk\/status\/1930703865801810022\" rel=\"nofollow noopener\" target=\"_blank\">X<\/a><\/p>\n<p>Sur son compte Twitter, Elon Musk a attaqu\u00e9 Donald Trump plusieurs dizaines de fois. Il sugg\u00e8re la cr\u00e9ation d\u2019un nouveau parti politique, ironise sur l\u2019\u00e2ge du pr\u00e9sident (qui ne restera pas longtemps, contrairement \u00e0 lui), <a href=\"https:\/\/x.com\/elonmusk\/status\/1930722828481098043\" target=\"_blank\">affirme que Donald Trump va provoquer une r\u00e9cession<\/a> et se fait passer pour un h\u00e9ros de l\u2019anti-Trumpisme. Sans surprise, la plupart de ses comptes fans, apr\u00e8s avoir pass\u00e9 des mois \u00e0 se faire passer pour des comptes pro-Trump, applaudissent maintenant Elon Musk pour sa volont\u00e9 de sauver les \u00c9tats-Unis. On assiste \u00e0 un immense retournement de veste sur X.<\/p>\n<p>En avril 2025, plusieurs m\u00e9dias am\u00e9ricains avaient annonc\u00e9 des tensions entre les clans Musk et Trump. <a href=\"https:\/\/www.numerama.com\/politique\/1942361-elon-musk-devrait-bientot-quitter-le-gouvernement-americain.html\" target=\"_blank\" rel=\"noopener\">Le milliardaire avait imm\u00e9diatement d\u00e9menti<\/a>, en accusant les m\u00e9dias de mentir. Ce qu\u2019il se passe aujourd\u2019hui semble valider les pr\u00e9c\u00e9dentes informations : l\u2019ombre d\u2019Elon Musk n\u2019\u00e9tait pas appr\u00e9ci\u00e9e \u00e0 la Maison-Blanche. <\/p>\n<p>Donald Trump veut couper les commandes publiques pour SpaceX et Tesla, Elon Musk menace d\u2019abandonner l\u2019ISS<\/p>\n<p>Elon Musk reproche \u00e0 Donald Trump de d\u00e9penser trop d\u2019argent public. Le pr\u00e9sident am\u00e9ricain fait donc une proposition pour payer moins : \u00ab le moyen le plus simple d\u2019\u00e9conomiser de l\u2019argent dans notre budget, des milliards et des milliards de dollars, est de mettre fin aux subventions et aux contrats gouvernementaux d\u2019Elon. J\u2019ai toujours \u00e9t\u00e9 surpris que Biden ne l\u2019ait pas fait\u00a0\u00bb, moque le pr\u00e9sident. <\/p>\n<p>SpaceX, qui re\u00e7oit des milliards de dollars publics, est directement menac\u00e9 par Donald Trump. Les cr\u00e9dits d\u2019imp\u00f4t dont b\u00e9n\u00e9ficie Tesla aussi, ce qui risque de provoquer un effondrement boursier du constructeur automobile. Tout l\u2019empire d\u2019Elon Musk est soudainement en danger, alors que ses entreprises avaient d\u00e9j\u00e0 pris un coup depuis sa transformation en un homme politique. L\u2019action Tesla a perdu 14 % de sa valeur jeudi. <\/p>\n<p><a href=\"https:\/\/www.numerama.com\/wp-content\/uploads\/2025\/06\/screenshot-2025-06-06-at-070644.jpg\" target=\"_blank\" rel=\"noopener\"><img decoding=\"async\" width=\"1024\" height=\"632\" loading=\"lazy\" alt=\"Elon Musk menace d'abandonner la station spatial internationale si Trump applique ses menaces.\" title=\"Elon Musk menace d'abandonner la station spatial internationale si Trump applique ses menaces.\" class=\"wp-image-1985875 placeholder-default wp-image\" src=\"https:\/\/www.europesays.com\/fr\/wp-content\/uploads\/2025\/06\/screenshot-2025-06-06-at-070644-1024x632.jpg\" \/><\/a>Elon Musk menace d\u2019abandonner la station spatial internationale si Trump applique ses menaces. \/\/ Source : X<\/p>\n<p>Est-ce assez pour calmer Musk ? C\u2019est mal conna\u00eetre le personnage. Le milliardaire annonce arr\u00eater sa capsule Dragon imm\u00e9diatement, au risque de paralyser totalement la Station Spatiale Internationale et les astronautes am\u00e9ricains sur place (il a depuis temp\u00e9r\u00e9 cette d\u00e9cision apr\u00e8s avoir lu la r\u00e9ponse d\u2019un internaute). Un moyen de pression qui confirme la nature in\u00e9dite de ce divorce public.<\/p>\n<p>Elon Musk sugg\u00e8re que Donald Trump doit \u00eatre destitu\u00e9 <\/p>\n<p>Dernier coup de gr\u00e2ce : en retweetant des publications de ses proches qui soutenaient jusque-l\u00e0 Donald Trump, Elon Musk encourage l\u2019id\u00e9e selon laquelle le pr\u00e9sident am\u00e9ricain doit partir. Il demande \u00e0 ce que JD Vance, le vice-pr\u00e9sident, prenne sa place. <\/p>\n<p><a href=\"https:\/\/www.numerama.com\/wp-content\/uploads\/2025\/06\/image-1.png\" target=\"_blank\" rel=\"noopener\"><img decoding=\"async\" width=\"1024\" height=\"607\" loading=\"lazy\" alt=\"Elon Musk est en faveur du remplacement de Donald Trump par JD Vance.\" title=\"Elon Musk est en faveur du remplacement de Donald Trump par JD Vance.\" class=\"wp-image-1985877 placeholder-default wp-image\" src=\"https:\/\/www.europesays.com\/fr\/wp-content\/uploads\/2025\/06\/image-1-1024x607.png\" \/><\/a>Elon Musk est en faveur du remplacement de Donald Trump par JD Vance. \/\/ Source : X<\/p>\n<p>Ce n\u2019est pas la premi\u00e8re dispute d\u2019Elon Musk et Donald Trump. Avant que le patron de Tesla fasse campagne pour Trump, les deux hommes avaient <a href=\"https:\/\/www.numerama.com\/tech\/1037964-elon-musk-et-donald-trump-les-deux-twittos-les-plus-clivants-sinsultent-sur-les-reseaux-sociaux.html\" data-type=\"post\" data-id=\"1037964\" target=\"_blank\" rel=\"noopener\">un historique d\u2019insultes sur les r\u00e9seaux sociaux<\/a>. Une r\u00e9conciliation est toujours possible, m\u00eame si Elon Musk pourrait pr\u00e9f\u00e9rer faire cavalier seul et mener sa propre action politique. Pour rappel, en tant que personnalit\u00e9 n\u00e9e \u00e0 l\u2019\u00e9tranger, Elon Musk ne peut pas se pr\u00e9senter \u00e0 l\u2019\u00e9lection pr\u00e9sidentielle.<\/p>\n<\/p>\n<p>            Ce contenu est bloqu\u00e9 car vous n\u2019avez pas accept\u00e9 les cookies et autres traceurs. Ce contenu est fourni par YouTube.<br \/>Pour pouvoir le visualiser, vous devez accepter l\u2019usage \u00e9tant op\u00e9r\u00e9 par YouTube avec vos donn\u00e9es qui pourront \u00eatre utilis\u00e9es pour les finalit\u00e9s suivantes : vous permettre de visualiser et de partager des contenus avec des m\u00e9dias sociaux, favoriser le d\u00e9veloppement et l\u2019am\u00e9lioration des produits d\u2019Humanoid et de ses partenaires, vous afficher des publicit\u00e9s personnalis\u00e9es par rapport \u00e0 votre profil et activit\u00e9, vous d\u00e9finir un profil publicitaire personnalis\u00e9, mesurer la performance des publicit\u00e9s et du contenu de ce site et mesurer l\u2019audience de ce site <a href=\"#\" class=\"js-privacy\" target=\"_blank\">(en savoir plus)<\/a>        <\/p>\n<p>            En cliquant sur \u00ab J\u2019accepte tout \u00bb, vous consentez aux finalit\u00e9s susmentionn\u00e9es pour l\u2019ensemble des cookies et autres traceurs d\u00e9pos\u00e9s par Humanoid et <a class=\"embed-consent-overlay-vendors-link\" href=\"#preferences-vendeurs\">ses partenaires<\/a>.        <\/p>\n<p>            Vous gardez la possibilit\u00e9 de retirer votre consentement \u00e0 tout moment. Pour plus d\u2019informations, nous vous invitons \u00e0 prendre connaissance de notre <a href=\"https:\/\/www.numerama.com\/politique-cookies\" target=\"_blank\" rel=\"noopener\">Politique cookies<\/a>.        <\/p>\n<p>        J\u2019accepte tout    <\/p>\n<p class=\"embed-consent-overlay-manage-choices\">        <a href=\"#preferences-publicitaires\">G\u00e9rer mes choix<\/a>    <\/p>\n<p>            <img decoding=\"async\" src=\"https:\/\/www.europesays.com\/fr\/wp-content\/uploads\/2025\/04\/iPhone-16-pro.png\" alt=\"Toute l'actu tech en un clien d'oeil\"\/><\/p>\n<p class=\"card-install-pwa__title\">Toute l&rsquo;actu tech en un clin d&rsquo;\u0153il<\/p>\n<p class=\"card-install-pwa__description\">Ajoutez Numerama \u00e0 votre \u00e9cran d&rsquo;accueil et restez connect\u00e9s au futur !<\/p>\n<p>            <img decoding=\"async\" src=\"https:\/\/www.europesays.com\/fr\/wp-content\/uploads\/2025\/04\/logo-card-pwa-coupe.svg.svg+xml\" alt=\"Logo PWA\"\/><\/p>\n<p>       Installer Numerama<\/p>\n","protected":false},"excerpt":{"rendered":"Moins d\u2019une semaine apr\u00e8s son d\u00e9part du DOGE, Elon Musk change de camp et appelle d\u00e9sormais \u00e0 la&hellip;\n","protected":false},"author":2,"featured_media":155885,"comment_status":"","ping_status":"","sticky":false,"template":"","format":"standard","meta":{"footnotes":""},"categories":[1359],"tags":[58,26072,75,46,59,73,1011,27,973],"class_list":{"0":"post-155884","1":"post","2":"type-post","3":"status-publish","4":"format-standard","5":"has-post-thumbnail","7":"category-people","8":"tag-divertissement","9":"tag-doge","10":"tag-donald-trump","11":"tag-elon-musk","12":"tag-entertainment","13":"tag-etats-unis","14":"tag-fr","15":"tag-france","16":"tag-people"},"share_on_mastodon":{"url":"https:\/\/pubeurope.com\/@fr\/114635102367050648","error":""},"_links":{"self":[{"href":"https:\/\/www.europesays.com\/fr\/wp-json\/wp\/v2\/posts\/155884","targetHints":{"allow":["GET"]}}],"collection":[{"href":"https:\/\/www.europesays.com\/fr\/wp-json\/wp\/v2\/posts"}],"about":[{"href":"https:\/\/www.europesays.com\/fr\/wp-json\/wp\/v2\/types\/post"}],"author":[{"embeddable":true,"href":"https:\/\/www.europesays.com\/fr\/wp-json\/wp\/v2\/users\/2"}],"replies":[{"embeddable":true,"href":"https:\/\/www.europesays.com\/fr\/wp-json\/wp\/v2\/comments?post=155884"}],"version-history":[{"count":0,"href":"https:\/\/www.europesays.com\/fr\/wp-json\/wp\/v2\/posts\/155884\/revisions"}],"wp:featuredmedia":[{"embeddable":true,"href":"https:\/\/www.europesays.com\/fr\/wp-json\/wp\/v2\/media\/155885"}],"wp:attachment":[{"href":"https:\/\/www.europesays.com\/fr\/wp-json\/wp\/v2\/media?parent=155884"}],"wp:term":[{"taxonomy":"category","embeddable":true,"href":"https:\/\/www.europesays.com\/fr\/wp-json\/wp\/v2\/categories?post=155884"},{"taxonomy":"post_tag","embeddable":true,"href":"https:\/\/www.europesays.com\/fr\/wp-json\/wp\/v2\/tags?post=155884"}],"curies":[{"name":"wp","href":"https:\/\/api.w.org\/{rel}","templated":true}]}}