{"id":155888,"date":"2025-06-06T06:54:09","date_gmt":"2025-06-06T06:54:09","guid":{"rendered":"https:\/\/www.europesays.com\/fr\/155888\/"},"modified":"2025-06-06T06:54:09","modified_gmt":"2025-06-06T06:54:09","slug":"un-livre-revele-la-responsabilite-de-francois-mitterrand","status":"publish","type":"post","link":"https:\/\/www.europesays.com\/fr\/155888\/","title":{"rendered":"un livre r\u00e9v\u00e8le la responsabilit\u00e9 de Fran\u00e7ois Mitterrand"},"content":{"rendered":"<p><strong>EXCLUSIF &#8211; <\/strong>Quarante ans apr\u00e8s le sabotage du navire par les services secrets fran\u00e7ais, le journaliste Herv\u00e9 Gattegno r\u00e9v\u00e8le comment le pr\u00e9sident socialiste est sorti indemne d\u2019une affaire dont il \u00e9tait pourtant le premier inform\u00e9\u2026 et responsable.<\/p>\n<p class=\"fig-paragraph\">Le 10\u00a0juillet 1985, une d\u00e9flagration d\u00e9chire la coque du\u00a0<a href=\"https:\/\/www.lefigaro.fr\/histoire\/archives\/2015\/07\/09\/26010-20150709ARTFIG00240-le-10-juillet-1985-le-sabotage-du-rainbow-warrior.php\" target=\"_blank\" data-fig-type=\"Article\" rel=\"noopener\" data-gtm-custom-categorie=\"navigation\" data-gtm-custom-action=\"crossclick\" data-gtm-custom-label=\"Contextuel\" data-gtm-event=\"customEventSPE\" data-fig-domain=\"LEFIGARO\">Rainbow Warrior<\/a> , au mouillage dans la baie d\u2019Auckland, en Nouvelle-Z\u00e9lande. Ce chalutier appartient \u00e0 l\u2019ONG \u00e9cologiste Greenpeace, qui voulait l\u2019utiliser pour perturber les essais nucl\u00e9aires fran\u00e7ais dans le Pacifique. Fernando Pereira, un photographe portugais sympathisant de la cause, est retrouv\u00e9 mort \u00e0 bord apr\u00e8s une seconde explosion.<\/p>\n<p class=\"fig-paragraph\">Dans Deux bombes sous le Rainbow Warrior. Les derniers secrets de l\u2019affaire qui aurait pu couler Mitterrand\u00a0*, Herv\u00e9 Gattegno \u00e9claire les zones d\u2019ombre qui entouraient encore le plus grand scandale des quatorze ann\u00e9es de mandat du pr\u00e9sident socialiste. Journaliste au Monde en 2005, il avait d\u00e9j\u00e0 publi\u00e9 des extraits d\u2019un document confidentiel\u00a0: le rapport sur le sabotage du navire r\u00e9dig\u00e9 par\u00a0<a href=\"http:\/\/www.lefigaro.fr\/flash-actu\/l-amiral-lacoste-est-mort-20200113\" target=\"_blank\" data-fig-type=\"NewsFlash\" rel=\"noopener\" data-gtm-custom-categorie=\"navigation\" data-gtm-custom-action=\"crossclick\" data-gtm-custom-label=\"Contextuel\" data-gtm-event=\"customEventSPE\" data-fig-domain=\"LEFIGARO\">l\u2019amiral Pierre Lacoste<\/a>\u00a0en 1986, alors que l\u2019affaire venait de lui co\u00fbter son poste \u00e0 la t\u00eate de la Direction g\u00e9n\u00e9rale de la s\u00e9curit\u00e9 ext\u00e9rieure (DGSE).<\/p>\n<p>Col\u00e8re<\/p>\n<p class=\"fig-paragraph\">Quarante ans plus tard, il rend pour la premi\u00e8re fois\u2026<\/p>\n<p class=\"fig-premium-paywall__infos\">\n        Cet article est r\u00e9serv\u00e9 aux abonn\u00e9s.        Il vous reste 96% \u00e0 d\u00e9couvrir.\n    <\/p>\n<p>                <img  data- alt=\"Le Figaro\" class=\"fig-img--complete fig-img\"\/><\/p>\n<p class=\"fig-premium-paywall__title\">Vente Flash<\/p>\n<p class=\"fig-premium-paywall__subtitle\">3,99\u20ac par mois pendant 12 mois. Sans engagement.<\/p>\n<p class=\"fig-premium-paywall__connect\">\n                D\u00e9j\u00e0 abonn\u00e9\u00a0?                <a class=\"fig-premium-paywall__connect-link\" href=\"https:\/\/connect.lefigaro.fr\/login?client=horizon_web&amp;type=main&amp;redirect_uri=https%3A%2F%2Fwww.lefigaro.fr%2Factualite-france%2Fsabotage-du-rainbow-warrior-de-greenpeace-un-livre-revele-la-responsabilite-de-francois-mitterrand-20250606\" data-js-gtm=\"{&quot;customCategorie&quot;: &quot;conversion&quot;, &quot;customAction&quot;: &quot;before_Landing_Connexion_paywall_auto&quot;, &quot;customLabel&quot;: &quot;bGVmaWdhcm8uZnJfXzFmMDQxNTRhLWYyZDEtNmYwZS1hZTA2LWViY2Y5ODY1ZjY1NV9fQXJ0aWNsZQ==_Sabotage du &lt;i&gt;Rainbow Warrior&lt;\/i&gt; de Greenpeace\u00a0: un livre r\u00e9v\u00e8le la responsabilit\u00e9 de Fran\u00e7ois Mitterrand_50&quot;, &quot;customIDSPE&quot;: &quot;bGVmaWdhcm8uZnJfXzFmMDQxNTRhLWYyZDEtNmYwZS1hZTA2LWViY2Y5ODY1ZjY1NV9fQXJ0aWNsZQ==&quot;, &quot;event&quot;: &quot;customEventSPE&quot;}\" target=\"_blank\" rel=\"noopener\"><br \/>\n                    Connectez-vous<br \/>\n                <\/a>\n            <\/p>\n","protected":false},"excerpt":{"rendered":"EXCLUSIF &#8211; Quarante ans apr\u00e8s le sabotage du navire par les services secrets fran\u00e7ais, le journaliste Herv\u00e9 Gattegno&hellip;\n","protected":false},"author":2,"featured_media":155889,"comment_status":"","ping_status":"","sticky":false,"template":"","format":"standard","meta":{"footnotes":""},"categories":[1357],"tags":[47,1058,1054,1059,1060,1055,1379,58,1057,59,118,1011,27,28628,1061,303,1380,1062,656,104,1056,809],"class_list":{"0":"post-155888","1":"post","2":"type-post","3":"status-publish","4":"format-standard","5":"has-post-thumbnail","7":"category-livres","8":"tag-actualite","9":"tag-actualite-education","10":"tag-actualite-france","11":"tag-actualite-justice","12":"tag-actualite-securite","13":"tag-actualite-societe","14":"tag-books","15":"tag-divertissement","16":"tag-education","17":"tag-entertainment","18":"tag-faits-divers","19":"tag-fr","20":"tag-france","21":"tag-francois-mitterrand","22":"tag-immigration","23":"tag-justice","24":"tag-livres","25":"tag-polemique","26":"tag-securite","27":"tag-societe","28":"tag-societe-francaise","29":"tag-violence"},"share_on_mastodon":{"url":"https:\/\/pubeurope.com\/@fr\/114635110069297001","error":""},"_links":{"self":[{"href":"https:\/\/www.europesays.com\/fr\/wp-json\/wp\/v2\/posts\/155888","targetHints":{"allow":["GET"]}}],"collection":[{"href":"https:\/\/www.europesays.com\/fr\/wp-json\/wp\/v2\/posts"}],"about":[{"href":"https:\/\/www.europesays.com\/fr\/wp-json\/wp\/v2\/types\/post"}],"author":[{"embeddable":true,"href":"https:\/\/www.europesays.com\/fr\/wp-json\/wp\/v2\/users\/2"}],"replies":[{"embeddable":true,"href":"https:\/\/www.europesays.com\/fr\/wp-json\/wp\/v2\/comments?post=155888"}],"version-history":[{"count":0,"href":"https:\/\/www.europesays.com\/fr\/wp-json\/wp\/v2\/posts\/155888\/revisions"}],"wp:featuredmedia":[{"embeddable":true,"href":"https:\/\/www.europesays.com\/fr\/wp-json\/wp\/v2\/media\/155889"}],"wp:attachment":[{"href":"https:\/\/www.europesays.com\/fr\/wp-json\/wp\/v2\/media?parent=155888"}],"wp:term":[{"taxonomy":"category","embeddable":true,"href":"https:\/\/www.europesays.com\/fr\/wp-json\/wp\/v2\/categories?post=155888"},{"taxonomy":"post_tag","embeddable":true,"href":"https:\/\/www.europesays.com\/fr\/wp-json\/wp\/v2\/tags?post=155888"}],"curies":[{"name":"wp","href":"https:\/\/api.w.org\/{rel}","templated":true}]}}