{"id":155890,"date":"2025-06-06T06:55:09","date_gmt":"2025-06-06T06:55:09","guid":{"rendered":"https:\/\/www.europesays.com\/fr\/155890\/"},"modified":"2025-06-06T06:55:09","modified_gmt":"2025-06-06T06:55:09","slug":"big-brother-dans-ce-village-de-la-roya-sebastien-olharan-repond-aux-critiques-sur-la-videoprotection-de-la-commune","status":"publish","type":"post","link":"https:\/\/www.europesays.com\/fr\/155890\/","title":{"rendered":"Big Brother dans ce village de la Roya? S\u00e9bastien Olharan r\u00e9pond aux critiques sur la vid\u00e9oprotection de la commune"},"content":{"rendered":"<p>Une cam\u00e9ra pour 57 habitants. Des chiffres qui font dire \u00e0 certains que Breil-sur-Roya serait presque devenu le Big Brother des Alpes-Maritimes. R\u00e9cemment, Amnesty International, par la voie de son \u00ab\u00a0magazine des droits humains\u00a0\u00bb, d\u00e9non\u00e7ait l\u2019installation \u00ab\u00a0des cam\u00e9ras pour pr\u00e9venir des infractions\u2026 parfois imaginaires\u00a0\u00bb dans les villages.<\/p>\n<p>Face aux interrogations et critiques r\u00e9currentes sur la mise en place de la vid\u00e9oprotection, le maire S\u00e9bastien Olharan a souhait\u00e9 faire une mise au point. Dans une publication diffus\u00e9e sur ses r\u00e9seaux sociaux, l\u2019\u00e9lu est revenu point par point sur ce qu\u2019il qualifie de \u00ab\u00a0fausses affirmations\u00a0\u00bb.<\/p>\n<p>La commune compte actuellement 42 cam\u00e9ras install\u00e9es sur 20 sites strat\u00e9giques. Contrairement \u00e0 ce qui a pu \u00eatre avanc\u00e9, Breil ne ferait pas partie des communes les plus \u00ab\u00a0\u00e9quip\u00e9es\u00a0\u00bb de France en proportion du nombre d\u2019habitants. \u00ab\u00a0Il y a une cam\u00e9ra pour 57 habitants. Sur les 32 communes de moins de 5.000 habitants \u00e9quip\u00e9es de vid\u00e9oprotection dans les Alpes-Maritimes, il y en a 12 qui ont un nombre de cam\u00e9ras par habitant plus important\u00a0\u00bb, explique le maire, citant Aspremont (une pour 48), Bouyon (une pour 20), Isola (1 pour 30) ou encore Saint-Jean-Cap-Ferrat (une pour 21). En termes de couverture spatiale, Breil figure m\u00eame parmi les communes ayant le moins de cam\u00e9ras par kilom\u00e8tre carr\u00e9, avec une pour 2km2.<\/p>\n<p>\u00ab\u00a0Breil n\u2019est pas Chicago mais\u2026\u00a0\u00bb<\/p>\n<p>              <img ci-src=\"https:\/\/www.nicematin.com\/securite\/protec\/DATA_ART_15662678-Al32Iqxj.jpg?vh=acf93d&amp;ci_seal=dda13184de\" alt=\"\"\/><br \/>\n         <strong>S. B. et F.B.T..<\/strong> <\/p>\n<p>Autre affirmation rejet\u00e9e: l\u2019absence de d\u00e9linquance \u00e0 Breil. L\u2019\u00e9lu rappelle les chiffres enregistr\u00e9s en 2020: 162 faits de d\u00e9linquance g\u00e9n\u00e9rale, 45 atteintes aux biens et 29 atteintes volontaires \u00e0 l\u2019int\u00e9grit\u00e9 physique, 54 comportements portant atteinte \u00e0 la tranquillit\u00e9 publique, 34 infractions \u00e0 la l\u00e9gislation sur les stup\u00e9fiants\u2026 En 2023, 129 faits ont encore \u00e9t\u00e9 recens\u00e9s, ainsi que 35 atteintes \u00e0 l\u2019int\u00e9grit\u00e9 physique, 63 troubles \u00e0 la tranquillit\u00e9 publique et 24 atteintes aux biens. \u00ab\u00a0Breil n\u2019est pas Chicago mais il y a tout de m\u00eame de la d\u00e9linquance\u00a0\u00bb, rajoute le premier \u00e9dile.<\/p>\n<p>S\u00e9bastien Olharan s\u2019appuie sur les statistiques de la gendarmerie de Menton, dont d\u00e9pend la commune: dans les territoires \u00e9quip\u00e9s, la vid\u00e9oprotection aurait permis d\u2019\u00e9lucider 36% des atteintes aux biens, m\u00eame si son efficacit\u00e9 reste plus limit\u00e9e pour les autres types d\u2019infractions (4% pour les atteintes \u00e0 l\u2019int\u00e9grit\u00e9 physique, 3% pour les atteintes \u00e0 la tranquillit\u00e9 publique).<\/p>\n<p>Un co\u00fbt assum\u00e9<\/p>\n<p>Les dispositifs ne sont pas r\u00e9partis au hasard. Les cam\u00e9ras sont positionn\u00e9es sur les axes d\u2019entr\u00e9e et de sortie du village, \u00e0 proximit\u00e9 des b\u00e2timents publics (\u00e9coles, mairie, cr\u00e8che, gare, \u00e9glise, h\u00f4pital) ainsi que dans certaines zones r\u00e9guli\u00e8rement touch\u00e9es par des incivilit\u00e9s, comme la rue des M\u00e9tiers ou le tour du lac.<\/p>\n<p>Le nombre total de cam\u00e9ras s\u2019explique aussi par des n\u00e9cessit\u00e9s techniques. \u00ab\u00a0S\u2019il y a plus de cam\u00e9ras, c\u2019est simplement parce qu\u2019il faut parfois jusqu\u2019\u00e0 3 ou 4 cam\u00e9ras pour filmer un seul endroit. Par exemple, un embranchement routier\u00a0\u00bb, pr\u00e9cise S\u00e9bastien Olharan.<\/p>\n<p>Le dispositif a co\u00fbt\u00e9 250.000 euros. Un montant qui comprend les \u00e9tudes, le mat\u00e9riel, les travaux de g\u00e9nie civil et les raccordements. Ce co\u00fbt repr\u00e9sente 1,21% des 20,5 millions d\u2019euros investis par la commune depuis 2020, tient \u00e0 souligner l\u2019\u00e9lu. La moiti\u00e9 de la d\u00e9pense a \u00e9t\u00e9 prise en charge par le D\u00e9partement, et 40.000 euros par l\u2019\u00c9tat.<\/p>\n<p>Un syst\u00e8me strictement encadr\u00e9<\/p>\n<p>Le maire insiste: le financement de ce syst\u00e8me de vid\u00e9oprotection ne se fait pas au d\u00e9triment de la jeunesse. Depuis 2020, la commune aurait investi plus de 400.000 euros dans des \u00e9quipements destin\u00e9s aux jeunes, comme deux terrains multisports, un pumptrack, une Maison des jeunes (cens\u00e9e \u00eatre inaugur\u00e9e prochainement), et un projet de r\u00e9novation compl\u00e8te de l\u2019\u00e9cole \u00e9l\u00e9mentaire pour un budget de 2,2 millions d\u2019euros, pr\u00e9vu d\u00e8s juillet.<\/p>\n<p>Un peu plus t\u00f4t dans l\u2019ann\u00e9e, l\u2019agriculteur militant C\u00e9dric Herrou et sa compagne, Marion Gachet (et soutenus par une quinzaine d\u2019habitants du village), ont d\u00e9pos\u00e9 une requ\u00eate au tribunal contre la mise en place de ce syst\u00e8me. Ils d\u00e9non\u00e7aient un \u00ab\u00a0mat\u00e9riel r\u00e9pressif et restrictif des libert\u00e9s publiques.\u00a0\u00bb La justice avait donn\u00e9 raison au maire de Breil-sur-Roya. Enfin, sur les craintes de surveillance g\u00e9n\u00e9ralis\u00e9e, le maire rappelle que seules les forces de l\u2019ordre peuvent acc\u00e9der aux images dans le cadre d\u2019enqu\u00eates judiciaires. La commune, qui ne compte que deux policiers municipaux, ne dispose pas de moyens humains pour assurer un visionnage en temps r\u00e9el. Elle pr\u00e9voit cependant d\u2019adh\u00e9rer \u00e0 un syndicat mixte d\u00e9partemental qui permettra un suivi \u00e0 distance par des agents d\u00e9di\u00e9s, uniquement en cas de d\u00e9tection d\u2019actes d\u00e9lictueux.<\/p>\n","protected":false},"excerpt":{"rendered":"Une cam\u00e9ra pour 57 habitants. Des chiffres qui font dire \u00e0 certains que Breil-sur-Roya serait presque devenu le&hellip;\n","protected":false},"author":2,"featured_media":155891,"comment_status":"","ping_status":"","sticky":false,"template":"","format":"standard","meta":{"footnotes":""},"categories":[1356],"tags":[58,59,1011,27,656,252,1364],"class_list":{"0":"post-155890","1":"post","2":"type-post","3":"status-publish","4":"format-standard","5":"has-post-thumbnail","7":"category-television","8":"tag-divertissement","9":"tag-entertainment","10":"tag-fr","11":"tag-france","12":"tag-securite","13":"tag-television","14":"tag-tv"},"share_on_mastodon":{"url":"https:\/\/pubeurope.com\/@fr\/114635114031245580","error":""},"_links":{"self":[{"href":"https:\/\/www.europesays.com\/fr\/wp-json\/wp\/v2\/posts\/155890","targetHints":{"allow":["GET"]}}],"collection":[{"href":"https:\/\/www.europesays.com\/fr\/wp-json\/wp\/v2\/posts"}],"about":[{"href":"https:\/\/www.europesays.com\/fr\/wp-json\/wp\/v2\/types\/post"}],"author":[{"embeddable":true,"href":"https:\/\/www.europesays.com\/fr\/wp-json\/wp\/v2\/users\/2"}],"replies":[{"embeddable":true,"href":"https:\/\/www.europesays.com\/fr\/wp-json\/wp\/v2\/comments?post=155890"}],"version-history":[{"count":0,"href":"https:\/\/www.europesays.com\/fr\/wp-json\/wp\/v2\/posts\/155890\/revisions"}],"wp:featuredmedia":[{"embeddable":true,"href":"https:\/\/www.europesays.com\/fr\/wp-json\/wp\/v2\/media\/155891"}],"wp:attachment":[{"href":"https:\/\/www.europesays.com\/fr\/wp-json\/wp\/v2\/media?parent=155890"}],"wp:term":[{"taxonomy":"category","embeddable":true,"href":"https:\/\/www.europesays.com\/fr\/wp-json\/wp\/v2\/categories?post=155890"},{"taxonomy":"post_tag","embeddable":true,"href":"https:\/\/www.europesays.com\/fr\/wp-json\/wp\/v2\/tags?post=155890"}],"curies":[{"name":"wp","href":"https:\/\/api.w.org\/{rel}","templated":true}]}}