{"id":155900,"date":"2025-06-06T07:00:10","date_gmt":"2025-06-06T07:00:10","guid":{"rendered":"https:\/\/www.europesays.com\/fr\/155900\/"},"modified":"2025-06-06T07:00:10","modified_gmt":"2025-06-06T07:00:10","slug":"affaiblie-fragilisee-hospitalisee-en-urgence-laura-smet-quitte-tout-pour-etre-au-cote-de-sa-mere-nathalie-baye","status":"publish","type":"post","link":"https:\/\/www.europesays.com\/fr\/155900\/","title":{"rendered":"\u00ab\u00a0Affaiblie, fragilis\u00e9e, hospitalis\u00e9e en urgence\u00a0\u00bb, Laura Smet quitte tout pour \u00eatre au c\u00f4t\u00e9 de sa m\u00e8re, Nathalie Baye"},"content":{"rendered":"<p>Si les parents doivent prendre soin de leurs enfants tout au long de leur vie, les r\u00f4les s\u2019inversent au fil des ann\u00e9es. Et <a href=\"https:\/\/www.public.fr\/tag\/laura-smet\" rel=\"nofollow noopener\" target=\"_blank\">Laura Smet<\/a> vient d\u2019en donner la preuve. En effet, selon les informations de Voici, la fille de <a href=\"https:\/\/www.public.fr\/tag\/johnny-hallyday\" rel=\"nofollow noopener\" target=\"_blank\">Johnny Hallyday<\/a> et <a href=\"https:\/\/vsd.fr\/tag\/nathalie-baye\/\" rel=\"nofollow noopener\" target=\"_blank\">Nathalie Baye<\/a> aurait d\u00e9cid\u00e9 de \u00ab\u00a0tout plaquer\u00a0\u00bb pour revenir pr\u00e8s de Paris et se rapprocher de sa m\u00e8re.<\/p>\n<p>Nos confr\u00e8res indiquent en effet que l\u2019ex-compagne du Taulier, hospitalis\u00e9e en urgence par le pass\u00e9, serait <strong>\u00ab\u00a0affaiblie et fragilis\u00e9e\u00a0\u00bb<\/strong> depuis. De fait, sa fille souhaiterait rester \u00e0 ses c\u00f4t\u00e9s pour la soutenir et lui apporter de l\u2019\u00e9nergie positive.\u00a0<\/p>\n<p>Laura Smet serait rentr\u00e9e du c\u00f4t\u00e9 de Paris pour sa m\u00e8re<\/p>\n<p>Toujours d\u2019apr\u00e8s Voici, <strong>Laura Smet aurait en effet d\u00e9cid\u00e9 de quitter le Bassin d\u2019Arcachon pour s\u2019installer pr\u00e8s de paris<\/strong>. Avec son mari Rapha\u00eal et leur fils L\u00e9o, la famille aurait quitt\u00e9 le Cap Ferret afin de se rapprocher de Nathalie Baye.\u00a0<\/p>\n<p>\u00ab\u00a0Dans un premier temps, la com\u00e9dienne s\u2019est install\u00e9e dans le quartier des Invalides, avant de d\u00e9m\u00e9nager de nouveau quelques mois plus tard pour loger\u00a0\u00e0 seulement trois rues de chez sa m\u00e8re\u00a0\u00bb, indiquent nos confr\u00e8res.<\/p>\n<p>\u00ab\u00a0Elle s\u2019\u00e9tait install\u00e9e au Cap Ferret avec Rapha\u00ebl et L\u00e9o, mais <strong>elle est revenue \u00e0 Paris pour \u00eatre au plus pr\u00e8s de sa m\u00e8re<\/strong>\u00ab\u00a0, ajoute m\u00eame une source du m\u00e9dia. Une preuve d\u2019amour de la part de Laura Smet, qui a toujours \u00e9t\u00e9 soutenue par sa m\u00e8re.<\/p>\n<p>Nathalie Baye, soutien ind\u00e9fectible de sa fille<\/p>\n<p>En effet, lorsque Johnny Hallyday perdait la vie, la m\u00e8re de L\u00e9o apprenait que son p\u00e8re l\u2019avait \u00e9cart\u00e9e, elle et son fr\u00e8re David, de son testament. Un coup de massue pour Laura Smet qui a pu se faire soutenir par Nathalie Baye dans cette p\u00e9riode difficile.<\/p>\n<p>Dans une tribune au\u00a0Figaro, elle d\u00e9non\u00e7ait notamment la mani\u00e8re dont le fr\u00e8re et la s\u0153ur avaient \u00e9t\u00e9 \u00ab\u00a0ni\u00e9s dans leur filiation artistique\u00a0\u00bb, d\u00e9plorant un \u00ab\u00a0v\u00e9ritable d\u00e9ni de justice\u00a0\u00bb, rappelle Voici. Nathalie Baye s\u2019en prenait aussi \u00e0 Laeticia Hallyday.<\/p>\n<p>En d\u00e9noncant notamment l\u2019influence de la maman de Jade et Joy et l\u2019isolement dont aurait \u00e9t\u00e9 victime le Taulier : \u201cMalheureusement,\u00a0les a\u00een\u00e9s \u00e9taient\u00a0les b\u00eates noires de leur belle-m\u00e8re\u201d, confiait-elle. Aujourd\u2019hui, ce serait donc Nathalie Baye qui aurait besoin du soutien de Laura Smet.<\/p>\n<p>      Mentionn\u00e9s dans cet article<\/p>\n<p>\u00c0 lire aussi<\/p>\n","protected":false},"excerpt":{"rendered":"Si les parents doivent prendre soin de leurs enfants tout au long de leur vie, les r\u00f4les s\u2019inversent&hellip;\n","protected":false},"author":2,"featured_media":155901,"comment_status":"","ping_status":"","sticky":false,"template":"","format":"standard","meta":{"footnotes":""},"categories":[8],"tags":[58,59,1011,27,1304,15910,28642],"class_list":{"0":"post-155900","1":"post","2":"type-post","3":"status-publish","4":"format-standard","5":"has-post-thumbnail","7":"category-divertissement","8":"tag-divertissement","9":"tag-entertainment","10":"tag-fr","11":"tag-france","12":"tag-johnny-hallyday","13":"tag-laura-smet","14":"tag-nathalie-baye"},"share_on_mastodon":{"url":"https:\/\/pubeurope.com\/@fr\/114635134095573405","error":""},"_links":{"self":[{"href":"https:\/\/www.europesays.com\/fr\/wp-json\/wp\/v2\/posts\/155900","targetHints":{"allow":["GET"]}}],"collection":[{"href":"https:\/\/www.europesays.com\/fr\/wp-json\/wp\/v2\/posts"}],"about":[{"href":"https:\/\/www.europesays.com\/fr\/wp-json\/wp\/v2\/types\/post"}],"author":[{"embeddable":true,"href":"https:\/\/www.europesays.com\/fr\/wp-json\/wp\/v2\/users\/2"}],"replies":[{"embeddable":true,"href":"https:\/\/www.europesays.com\/fr\/wp-json\/wp\/v2\/comments?post=155900"}],"version-history":[{"count":0,"href":"https:\/\/www.europesays.com\/fr\/wp-json\/wp\/v2\/posts\/155900\/revisions"}],"wp:featuredmedia":[{"embeddable":true,"href":"https:\/\/www.europesays.com\/fr\/wp-json\/wp\/v2\/media\/155901"}],"wp:attachment":[{"href":"https:\/\/www.europesays.com\/fr\/wp-json\/wp\/v2\/media?parent=155900"}],"wp:term":[{"taxonomy":"category","embeddable":true,"href":"https:\/\/www.europesays.com\/fr\/wp-json\/wp\/v2\/categories?post=155900"},{"taxonomy":"post_tag","embeddable":true,"href":"https:\/\/www.europesays.com\/fr\/wp-json\/wp\/v2\/tags?post=155900"}],"curies":[{"name":"wp","href":"https:\/\/api.w.org\/{rel}","templated":true}]}}