{"id":155902,"date":"2025-06-06T07:01:09","date_gmt":"2025-06-06T07:01:09","guid":{"rendered":"https:\/\/www.europesays.com\/fr\/155902\/"},"modified":"2025-06-06T07:01:09","modified_gmt":"2025-06-06T07:01:09","slug":"un-collisionneur-de-particules-mille-fois-plus-puissant-que-le-lhc-decouvert-dans-lespace-et-il-ne-dure-que-quelques-mois","status":"publish","type":"post","link":"https:\/\/www.europesays.com\/fr\/155902\/","title":{"rendered":"Un collisionneur de particules mille fois plus puissant que le LHC d\u00e9couvert dans l\u2019espace\u2026 et il ne dure que quelques mois"},"content":{"rendered":"<p data-start=\"336\" data-end=\"821\"><strong>Et si le plus puissant<br \/>\ncollisionneur de particules de l\u2019univers n\u2019\u00e9tait pas une machine<br \/>\nterrestre comme le <a href=\"https:\/\/sciencepost.fr\/le-cern-veut-construire-une-machine-100-fois-plus-puissante-que-le-lhc-voici-pourquoi\/\" target=\"_blank\" rel=\"noopener nofollow\">LHC<\/a>, mais le fruit d\u2019une<br \/>\nexplosion d\u2019\u00e9toile lointaine ? C\u2019est ce que vient de confirmer une<br \/>\nnouvelle \u00e9tude : certaines supernovas sont bel et bien capables de<br \/>\nproduire des particules ultra-\u00e9nerg\u00e9tiques, mille fois plus<br \/>\npuissantes que celles g\u00e9n\u00e9r\u00e9es par nos technologies. Mais cette<br \/>\ncapacit\u00e9 fulgurante ne dure que quelques mois\u2026 ce qui rend le<br \/>\nph\u00e9nom\u00e8ne pratiquement invisible.<\/strong><\/p>\n<p>Des rayons cosmiques<br \/>\nultra-puissants, mais discrets<\/p>\n<p data-start=\"880\" data-end=\"1308\">Depuis pr\u00e8s d\u2019un si\u00e8cle, les<br \/>\nscientifiques d\u00e9tectent des rayons cosmiques, des particules<br \/>\n(principalement des protons) issues de l\u2019espace profond, qui<br \/>\nfrappent r\u00e9guli\u00e8rement la Terre. Certains d\u2019entre eux atteignent<br \/>\ndes niveaux d\u2019\u00e9nergie faramineux \u2014 d\u00e9passant le p\u00e9ta\u00e9lectronvolt<br \/>\n(PeV), soit un million de milliards d\u2019\u00e9lectronvolts. Pour<br \/>\ncomparaison, le Grand collisionneur de hadrons (LHC) du CERN<br \/>\nplafonne \u00e0 0,01 PeV.<\/p>\n<p data-start=\"1310\" data-end=\"1515\">Ces rayons cosmiques extr\u00eames<br \/>\nintriguent les astrophysiciens depuis longtemps : d\u2019o\u00f9 viennent-ils<br \/>\n? Et comment des particules peuvent-elles \u00eatre acc\u00e9l\u00e9r\u00e9es \u00e0 une<br \/>\ntelle vitesse dans le vide interstellaire ?<\/p>\n<p>Les supernovas en ligne de<br \/>\nmire<\/p>\n<p data-start=\"1554\" data-end=\"1909\">L\u2019id\u00e9e selon laquelle les<br \/>\nsupernovas \u2014 les explosions cataclysmiques qui marquent la mort des<br \/>\n\u00e9toiles massives \u2014 pourraient \u00eatre \u00e0 l\u2019origine de ces rayons<br \/>\ncosmiques n\u2019est pas nouvelle. Ces \u00e9v\u00e9nements lib\u00e8rent en effet une<br \/>\n\u00e9nergie colossale et sont accompagn\u00e9s de puissants champs<br \/>\nmagn\u00e9tiques, deux ingr\u00e9dients essentiels pour acc\u00e9l\u00e9rer des<br \/>\nparticules.<\/p>\n<p data-start=\"1911\" data-end=\"2093\">Mais jusqu\u2019ici, les restes de<br \/>\nsupernovas observ\u00e9s dans notre galaxie n\u2019avaient jamais r\u00e9v\u00e9l\u00e9 de<br \/>\nrayons cosmiques d\u2019une telle intensit\u00e9. Ce paradoxe mettait<br \/>\nl\u2019hypoth\u00e8se en difficult\u00e9.<\/p>\n<p>Un secret dans l\u2019enveloppe de<br \/>\ngaz<\/p>\n<p data-start=\"2134\" data-end=\"2427\">Une nouvelle \u00e9tude, bient\u00f4t<br \/>\npubli\u00e9e dans <a href=\"https:\/\/arxiv.org\/abs\/2504.20601\" target=\"_blank\" rel=\"noopener nofollow\">Astronomy &amp; Astrophysics<\/a>, apporte une r\u00e9ponse<br \/>\ninattendue : oui, les supernovas peuvent bel et bien devenir des<br \/>\n\u201cPeVatrons\u201d (c\u2019est le nom donn\u00e9 aux acc\u00e9l\u00e9rateurs cosmiques<br \/>\ncapables d\u2019atteindre le PeV)\u2026 mais \u00e0 une condition tr\u00e8s<br \/>\nsp\u00e9cifique.<\/p>\n<p data-start=\"2429\" data-end=\"2717\">L\u2019\u00e9toile qui explose doit<br \/>\navoir perdu beaucoup de masse avant sa fin \u2014 au moins deux fois la<br \/>\nmasse du Soleil \u2014, via des vents stellaires. Et surtout, cette<br \/>\nmati\u00e8re \u00e9ject\u00e9e ne doit pas s\u2019\u00eatre dispers\u00e9e trop loin : elle doit<br \/>\nformer une coquille dense et compacte autour de l\u2019\u00e9toile.<\/p>\n<p data-start=\"2719\" data-end=\"3039\">Lorsqu\u2019arrive la supernova,<br \/>\nl\u2019onde de choc traverse cette enveloppe de gaz, cr\u00e9ant un<br \/>\nenvironnement magn\u00e9tique surpuissant qui projette les particules<br \/>\ndans un v\u00e9ritable man\u00e8ge \u00e9nerg\u00e9tique. \u00c0 chaque rebond, elles<br \/>\ngagnent en vitesse, jusqu\u2019\u00e0 atteindre des niveaux extr\u00eames<br \/>\nd\u2019\u00e9nergie\u2026 avant de s\u2019\u00e9chapper dans l\u2019espace.<\/p>\n<p><img loading=\"lazy\" data-lazyloaded=\"1\" decoding=\"async\" class=\"wp-image-310921 size-full\" src=\"https:\/\/www.europesays.com\/fr\/wp-content\/uploads\/2025\/06\/yWs9gKHBaNqCvKCadL7cjm-650-80.jpg.webp.webp\" alt=\"supernovae supernova acc\u00e9l\u00e9rateur de particules LHC\" width=\"650\" height=\"366\"  data-\/><br \/>\nTycho, l\u2019un des restes de supernova les mieux \u00e9tudi\u00e9s, pourrait<br \/>\navoir bri\u00e8vement servi de collisionneur le plus puissant de<br \/>\nl\u2019univers, selon de nouvelles recherches. Cr\u00e9dit image :<br \/>\nMPIA\/NASA\/Observatoire Calar Alto)Un ph\u00e9nom\u00e8ne invisible\u2026 ou<br \/>\npresque<\/p>\n<p data-start=\"3081\" data-end=\"3459\">Probl\u00e8me : ce ph\u00e9nom\u00e8ne<br \/>\nultra-puissant ne dure que quelques mois. Ensuite, l\u2019onde de choc<br \/>\ns\u2019essouffle, et l\u2019acc\u00e9l\u00e9ration s\u2019arr\u00eate. Cela explique pourquoi<br \/>\nnous n\u2019avons encore jamais observ\u00e9 une supernova en train de<br \/>\nproduire des rayons cosmiques PeV : il faudrait que cette supernova<br \/>\nexplose juste au bon moment, et pas trop loin de nous, ce qui est<br \/>\nextr\u00eamement rare.<\/p>\n<p data-start=\"3461\" data-end=\"3682\">En attendant ce jour, les<br \/>\nscientifiques continuent de reconstituer le puzzle en observant les<br \/>\ntraces laiss\u00e9es par ces anciens collisionneurs naturels. Et<br \/>\npeut-\u00eatre qu\u2019un jour, l\u2019univers nous offrira un PeVatron en<br \/>\ndirect.<\/p>\n","protected":false},"excerpt":{"rendered":"Et si le plus puissant collisionneur de particules de l\u2019univers n\u2019\u00e9tait pas une machine terrestre comme le LHC,&hellip;\n","protected":false},"author":2,"featured_media":155903,"comment_status":"","ping_status":"","sticky":false,"template":"","format":"standard","meta":{"footnotes":""},"categories":[7],"tags":[1011,27,43,40,41,39,42,44],"class_list":{"0":"post-155902","1":"post","2":"type-post","3":"status-publish","4":"format-standard","5":"has-post-thumbnail","7":"category-sciences-et-technologies","8":"tag-fr","9":"tag-france","10":"tag-science","11":"tag-science-and-technology","12":"tag-sciences","13":"tag-sciences-et-technologies","14":"tag-technologies","15":"tag-technology"},"share_on_mastodon":{"url":"https:\/\/pubeurope.com\/@fr\/114635137977973585","error":""},"_links":{"self":[{"href":"https:\/\/www.europesays.com\/fr\/wp-json\/wp\/v2\/posts\/155902","targetHints":{"allow":["GET"]}}],"collection":[{"href":"https:\/\/www.europesays.com\/fr\/wp-json\/wp\/v2\/posts"}],"about":[{"href":"https:\/\/www.europesays.com\/fr\/wp-json\/wp\/v2\/types\/post"}],"author":[{"embeddable":true,"href":"https:\/\/www.europesays.com\/fr\/wp-json\/wp\/v2\/users\/2"}],"replies":[{"embeddable":true,"href":"https:\/\/www.europesays.com\/fr\/wp-json\/wp\/v2\/comments?post=155902"}],"version-history":[{"count":0,"href":"https:\/\/www.europesays.com\/fr\/wp-json\/wp\/v2\/posts\/155902\/revisions"}],"wp:featuredmedia":[{"embeddable":true,"href":"https:\/\/www.europesays.com\/fr\/wp-json\/wp\/v2\/media\/155903"}],"wp:attachment":[{"href":"https:\/\/www.europesays.com\/fr\/wp-json\/wp\/v2\/media?parent=155902"}],"wp:term":[{"taxonomy":"category","embeddable":true,"href":"https:\/\/www.europesays.com\/fr\/wp-json\/wp\/v2\/categories?post=155902"},{"taxonomy":"post_tag","embeddable":true,"href":"https:\/\/www.europesays.com\/fr\/wp-json\/wp\/v2\/tags?post=155902"}],"curies":[{"name":"wp","href":"https:\/\/api.w.org\/{rel}","templated":true}]}}