{"id":155906,"date":"2025-06-06T07:03:08","date_gmt":"2025-06-06T07:03:08","guid":{"rendered":"https:\/\/www.europesays.com\/fr\/155906\/"},"modified":"2025-06-06T07:03:08","modified_gmt":"2025-06-06T07:03:08","slug":"israel-vise-en-france-par-une-plainte-pour-genocide","status":"publish","type":"post","link":"https:\/\/www.europesays.com\/fr\/155906\/","title":{"rendered":"Isra\u00ebl vis\u00e9 en France par une plainte pour g\u00e9nocide"},"content":{"rendered":"<p>La nationalit\u00e9 fran\u00e7aise des victimes pourrait d\u00e9clencher la comp\u00e9tence directe de la justice fran\u00e7aise et l\u2019amener \u00e0 devoir se prononcer sur ces accusations de \u00abg\u00e9nocide\u00bb, cat\u00e9goriquement rejet\u00e9es par Isra\u00ebl comme \u00abscandaleuses\u00bb.<\/p>\n<p class=\"fig-paragraph\">Une plainte contre X pour meurtre et g\u00e9nocide est d\u00e9pos\u00e9e vendredi 6 juin 2025 en France par une grand-m\u00e8re accusant les autorit\u00e9s isra\u00e9liennes d\u2019\u00eatre responsables de la mort de ses deux petits-enfants fran\u00e7ais \u00e0\u00a0<a href=\"https:\/\/www.lefigaro.fr\/tag\/gaza\" target=\"_blank\" rel=\"noopener nofollow\" data-gtm-custom-categorie=\"navigation\" data-gtm-custom-action=\"crossclick\" data-gtm-custom-label=\"Contextuel\" data-gtm-event=\"customEventSPE\">Gaza<\/a>\u00a0en octobre 2023. Cette plainte avec une constitution partie civile, annonc\u00e9e vendredi \u00e0 l\u2019AFP par l\u2019avocat Ari\u00e9 Alimi et d\u00e9pos\u00e9e au p\u00f4le crimes contre l\u2019humanit\u00e9 du Tribunal judiciaire de Paris, vise \u00e0 obtenir la d\u00e9signation d\u2019un juge d\u2019instruction. La Ligue des droits de l\u2019Homme compte s\u2019y joindre.<\/p>\n<p class=\"fig-paragraph\">La nationalit\u00e9 fran\u00e7aise des victimes pourrait d\u00e9clencher la comp\u00e9tence directe de la justice fran\u00e7aise et l\u2019amener \u00e0 devoir se prononcer sur ces accusations de \u00abg\u00e9nocide\u00bb, cat\u00e9goriquement rejet\u00e9es par Isra\u00ebl comme \u00abscandaleuses\u00bb, alors qu\u2019\u00e0 ce stade, les initiatives juridiques en France en ce sens n\u2019ont pas prosp\u00e9r\u00e9. La plainte concerne la mort de Janna et Abderrahim Abudaher, alors \u00e2g\u00e9s de 6 et 9 ans, dans une maison du nord de la bande de Gaza \u00abfrapp\u00e9e par deux missiles de F16 tir\u00e9s par l\u2019arm\u00e9e isra\u00e9lienne\u00bb le 24 octobre 2023, 17 jours apr\u00e8s l\u2019attaque sans pr\u00e9c\u00e9dent du mouvement islamiste palestinien Hamas sur le sol isra\u00e9lien.<\/p>\n<p class=\"fig-body-link\">\n            \u00c0 lire aussi<br \/>\n        <a class=\"fig-body-link__link fig-premium-mark\" href=\"http:\/\/www.lefigaro.fr\/vox\/monde\/andre-perrin-pourquoi-il-est-scandaleux-de-parler-de-genocide-a-gaza-20231212\" data-fig-type=\"Article\" data-gtm-custom-categorie=\"navigation\" data-gtm-custom-action=\"crossclick\" data-gtm-custom-label=\"Contextuel\" data-gtm-event=\"customEventSPE\" data-fig-domain=\"LEFIGARO\" rel=\"nofollow noopener\" target=\"_blank\">Andr\u00e9 Perrin: \u00abPourquoi il est scandaleux de parler de \u201cg\u00e9nocide\u201d \u00e0 Gaza\u00bb<br \/>\n    <\/a>\n<\/p>\n<p>\u00abViolence extr\u00eame\u00bb et \u00abbombardements r\u00e9guliers\u00bb<\/p>\n<p class=\"fig-paragraph\">La plainte de 48 pages est d\u00e9pos\u00e9e par Jacqueline Rivault, la grand-m\u00e8re maternelle des enfants, pour meurtre, crime contre l\u2019humanit\u00e9, g\u00e9nocide et complicit\u00e9 de ces deux crimes. Selon la plainte, la \u00abviolence extr\u00eame\u00bb et les \u00abbombardements r\u00e9guliers\u00bb de l\u2019arm\u00e9e isra\u00e9lienne sur Gaza apr\u00e8s le 7 octobre ont amen\u00e9 la famille \u00e0 quitter son appartement le 22 octobre au soir pour se r\u00e9fugier dans une autre maison familiale puis une \u00e9cole. Ils auraient finalement \u00e9t\u00e9 touch\u00e9s par deux missiles dans une nouvelle maison \u00abau nord de la bande de Gaza, entre Fallouja et Beit Lahia\u00bb, l\u2019un d\u2019entre eux entrant \u00abpar le toit et le second directement dans la chambre o\u00f9 se trouvait la famille\u00bb.<\/p>\n<p class=\"fig-paragraph\">Abderrahim est mort \u00absur le coup\u00bb, et Janna peu apr\u00e8s son transfert \u00e0 l\u2019h\u00f4pital, selon la plainte. Leur fr\u00e8re, Omar, a \u00e9t\u00e9 gri\u00e8vement bless\u00e9 mais vit toujours \u00e0 Gaza, comme sa m\u00e8re, Yasmine Z. \u00c9galement bless\u00e9e, celle-ci a \u00e9t\u00e9 condamn\u00e9e en 2019 en son absence \u00e0 Paris pour financement du terrorisme pour avoir distribu\u00e9 de l\u2019argent \u00e0 Gaza \u00e0 des membres du Jihad islamique et du Hamas entre 2012 et 2013. Elle est vis\u00e9e par un mandat d\u2019arr\u00eat. Sollicit\u00e9 par l\u2019AFP \u00e0 plusieurs reprises par le pass\u00e9 sur le cas de ces deux enfants, le parquet antiterroriste avait r\u00e9pondu pour la derni\u00e8re fois fin 2024 n\u2019avoir pas ouvert d\u2019enqu\u00eate.<\/p>\n<p class=\"fig-body-link\">\n            \u00c0 lire aussi<br \/>\n        <a class=\"fig-body-link__link fig-premium-mark\" href=\"http:\/\/www.lefigaro.fr\/international\/jusqu-ou-cela-ira-t-il-en-cisjordanie-la-population-soumise-a-la-pression-croissante-d-israel-20250606\" data-fig-type=\"Article\" data-gtm-custom-categorie=\"navigation\" data-gtm-custom-action=\"crossclick\" data-gtm-custom-label=\"Contextuel\" data-gtm-event=\"customEventSPE\" data-fig-domain=\"LEFIGARO\" rel=\"nofollow noopener\" target=\"_blank\">\u00abJusqu\u2019o\u00f9 cela ira-t-il\u00a0?\u00bb\u00a0: en Cisjordanie, la population soumise \u00e0 la pression croissante d\u2019Isra\u00ebl<br \/>\n    <\/a>\n<\/p>\n<p>\u00abScandaleux\u00bb<\/p>\n<p class=\"fig-paragraph\">La qualification de g\u00e9nocide est avanc\u00e9e par la plainte, car ce bombardement est pr\u00e9sent\u00e9 comme faisant partie d\u2019un projet visant \u00e0 \u00ab\u00e9liminer la population palestinienne et la soumettre \u00e0 des conditions d\u2019existence de nature \u00e0 entra\u00eener la destruction de leur groupe\u00bb. La plainte est d\u00e9pos\u00e9e contre X, mais vise nomm\u00e9ment le premier ministre\u00a0<a href=\"https:\/\/www.lefigaro.fr\/tag\/benyamin-netanyahou\" target=\"_blank\" rel=\"noopener nofollow\" data-gtm-custom-categorie=\"navigation\" data-gtm-custom-action=\"crossclick\" data-gtm-custom-label=\"Contextuel\" data-gtm-event=\"customEventSPE\">Benyamin Netanyahou<\/a>, le gouvernement isra\u00e9lien ainsi que Tsahal.<\/p>\n<p class=\"fig-paragraph\">Isra\u00ebl fait face \u00e0 une pression internationale croissante pour mettre fin \u00e0 la guerre qui ravage Gaza, d\u00e9clench\u00e9e le 7 octobre 2023 par le Hamas et qui a entra\u00een\u00e9 la mort de 1218 personnes c\u00f4t\u00e9 isra\u00e9lien, en majorit\u00e9 des civils. En retour, Isra\u00ebl a lanc\u00e9 une campagne militaire de repr\u00e9sailles qui a tu\u00e9 plus de 54.600 Palestiniens, majoritairement des civils, selon des donn\u00e9es du minist\u00e8re de la Sant\u00e9 du gouvernement du Hamas pour Gaza, jug\u00e9es fiables par l\u2019ONU.<\/p>\n","protected":false},"excerpt":{"rendered":"La nationalit\u00e9 fran\u00e7aise des victimes pourrait d\u00e9clencher la comp\u00e9tence directe de la justice fran\u00e7aise et l\u2019amener \u00e0 devoir&hellip;\n","protected":false},"author":2,"featured_media":155907,"comment_status":"","ping_status":"","sticky":false,"template":"","format":"standard","meta":{"footnotes":""},"categories":[5],"tags":[259,11,260,1011,27,665,9267,14,664,303,261,12,262,28],"class_list":{"0":"post-155906","1":"post","2":"type-post","3":"status-publish","4":"format-standard","5":"has-post-thumbnail","7":"category-international","8":"tag-actualite-internationale","9":"tag-actualites","10":"tag-affaires-etrangeres","11":"tag-fr","12":"tag-france","13":"tag-gaza","14":"tag-genocide","15":"tag-international","16":"tag-israel","17":"tag-justice","18":"tag-ministere-des-affaires-etrangeres","19":"tag-news","20":"tag-politique-etrangere","21":"tag-world"},"share_on_mastodon":{"url":"https:\/\/pubeurope.com\/@fr\/114635145685312104","error":""},"_links":{"self":[{"href":"https:\/\/www.europesays.com\/fr\/wp-json\/wp\/v2\/posts\/155906","targetHints":{"allow":["GET"]}}],"collection":[{"href":"https:\/\/www.europesays.com\/fr\/wp-json\/wp\/v2\/posts"}],"about":[{"href":"https:\/\/www.europesays.com\/fr\/wp-json\/wp\/v2\/types\/post"}],"author":[{"embeddable":true,"href":"https:\/\/www.europesays.com\/fr\/wp-json\/wp\/v2\/users\/2"}],"replies":[{"embeddable":true,"href":"https:\/\/www.europesays.com\/fr\/wp-json\/wp\/v2\/comments?post=155906"}],"version-history":[{"count":0,"href":"https:\/\/www.europesays.com\/fr\/wp-json\/wp\/v2\/posts\/155906\/revisions"}],"wp:featuredmedia":[{"embeddable":true,"href":"https:\/\/www.europesays.com\/fr\/wp-json\/wp\/v2\/media\/155907"}],"wp:attachment":[{"href":"https:\/\/www.europesays.com\/fr\/wp-json\/wp\/v2\/media?parent=155906"}],"wp:term":[{"taxonomy":"category","embeddable":true,"href":"https:\/\/www.europesays.com\/fr\/wp-json\/wp\/v2\/categories?post=155906"},{"taxonomy":"post_tag","embeddable":true,"href":"https:\/\/www.europesays.com\/fr\/wp-json\/wp\/v2\/tags?post=155906"}],"curies":[{"name":"wp","href":"https:\/\/api.w.org\/{rel}","templated":true}]}}