{"id":155912,"date":"2025-06-06T07:06:11","date_gmt":"2025-06-06T07:06:11","guid":{"rendered":"https:\/\/www.europesays.com\/fr\/155912\/"},"modified":"2025-06-06T07:06:11","modified_gmt":"2025-06-06T07:06:11","slug":"nos-idees-sorties-du-week-end-des-13-14-et-15-juin-2025-dans-la-loire","status":"publish","type":"post","link":"https:\/\/www.europesays.com\/fr\/155912\/","title":{"rendered":"Nos id\u00e9es sorties du week-end des 13, 14 et 15 juin 2025 dans la Loire"},"content":{"rendered":"<p class=\"is-style-chapo\">Voici la s\u00e9lection de la r\u00e9daction de If Saint-Etienne pour se divertir et s\u2019amuser dans la Loire le week-end prochain, soit les 13, 14 et 15 juin. Une liste d\u2019\u00e9v\u00e9nements, s\u00e9lectionn\u00e9s de mani\u00e8re ind\u00e9pendante et, bien entendu, non-exhaustive.<\/p>\n<p><img loading=\"lazy\" decoding=\"async\" width=\"1024\" height=\"576\" src=\"https:\/\/www.europesays.com\/fr\/wp-content\/uploads\/2025\/06\/wine-786933_1280-1-1024x576.jpg\" alt=\"\" class=\"wp-image-79523\"  \/>L\u2019abus d\u2019alcool est dangereux pour la sant\u00e9, \u00e0 consommer avec mod\u00e9ration.<\/p>\n<p>1 \u2013 Voyage, voyage<\/p>\n<p>Du 12 au 15 juin se tiendra la 18\u00e8me \u00e9dition de <a href=\"https:\/\/www.festiroche.fr\/\" target=\"_blank\" rel=\"noreferrer noopener nofollow\">Festi\u2019Roche<\/a>, \u00e0 Roche-la-Moli\u00e8re, d\u00e9di\u00e9 aux chants, danses et musiques du monde. Au total, plus de 200 artistes venus de Cuba, d\u2019Afrique du Sud, de Tha\u00eflande, de Pologne et de Slovaquie. 5 000 visiteurs sont attendus en quatre jours.<\/p>\n<p>2 \u2013 D\u00e9gustation<\/p>\n<p>Samedi 14 juin, <a href=\"https:\/\/www.if-saint-etienne.fr\/culture-loisirs\/le-fil-change-de-bobine\" target=\"_blank\" rel=\"noreferrer noopener nofollow\">Le Fil<\/a> accueille la 4\u00e8me \u00e9dition de La Fuchine, le Salon st\u00e9phanois du vin nature. Au programme concerts, \u00e9changes, d\u00e9gustations, avec une trentaine de vignerons qui seront pr\u00e9sents. Parmi eux, le Domaine des Trouill\u00e8res, le Domaine du Verdouble, ou encore Les vignes de Paulette.<\/p>\n<p>3 \u2013 Voyage dans le temps<\/p>\n<p>Roannais Agglom\u00e9ration la Compagnie Cogite et les habitants de l\u2019ombre, Coutouvre et Montagny, ont d\u00e9cid\u00e9 de reconduire leur balade th\u00e9\u00e2tralis\u00e9e <a href=\"https:\/\/www.facebook.com\/people\/Spectacle-Combre-Coutouvre-Montagny\/61559559581609\/\" target=\"_blank\" rel=\"noreferrer noopener nofollow\">De Fil en Aiguille<\/a> samedi 14 juin \u00e0 17h. Une d\u00e9ambulation en bus \u00e0 travers trois communes pour d\u00e9couvrir \u00e0 travers des sc\u00e9nettes ou des chansons, compos\u00e9es et interpr\u00e9t\u00e9es par les habitants, l\u2019histoire d\u2019un territoire et de son industrie textile.<\/p>\n<p>4 \u2013 En f\u00eate<\/p>\n<p>Samedi 14 juin, <a href=\"https:\/\/www.stjust-strambert.fr\/\" target=\"_blank\" rel=\"noreferrer noopener nofollow\">Saint-Just-Saint-Rambert<\/a> f\u00eate la musique. Au total, dix concerts seront propos\u00e9s au public sur trois sc\u00e8nes diff\u00e9rentes. Piano de rue, DJ set, ann\u00e9es 80\u2026 il y en aura pour tous les \u00e2ges et tous les go\u00fbts. Pour cette occasion, une bourse aux instruments est \u00e9galement organis\u00e9e.<\/p>\n<p>5 \u2013 Ode \u00e0 l\u2019agriculture<\/p>\n<p>Samedi 14 juin, les Conf\u00e9d\u00e9rations paysannes de la Loire et du Rh\u00f4ne sont en f\u00eate de 15h \u00e0 minuit, au Domaine des D\u00e9plaude, \u00e0 Tartaras. L\u2019apr\u00e8s-midi, des ateliers seront propos\u00e9s par et pour les paysans, ainsi que des animations pour les plus jeunes. S\u2019en suivra une soir\u00e9e festive avec bal folk et service de restauration paysanne.<\/p>\n","protected":false},"excerpt":{"rendered":"Voici la s\u00e9lection de la r\u00e9daction de If Saint-Etienne pour se divertir et s\u2019amuser dans la Loire le&hellip;\n","protected":false},"author":2,"featured_media":155913,"comment_status":"","ping_status":"","sticky":false,"template":"","format":"standard","meta":{"footnotes":""},"categories":[9653],"tags":[14428,1111,11,2430,1777,674,1011,27,14429,28075,12,14430,25,4001,1669,14431],"class_list":{"0":"post-155912","1":"post","2":"type-post","3":"status-publish","4":"format-standard","5":"has-post-thumbnail","7":"category-saint-etienne","8":"tag-activites-week-end-loire","9":"tag-actu","10":"tag-actualites","11":"tag-auvergne-rhone-alpes","12":"tag-eu","13":"tag-europe","14":"tag-fr","15":"tag-france","16":"tag-idees-sorties-loire","17":"tag-le-fil","18":"tag-news","19":"tag-recreatif","20":"tag-republique-francaise","21":"tag-saint-etienne","22":"tag-sorties","23":"tag-week-ends"},"share_on_mastodon":{"url":"https:\/\/pubeurope.com\/@fr\/114635157260848296","error":""},"_links":{"self":[{"href":"https:\/\/www.europesays.com\/fr\/wp-json\/wp\/v2\/posts\/155912","targetHints":{"allow":["GET"]}}],"collection":[{"href":"https:\/\/www.europesays.com\/fr\/wp-json\/wp\/v2\/posts"}],"about":[{"href":"https:\/\/www.europesays.com\/fr\/wp-json\/wp\/v2\/types\/post"}],"author":[{"embeddable":true,"href":"https:\/\/www.europesays.com\/fr\/wp-json\/wp\/v2\/users\/2"}],"replies":[{"embeddable":true,"href":"https:\/\/www.europesays.com\/fr\/wp-json\/wp\/v2\/comments?post=155912"}],"version-history":[{"count":0,"href":"https:\/\/www.europesays.com\/fr\/wp-json\/wp\/v2\/posts\/155912\/revisions"}],"wp:featuredmedia":[{"embeddable":true,"href":"https:\/\/www.europesays.com\/fr\/wp-json\/wp\/v2\/media\/155913"}],"wp:attachment":[{"href":"https:\/\/www.europesays.com\/fr\/wp-json\/wp\/v2\/media?parent=155912"}],"wp:term":[{"taxonomy":"category","embeddable":true,"href":"https:\/\/www.europesays.com\/fr\/wp-json\/wp\/v2\/categories?post=155912"},{"taxonomy":"post_tag","embeddable":true,"href":"https:\/\/www.europesays.com\/fr\/wp-json\/wp\/v2\/tags?post=155912"}],"curies":[{"name":"wp","href":"https:\/\/api.w.org\/{rel}","templated":true}]}}