{"id":155914,"date":"2025-06-06T07:07:15","date_gmt":"2025-06-06T07:07:15","guid":{"rendered":"https:\/\/www.europesays.com\/fr\/155914\/"},"modified":"2025-06-06T07:07:15","modified_gmt":"2025-06-06T07:07:15","slug":"la-biennale-du-design-de-saint-etienne-met-a-lhonneur-larmenie","status":"publish","type":"post","link":"https:\/\/www.europesays.com\/fr\/155914\/","title":{"rendered":"La biennale du design de Saint Etienne met \u00e0 l&rsquo;honneur l&rsquo;Arm\u00e9nie"},"content":{"rendered":"<p>Kamo Nigarian<\/p>\n<p>Cr\u00e9\u00e9e en 1998, la Biennale Internationale Design de Saint-\u00c9tienne, r\u00e9unit designers, \u00e9coles et entreprises, autour de nombreux \u00e9v\u00e8nements. L\u2019Arm\u00e9nie sera le pays invit\u00e9 de la 13e \u00e9dition, qui met en avant la th\u00e9matique \u00ab\u00a0Ressource(s)\u00a0\u00bb, une jolie fa\u00e7on de c\u00e9l\u00e9brer le r\u00e9cent jumelage entre Saint-Etienne et Kapan. L\u2019exposition En relief, cr\u00e9er en Arm\u00e9nie, explore le lien entre les cr\u00e9ateurs arm\u00e9niens et leur territoire. Elle illustre comment le milieu g\u00e9ographique et culturel nourrit l\u2019imaginaire et les pratiques des designers, faisant de la ressource locale une mati\u00e8re premi\u00e8re pour leur cr\u00e9ativit\u00e9.<\/p>\n<p><img loading=\"lazy\" decoding=\"async\" class=\"alignnone size-full wp-image-283836\" src=\"data:image\/svg+xml,%3Csvg%20xmlns=\" http:=\"\" alt=\"\" width=\"1356\" height=\"904\" data-lazy-src=\"https:\/\/www.europesays.com\/fr\/wp-content\/uploads\/2025\/06\/Noro-Khachatryan.jpg\"\/><\/p>\n<p>Noro Kachatryan<\/p>\n<p>L\u2019exposition pr\u00e9sente une s\u00e9lection d\u2019\u0153uvres d\u2019une quinzaine de cr\u00e9ateurs arm\u00e9niens, dont l\u2019\u00e9nergie et l\u2019inventivit\u00e9 font plaisir \u00e0 voir. \u00c0 travers eux, l\u2019Arm\u00e9nie r\u00e9v\u00e8le l\u2019intense modernisme de sa cr\u00e9ation, parfois d\u00e9brid\u00e9e, toujours lib\u00e9r\u00e9e des contraintes acad\u00e9miques. L\u2019imagination sans borne devient une des pierres angulaires des projets d\u00e9voil\u00e9s au public.<\/p>\n<p><img loading=\"lazy\" decoding=\"async\" class=\"alignnone size-full wp-image-283835\" src=\"data:image\/svg+xml,%3Csvg%20xmlns=\" http:=\"\" alt=\"\" width=\"783\" height=\"699\" data-lazy-src=\"https:\/\/www.europesays.com\/fr\/wp-content\/uploads\/2025\/06\/khoren-Matevosyan.jpg\"\/><\/p>\n<p>Khoren Matevosyan<\/p>\n<p>La manifestation met \u00e9galement en lumi\u00e8re deux figures historiques marquantes du design arm\u00e9nien : Hripsime Simonyan et Kamo Nigarian. Ces artistes, pionniers de l\u2019\u00e9poque sovi\u00e9tique, ont jou\u00e9 un r\u00f4le cl\u00e9 dans le d\u00e9veloppement du design industriel et des arts d\u00e9coratifs en Arm\u00e9nie. Leurs \u0153uvres offrent un contraste avec la jeune cr\u00e9ation contemporaine. Cette exposition, au c\u0153ur de la prestigieuse Biennale, invite les visiteurs \u00e0 d\u00e9couvrir un design innovant, bien que profond\u00e9ment enracin\u00e9 dans l\u2019histoire et les traditions de l\u2019Arm\u00e9nie, comme autant de regards crois\u00e9s entre pass\u00e9 foisonnant et avenir cr\u00e9atif.<\/p>\n<p><img loading=\"lazy\" decoding=\"async\" class=\"alignnone size-full wp-image-283832\" src=\"data:image\/svg+xml,%3Csvg%20xmlns=\" http:=\"\" alt=\"\" width=\"1291\" height=\"911\" data-lazy-src=\"https:\/\/www.europesays.com\/fr\/wp-content\/uploads\/2025\/06\/1.jpg\"\/><\/p>\n<p>Hripsime Simonyan<\/p>\n<p>La commissaire de l\u2019exposition, Nairi Khatchadourian, vit depuis 2015 en Arm\u00e9nie o\u00f9 elle a fond\u00e9 AHA Collective. Elle joue un r\u00f4le cl\u00e9 dans le renouvellement de la sc\u00e8ne artistique arm\u00e9nienne contemporaine, en r\u00e9unissant artistes, designers et chercheurs dans des espaces vari\u00e9s, des mus\u00e9es aux usines abandonn\u00e9es. La sc\u00e9nographie, quant \u00e0 elle, a \u00e9t\u00e9 confi\u00e9e \u00e0 Normal Studio, fond\u00e9 en 2006 par Eloi Chafa\u00ef et Jean-Fran\u00e7ois Dingjian. Leur travail a \u00e9t\u00e9 expos\u00e9 dans de prestigieux lieux comme le mus\u00e9e des Arts d\u00e9coratifs de Paris et le Centre Pompidou.<\/p>\n<p>\u00a0<\/p>\n<p>Jusqu\u2019au 6 juillet 2025<br \/>En relief, cr\u00e9er en Arm\u00e9nie \u2013 Biennale Internationale Design<br \/>Cit\u00e9 du Design, 3 rue Javelin Pagnon \u00e0 Saint Etienne<\/p>\n<p>Lena Ichkhan<\/p>\n<p>\u00a0<\/p>\n<p>\u00a0<\/p>\n","protected":false},"excerpt":{"rendered":"Kamo Nigarian Cr\u00e9\u00e9e en 1998, la Biennale Internationale Design de Saint-\u00c9tienne, r\u00e9unit designers, \u00e9coles et entreprises, autour de&hellip;\n","protected":false},"author":2,"featured_media":155915,"comment_status":"","ping_status":"","sticky":false,"template":"","format":"standard","meta":{"footnotes":""},"categories":[9653],"tags":[27754,4865,1111,11,2430,1777,674,1011,27,985,12,2551,25,4001],"class_list":{"0":"post-155914","1":"post","2":"type-post","3":"status-publish","4":"format-standard","5":"has-post-thumbnail","7":"category-saint-etienne","8":"tag-05-la-cinq","9":"tag-06-une-de-rubrique","10":"tag-actu","11":"tag-actualites","12":"tag-auvergne-rhone-alpes","13":"tag-eu","14":"tag-europe","15":"tag-fr","16":"tag-france","17":"tag-mode","18":"tag-news","19":"tag-patrimoine","20":"tag-republique-francaise","21":"tag-saint-etienne"},"share_on_mastodon":{"url":"https:\/\/pubeurope.com\/@fr\/114635161462883545","error":""},"_links":{"self":[{"href":"https:\/\/www.europesays.com\/fr\/wp-json\/wp\/v2\/posts\/155914","targetHints":{"allow":["GET"]}}],"collection":[{"href":"https:\/\/www.europesays.com\/fr\/wp-json\/wp\/v2\/posts"}],"about":[{"href":"https:\/\/www.europesays.com\/fr\/wp-json\/wp\/v2\/types\/post"}],"author":[{"embeddable":true,"href":"https:\/\/www.europesays.com\/fr\/wp-json\/wp\/v2\/users\/2"}],"replies":[{"embeddable":true,"href":"https:\/\/www.europesays.com\/fr\/wp-json\/wp\/v2\/comments?post=155914"}],"version-history":[{"count":0,"href":"https:\/\/www.europesays.com\/fr\/wp-json\/wp\/v2\/posts\/155914\/revisions"}],"wp:featuredmedia":[{"embeddable":true,"href":"https:\/\/www.europesays.com\/fr\/wp-json\/wp\/v2\/media\/155915"}],"wp:attachment":[{"href":"https:\/\/www.europesays.com\/fr\/wp-json\/wp\/v2\/media?parent=155914"}],"wp:term":[{"taxonomy":"category","embeddable":true,"href":"https:\/\/www.europesays.com\/fr\/wp-json\/wp\/v2\/categories?post=155914"},{"taxonomy":"post_tag","embeddable":true,"href":"https:\/\/www.europesays.com\/fr\/wp-json\/wp\/v2\/tags?post=155914"}],"curies":[{"name":"wp","href":"https:\/\/api.w.org\/{rel}","templated":true}]}}