{"id":155916,"date":"2025-06-06T07:08:11","date_gmt":"2025-06-06T07:08:11","guid":{"rendered":"https:\/\/www.europesays.com\/fr\/155916\/"},"modified":"2025-06-06T07:08:11","modified_gmt":"2025-06-06T07:08:11","slug":"le-savez-vous-du-jour-savez-vous-comment-est-nee-la-fete-des-fraises-a-maxeville-2","status":"publish","type":"post","link":"https:\/\/www.europesays.com\/fr\/155916\/","title":{"rendered":"Le \u00ab\u00a0savez-vous\u00a0\u00bb du jour. Savez-vous comment est n\u00e9e la F\u00eate des fraises \u00e0 Max\u00e9ville\u00a0?"},"content":{"rendered":"<p>Ce jeudi 5\u00a0juin a marqu\u00e9 le d\u00e9but des festivit\u00e9s \u00e0 Max\u00e9ville, autour de la <a href=\"https:\/\/www.estrepublicain.fr\/culture-loisirs\/2025\/06\/02\/la-fete-des-fraises-2025-en-trois-episodes#:~:text=Organis%C3%A9%20sur%20trois%20jours%2C%20du,public%20familial%20toujours%20plus%20nombreux.\" target=\"_blank\" rel=\"noopener\">F\u00eate des Fraises<\/a>, avec une soir\u00e9e musicale organis\u00e9e sur le site des Brasseries.<\/p>\n<p>Si l\u2019association entre fraises et <a href=\"https:\/\/www.estrepublicain.fr\/recherche?q=Max%C3%A9ville&amp;x=0&amp;y=0&amp;x=1&amp;y=1\" target=\"_blank\" rel=\"noopener\">Max\u00e9ville<\/a> peut aujourd\u2019hui sembler surprenante, il faut remonter \u00e0 la fin du XIX\u1d49 si\u00e8cle pour en comprendre l\u2019origine. \u00c0 cette \u00e9poque, la viticulture occupait une place importante en Meurthe-et-Moselle. Mais la prolif\u00e9ration de maladies, notamment le phyllox\u00e9ra, a conduit \u00e0 l\u2019abandon progressif de cette activit\u00e9 dans plusieurs communes.<\/p>\n<p>\u00c0 Max\u00e9ville, les producteurs se sont alors tourn\u00e9s vers le mara\u00eechage, optant en particulier pour la culture de la fraise, r\u00e9put\u00e9e pour ses vertus r\u00e9pulsives contre les pucerons. Parmi les vari\u00e9t\u00e9s cultiv\u00e9es, la Surprise des Halles a contribu\u00e9 \u00e0 la notori\u00e9t\u00e9 du territoire.<\/p>\n<p>Ce contenu est bloqu\u00e9 car vous n&rsquo;avez pas accept\u00e9 les cookies et autres traceurs.<\/p>\n<p>En cliquant sur \u00ab J\u2019accepte \u00bb, les cookies et autres traceurs seront d\u00e9pos\u00e9s et vous pourrez visualiser les contenus  (<a href=\"\" class=\"consentModule_policy\" target=\"_blank\" title=\"Consulter la politique de protection des donn\u00e9es du fournisseur\">plus d&rsquo;informations<\/a>).<\/p>\n<p>En cliquant sur \u00ab J\u2019accepte tous les cookies \u00bb, vous autorisez des d\u00e9p\u00f4ts de cookies et autres traceurs pour le stockage de vos donn\u00e9es sur nos sites et applications \u00e0 des fins de personnalisation et de ciblage publicitaire.<\/p>\n<p class=\"consentModule_secondaryText\">Vous gardez la possibilit\u00e9 de retirer votre consentement \u00e0 tout moment en consultant notre <a href=\"http:\/\/www.estrepublicain.fr\/protection-des-donnees\" target=\"_blank\" title=\"Consulter notre politique de protection des donn\u00e9es\" rel=\"noopener\">politique de protection des donn\u00e9es<\/a>. <br \/>&#13;<br \/>\n            <a href=\"http:\/\/www.estrepublicain.fr\/culture-loisirs\/2025\/06\/06\/javascript:Didomi.notice.show()\" class=\"consentModule_cmp\" target=\"_blank\" rel=\"noopener\">G\u00e9rer mes choix<\/a>&#13;\n        <\/p>\n<p>&#13;<br \/>\n                        J&rsquo;accepte&#13;<br \/>\n            J&rsquo;accepte tous les cookies&#13;\n        <\/p>\n<p>  L\u2019arriv\u00e9e de l\u2019autoroute<\/p>\n<p>Durant les ann\u00e9es 1960, une dizaine de mara\u00eechers exploitaient encore des terres en centre-ville, cultivant manuellement les fraises selon les conditions climatiques.<\/p>\n<p>La construction de l\u2019<a href=\"http:\/\/www.estrepublicain.fr\/p\/autoroute-a31\" target=\"_blank\" rel=\"noopener\">autoroute A31<\/a> \u00e0 partir de 1965 a cependant entra\u00een\u00e9 l\u2019expropriation progressive des exploitants. Cette pression fonci\u00e8re a men\u00e9 \u00e0 la disparition quasi totale de la fraise dans le paysage agricole local.<\/p>\n<p>En 1983, le comit\u00e9 des f\u00eates de Max\u00e9ville, avec le soutien des services municipaux, a choisi de remettre \u00e0 l\u2019honneur cette tradition disparue en instaurant la Foire aux Fraises, devenue au fil des d\u00e9cennies un \u00e9v\u00e9nement populaire et f\u00e9d\u00e9rateur. Organis\u00e9e d\u00e9sormais dans le parc de la mairie, <a href=\"https:\/\/www.estrepublicain.fr\/culture-loisirs\/2024\/06\/04\/fete-des-fraises-un-bilan-rejouissant-pour-une-fete-tres-populaire\" target=\"_blank\" rel=\"noopener\">cette manifestation est inscrite comme un moment fort<\/a> du calendrier estival.<\/p>\n<p>Elle s\u2019\u00e9tend sur plusieurs jours et mobilise les diff\u00e9rents quartiers de la commune.<\/p>\n<p><a href=\"https:\/\/www.estrepublicain.fr\/culture-loisirs\/2025\/06\/02\/la-fete-des-fraises-2025-en-trois-episodes\" target=\"_blank\" rel=\"noopener\">Les prochains rendez-vous de cette \u00e9dition 2025<\/a> sont <a href=\"https:\/\/www.estrepublicain.fr\/culture-loisirs\/2025\/06\/02\/la-fete-des-fraises-2025-en-trois-episodes#:~:text=Organis%C3%A9%20sur%20trois%20jours%2C%20du,public%20familial%20toujours%20plus%20nombreux.\" target=\"_blank\" rel=\"noopener\">les 13, 15 et 15\u00a0juin<\/a> avec comme point d\u2019orgue, la grande soir\u00e9e-concerts au parc de la mairie du vendredi.<\/p>\n","protected":false},"excerpt":{"rendered":"Ce jeudi 5\u00a0juin a marqu\u00e9 le d\u00e9but des festivit\u00e9s \u00e0 Max\u00e9ville, autour de la F\u00eate des Fraises, avec&hellip;\n","protected":false},"author":2,"featured_media":155788,"comment_status":"","ping_status":"","sticky":false,"template":"","format":"standard","meta":{"footnotes":""},"categories":[9635],"tags":[1111,11,327,1687,33,1704,1777,674,3326,1011,27,775,937,10061,10262,873,1702,12,4043,25,104,953,3140],"class_list":{"0":"post-155916","1":"post","2":"type-post","3":"status-publish","4":"format-standard","5":"has-post-thumbnail","7":"category-nancy","8":"tag-actu","9":"tag-actualites","10":"tag-agriculture","11":"tag-culture-loisirs","12":"tag-economie","13":"tag-edition-nancy-et-agglomeration","14":"tag-eu","15":"tag-europe","16":"tag-fete-locale","17":"tag-fr","18":"tag-france","19":"tag-grand-est","20":"tag-histoire","21":"tag-maxeville","22":"tag-metropole-du-grand-nancy-54b5","23":"tag-musique","24":"tag-nancy","25":"tag-news","26":"tag-repas-et-the-dansant","27":"tag-republique-francaise","28":"tag-societe","29":"tag-soiree","30":"tag-spectacle"},"share_on_mastodon":{"url":"https:\/\/pubeurope.com\/@fr\/114635165212630627","error":""},"_links":{"self":[{"href":"https:\/\/www.europesays.com\/fr\/wp-json\/wp\/v2\/posts\/155916","targetHints":{"allow":["GET"]}}],"collection":[{"href":"https:\/\/www.europesays.com\/fr\/wp-json\/wp\/v2\/posts"}],"about":[{"href":"https:\/\/www.europesays.com\/fr\/wp-json\/wp\/v2\/types\/post"}],"author":[{"embeddable":true,"href":"https:\/\/www.europesays.com\/fr\/wp-json\/wp\/v2\/users\/2"}],"replies":[{"embeddable":true,"href":"https:\/\/www.europesays.com\/fr\/wp-json\/wp\/v2\/comments?post=155916"}],"version-history":[{"count":0,"href":"https:\/\/www.europesays.com\/fr\/wp-json\/wp\/v2\/posts\/155916\/revisions"}],"wp:featuredmedia":[{"embeddable":true,"href":"https:\/\/www.europesays.com\/fr\/wp-json\/wp\/v2\/media\/155788"}],"wp:attachment":[{"href":"https:\/\/www.europesays.com\/fr\/wp-json\/wp\/v2\/media?parent=155916"}],"wp:term":[{"taxonomy":"category","embeddable":true,"href":"https:\/\/www.europesays.com\/fr\/wp-json\/wp\/v2\/categories?post=155916"},{"taxonomy":"post_tag","embeddable":true,"href":"https:\/\/www.europesays.com\/fr\/wp-json\/wp\/v2\/tags?post=155916"}],"curies":[{"name":"wp","href":"https:\/\/api.w.org\/{rel}","templated":true}]}}