{"id":155919,"date":"2025-06-06T07:10:10","date_gmt":"2025-06-06T07:10:10","guid":{"rendered":"https:\/\/www.europesays.com\/fr\/155919\/"},"modified":"2025-06-06T07:10:10","modified_gmt":"2025-06-06T07:10:10","slug":"la-page-facebook-de-ce-restaurateur-du-var-supprimee-pour-exploitation-sexuelle-des-adultes-il-attaque-meta-en-justice","status":"publish","type":"post","link":"https:\/\/www.europesays.com\/fr\/155919\/","title":{"rendered":"La page Facebook de ce restaurateur du Var supprim\u00e9e pour \u00ab\u00a0exploitation sexuelle des adultes\u00a0\u00bb, il attaque Meta en justice"},"content":{"rendered":"<p>Un commer\u00e7ant valettois face \u00e0 la multinationale Meta. Sur le papier, l\u2019opposition a tout d\u2019un duel \u00e0 la David contre Goliath. Mais William R\u00e9my, restaurateur depuis quatre ans dans le centre-ville de La Valette, y croit dur comme fer. Avec Me Pin, avocat au barreau de Toulon, <strong>il va d\u00e9poser sous peu une assignation devant le tribunal judiciaire de Paris pour attaquer en justice la soci\u00e9t\u00e9 Meta.<\/strong><\/p>\n<p>La raison? Le chef d\u2019entreprise varois s\u2019estime diffam\u00e9 par la plateforme qui, fin avril, a supprim\u00e9 la page Facebook de son commerce, <a href=\"https:\/\/www.varmatin.com\/vie-locale\/entre-humour-et-crustaces-un-restaurant-valettois-fait-le-buzz-921145\" rel=\"nofollow noopener\" target=\"_blank\">le Caf\u00e9 la Station<\/a>, expliquant qu\u2019elle ne respectait pas les standards de la communaut\u00e9 \u00ab\u00a0sur l\u2019exploitation sexuelle des adultes\u00a0\u00bb.<\/p>\n<p><strong>Des d\u00e9collet\u00e9s qui font parler<\/strong><\/p>\n<p>Il faut dire que, depuis deux ans et demi, les posts de William R\u00e9my \u00e9taient loin de faire l\u2019unanimit\u00e9 sur le r\u00e9seau social. En plus de proposer un plat unique &#8211; une parillada de la mer servie \u00e0 la pelle &#8211; \u00e0 la carte de son restaurant, ce dernier avait pris le parti d\u2019une communication pour le moins os\u00e9e sur la plateforme fond\u00e9e par Mark Zuckerberg. \u00ab\u00a0On est totalement dans la gal\u00e9jade. L\u2019id\u00e9e \u00e9tait de tenter d\u2019exister sur ce r\u00e9seau au-del\u00e0 de la simple petite photo du plat qui va bien. J\u2019ai donc sorti ce c\u00f4t\u00e9 provoc \u00e0 travers une approche de photos tr\u00e8s sensuelle.\u00a0\u00bb<\/p>\n<p>Sur les images r\u00e9guli\u00e8rement partag\u00e9es, on pouvait ainsi voir les salari\u00e9es de l\u2019\u00e9tablissement (et dans de plus rares cas des clientes) servir les coquillages et crustac\u00e9s \u00e0 la client\u00e8le avec un d\u00e9collet\u00e9 tr\u00e8s apparent. Et ce, quand les photos publi\u00e9es n\u2019\u00e9taient pas encore plus culott\u00e9es\u2026<\/p>\n<p>Pour certains, ces publications pouvaient \u00eatre amusantes. Pour d\u2019autres, elles \u00e9taient aux mieux maladroites, au pire \u00e9c\u0153urantes. Il reste que l\u2019effet souhait\u00e9 \u00e9tait obtenu: \u00ab\u00a0J\u2019en \u00e9tais \u00e0 50.000 followers et, sur le seul mois de mars, \u00e0 plus de 3 millions de personnes impact\u00e9es. Mais au-del\u00e0 de \u00e7a, c\u2019est l\u2019interaction qu\u2019il y avait avec les internautes qui m\u2019importait.\u00a0\u00bb Depuis des ann\u00e9es, le petit restaurant tourne d\u2019ailleurs \u00e0 plein r\u00e9gime sur l\u2019avenue Anatole-France.<\/p>\n<blockquote>\n<p><strong>\u00ab\u00a0Une atteinte \u00e0 la libert\u00e9 d\u2019expression\u00a0\u00bb<\/strong><\/p>\n<\/blockquote>\n<p>Aussi, cette suppression de \u00ab\u00a0plusieurs ann\u00e9es de travail\u00a0\u00bb a eu comme l\u2019effet d\u2019une moule pas fra\u00eeche dans une assiette de parillada. \u00ab\u00a0Il y avait eu cinq ou six signalements par le pass\u00e9. Les publications \u00e9taient suspendues deux heures, puis \u00e9taient remises apr\u00e8s l\u2019examen par Facebook. L\u00e0, on n\u2019a aucune explication\u00a0\u00bb, enrage le commer\u00e7ant, qui a depuis pu recr\u00e9er une page \u00ab\u00a0en bricolant\u00a0\u00bb.<\/p>\n<p>Et \u00e0 son avocat de reprendre: \u00ab\u00a0On consid\u00e8re que la sanction unilat\u00e9rale de Meta n\u2019est pas justifi\u00e9e et que c\u2019est une atteinte \u00e0 la libert\u00e9 d\u2019expression. [&#8230;] Pour nous, ces photos ne viennent pas violer les standards de la communaut\u00e9. Il n\u2019y a pas de pornographie et il y a surtout le consentement de toutes les personnes qui ont pos\u00e9 jusque-l\u00e0. La forme peut appara\u00eetre comme un peu provocatrice, mais on consid\u00e8re avoir respect\u00e9 les r\u00e8gles du jeu. En deux ans et demi, jamais la police ou la gendarmerie n\u2019a mis son nez l\u00e0-dedans. [&#8230;] Nous demanderons la r\u00e9ouverture du compte et un d\u00e9dommagement car, sans ce fichier client, il y a un pr\u00e9judice \u00e9norme dans le cas d\u2019une estimation ou d\u2019une revente potentielle du commerce.\u00a0\u00bb<\/p>\n<p>William R\u00e9my conclut: \u00ab\u00a0M\u00eame si, en face, c\u2019est la plus grande plateforme du monde, ce n\u2019est pas une raison pour se laisser marcher dessus. Nous sommes en France et, quand on accuse quelqu\u2019un d\u2019exploitation sexuelle d\u2019adultes, on doit lui laisser la possibilit\u00e9 de se d\u00e9fendre.\u00a0\u00bb<\/p>\n","protected":false},"excerpt":{"rendered":"Un commer\u00e7ant valettois face \u00e0 la multinationale Meta. Sur le papier, l\u2019opposition a tout d\u2019un duel \u00e0 la&hellip;\n","protected":false},"author":2,"featured_media":155920,"comment_status":"","ping_status":"","sticky":false,"template":"","format":"standard","meta":{"footnotes":""},"categories":[9619],"tags":[1111,11,215,1777,674,1011,27,1757,303,12,882,25,2310,3366],"class_list":{"0":"post-155919","1":"post","2":"type-post","3":"status-publish","4":"format-standard","5":"has-post-thumbnail","7":"category-toulon","8":"tag-actu","9":"tag-actualites","10":"tag-commerce","11":"tag-eu","12":"tag-europe","13":"tag-fr","14":"tag-france","15":"tag-insolite","16":"tag-justice","17":"tag-news","18":"tag-provence-alpes-cote-dazur","19":"tag-republique-francaise","20":"tag-toulon","21":"tag-vie-locale"},"share_on_mastodon":{"url":"https:\/\/pubeurope.com\/@fr\/114635172968248675","error":""},"_links":{"self":[{"href":"https:\/\/www.europesays.com\/fr\/wp-json\/wp\/v2\/posts\/155919","targetHints":{"allow":["GET"]}}],"collection":[{"href":"https:\/\/www.europesays.com\/fr\/wp-json\/wp\/v2\/posts"}],"about":[{"href":"https:\/\/www.europesays.com\/fr\/wp-json\/wp\/v2\/types\/post"}],"author":[{"embeddable":true,"href":"https:\/\/www.europesays.com\/fr\/wp-json\/wp\/v2\/users\/2"}],"replies":[{"embeddable":true,"href":"https:\/\/www.europesays.com\/fr\/wp-json\/wp\/v2\/comments?post=155919"}],"version-history":[{"count":0,"href":"https:\/\/www.europesays.com\/fr\/wp-json\/wp\/v2\/posts\/155919\/revisions"}],"wp:featuredmedia":[{"embeddable":true,"href":"https:\/\/www.europesays.com\/fr\/wp-json\/wp\/v2\/media\/155920"}],"wp:attachment":[{"href":"https:\/\/www.europesays.com\/fr\/wp-json\/wp\/v2\/media?parent=155919"}],"wp:term":[{"taxonomy":"category","embeddable":true,"href":"https:\/\/www.europesays.com\/fr\/wp-json\/wp\/v2\/categories?post=155919"},{"taxonomy":"post_tag","embeddable":true,"href":"https:\/\/www.europesays.com\/fr\/wp-json\/wp\/v2\/tags?post=155919"}],"curies":[{"name":"wp","href":"https:\/\/api.w.org\/{rel}","templated":true}]}}