{"id":155921,"date":"2025-06-06T07:11:09","date_gmt":"2025-06-06T07:11:09","guid":{"rendered":"https:\/\/www.europesays.com\/fr\/155921\/"},"modified":"2025-06-06T07:11:09","modified_gmt":"2025-06-06T07:11:09","slug":"defendre-les-accueils-au-public-tous-menaces-de-fermeture","status":"publish","type":"post","link":"https:\/\/www.europesays.com\/fr\/155921\/","title":{"rendered":"D\u00e9fendre les accueils au public tous menac\u00e9s de fermeture"},"content":{"rendered":"\n<p>Avant de rejoindre le cort\u00e8ge de la manifestation pour l\u2019abrogation de la r\u00e9forme des retraites, les agents des Finances publiques ont commenc\u00e9 leur mobilisation d\u00e8s 8h devant l\u2019accueil du service des imp\u00f4ts des particuliers de Toulon. Il s\u2019agissait, en ce dernier jour de d\u00e9claration, d\u2019interpeller la population sur l\u2019impact pour les usagers de la casse de ce service public.<\/p>\n<p>\u00ab\u00a0Nos services sont \u00e0 l\u2019os et nous avons de plus en plus de difficult\u00e9s pour recevoir et r\u00e9pondre aux contribuables\u00a0\u00bb, explique Fran\u00e7oise Martinez, la secr\u00e9taire g\u00e9n\u00e9rale de la CGT des Finances publiques. Et d\u2019\u00e9tayer son propos par un exemple concret, celui de la fermeture totale de l\u2019accueil physique du service de Var amendes. Et d\u2019alerter\u00a0: \u00ab\u00a0Le Premier ministre Bayrou a d\u2019ores et d\u00e9j\u00e0 annonc\u00e9 vouloir trouver 40\u00a0milliards d\u2019\u00e9conomies pour le prochain budget. Ce sont les services publics et la S\u00e9curit\u00e9 sociale qui vont sans doute \u00eatre les principales sources de ces \u00e9conomies.\u00a0\u00bb<\/p>\n<p>Des orientations inacceptables pour la CGT et ses militants, qui l\u2019expliquent aux usagers venus d\u00e9poser au dernier moment leur d\u00e9claration d\u2019imp\u00f4t. \u00ab\u00a0\u00c7a nous permet de rentrer en contact avec eux et de leur expliquer pourquoi on est en train de se bagarrer sur le sujet de l\u2019ouverture au public de ce service public, puisqu\u2019ils sont en train de fermer nos accueils et veulent que tout se passe sur internet\u00a0\u00bb, poursuit Patrice Moulun. \u00ab\u00a0Autant dire qu\u2019on est bien re\u00e7us, y a personne qui nous engueule, au contraire ils sont tous d\u2019accord\u00a0\u00bb, se f\u00e9licite le syndicaliste, conscient de la n\u00e9cessit\u00e9 de faire comprendre au plus grand nombre que le combat pour les services publics m\u00e9rite d\u2019\u00eatre port\u00e9 par tous.<\/p>\n","protected":false},"excerpt":{"rendered":"Avant de rejoindre le cort\u00e8ge de la manifestation pour l\u2019abrogation de la r\u00e9forme des retraites, les agents des&hellip;\n","protected":false},"author":2,"featured_media":155922,"comment_status":"","ping_status":"","sticky":false,"template":"","format":"standard","meta":{"footnotes":""},"categories":[9619],"tags":[1111,11,1777,674,6329,1011,27,12,882,25,2310],"class_list":{"0":"post-155921","1":"post","2":"type-post","3":"status-publish","4":"format-standard","5":"has-post-thumbnail","7":"category-toulon","8":"tag-actu","9":"tag-actualites","10":"tag-eu","11":"tag-europe","12":"tag-finances-publiques","13":"tag-fr","14":"tag-france","15":"tag-news","16":"tag-provence-alpes-cote-dazur","17":"tag-republique-francaise","18":"tag-toulon"},"share_on_mastodon":{"url":"https:\/\/pubeurope.com\/@fr\/114635177070142301","error":""},"_links":{"self":[{"href":"https:\/\/www.europesays.com\/fr\/wp-json\/wp\/v2\/posts\/155921","targetHints":{"allow":["GET"]}}],"collection":[{"href":"https:\/\/www.europesays.com\/fr\/wp-json\/wp\/v2\/posts"}],"about":[{"href":"https:\/\/www.europesays.com\/fr\/wp-json\/wp\/v2\/types\/post"}],"author":[{"embeddable":true,"href":"https:\/\/www.europesays.com\/fr\/wp-json\/wp\/v2\/users\/2"}],"replies":[{"embeddable":true,"href":"https:\/\/www.europesays.com\/fr\/wp-json\/wp\/v2\/comments?post=155921"}],"version-history":[{"count":0,"href":"https:\/\/www.europesays.com\/fr\/wp-json\/wp\/v2\/posts\/155921\/revisions"}],"wp:featuredmedia":[{"embeddable":true,"href":"https:\/\/www.europesays.com\/fr\/wp-json\/wp\/v2\/media\/155922"}],"wp:attachment":[{"href":"https:\/\/www.europesays.com\/fr\/wp-json\/wp\/v2\/media?parent=155921"}],"wp:term":[{"taxonomy":"category","embeddable":true,"href":"https:\/\/www.europesays.com\/fr\/wp-json\/wp\/v2\/categories?post=155921"},{"taxonomy":"post_tag","embeddable":true,"href":"https:\/\/www.europesays.com\/fr\/wp-json\/wp\/v2\/tags?post=155921"}],"curies":[{"name":"wp","href":"https:\/\/api.w.org\/{rel}","templated":true}]}}