{"id":155939,"date":"2025-06-06T07:24:09","date_gmt":"2025-06-06T07:24:09","guid":{"rendered":"https:\/\/www.europesays.com\/fr\/155939\/"},"modified":"2025-06-06T07:24:09","modified_gmt":"2025-06-06T07:24:09","slug":"saint-jean-cap-ferrat-les-demoiselles-de-jean-philippe-richard","status":"publish","type":"post","link":"https:\/\/www.europesays.com\/fr\/155939\/","title":{"rendered":"Saint-Jean-Cap-Ferrat. Les Demoiselles de Jean-Philippe Richard&#8230;"},"content":{"rendered":"<p><img decoding=\"async\" src=\"https:\/\/www.europesays.com\/fr\/wp-content\/uploads\/2025\/06\/AFFICHE-DEMOISELLES.jpg\" title=\"\" alt=\"\"\/><\/p>\n<p>Cette ann\u00e9e du 6 juin au 26 octobre, les visiteurs peuvent d\u00e9couvrir \u00ab\u00a0Les Demoiselles du Cap\u00a0\u00bb, l\u2019exposition \u00e9v\u00e8nement de la saison estivale de la ville. Dans l\u2019\u00e9crin c\u00f4tier qu\u2019est cette presqu\u2019\u00eele paradisiaque, le public tombera sous le charme de ces demoiselles, sans doute d\u00e9j\u00e0 rencontr\u00e9es dans le jardin de Eze o\u00f9 le sculpteur, Jean-Philippe Richard a install\u00e9 plus de 22 \u0153uvres depuis 2001 ou au d\u00e9tour d\u2019un autre jardin \u00e0 travers le monde.<\/p>\n<p>Ici, c\u2019est 19 sculptures de taille humaine qui sont r\u00e9parties dans le village. Du parvis de la mairie au stade, en passant par la Promenade des Arts, elles viendront \u00e0 votre rencontre, \u00e9l\u00e9gantes et graciles avec leur visage souriant. Celles-ci peupleront d\u00e9sormais nos r\u00eaves de luxe, calme et volupt\u00e9, comme l\u2019\u00e9crivait Baudelaire. L\u2019artiste propose un voyage \u00e9motionnel. C\u2019est pourquoi, ses sculptures nous paraissent si incroyablement humaines\u00a0: classiques comme les sculptures antiques mais aussi contemporaines par leur attitude affirm\u00e9e.\u00a0<\/p>\n<p>Jean-Philippe Richard a v\u00e9cu une vie de boh\u00e8me et de libert\u00e9 \u00e0 travers la France avant de se fixer \u00e0 la fin des ann\u00e9es 70, dans sa ch\u00e8re Provence. Il est reconnu internationalement depuis plus de trente-cinq ans, multi-prim\u00e9, ses \u0153uvres sont pr\u00e9sentes dans de nombreuses collections, en France comme \u00e0 l\u2019\u00e9tranger. L\u2019artiste n\u2019a jamais exerc\u00e9 d\u2019autre activit\u00e9 que celles de suivre ses deux passions\u00a0: la premi\u00e8re, le ciel et ses \u00e9toiles, par l\u2019astronomie et l\u2019invention de cadrans solaire ou par l\u2019aviation. Aujourd\u2019hui, une de ses derni\u00e8res s\u00e9ries s\u2019appelle Voyage en ast\u00e9ro\u00efdes dont est issue l\u2019\u0153uvre, Bellatrix, pr\u00e9sente sur la Promenade des Arts.\u00a0<\/p>\n<p>Sa seconde passion est celle de la mati\u00e8re ou plut\u00f4t des mati\u00e8res. Chimiste de formation, c\u2019est d\u2019elles qu\u2019il puise son d\u00e9sir de transformation en cr\u00e9ation. Tel H\u00e9pha\u00efstos dans sa caverne, il mod\u00e8le ses longues sylphides de terre, de bronze, de marbre ou de cristal (et depuis plus de 20 ans, il est l\u2019un des artistes phare de la cristallerie Daum). Ainsi Jean-Philippe Richard d\u00e9finit lui-m\u00eame son \u0153uvre\u00a0: La t\u00eate dans les \u00e9toiles, et les pieds sur terre.<\/p>\n<ul>\n<li>L\u2019artiste pr\u00e9sentera \u00e9galement, du 18 au 27 juillet \u00e0 l\u2019Espace Namouna, \u00ab\u00a0L\u2019art d\u2019aimer\u00a0\u00bb, une exposition intime en duo avec la peintre Virginie Lhomme Fontaine. Un dialogue sensible entre peinture et sculpture, entre \u00e9motion et cr\u00e9ation partag\u00e9e.<\/li>\n<\/ul>\n","protected":false},"excerpt":{"rendered":"Cette ann\u00e9e du 6 juin au 26 octobre, les visiteurs peuvent d\u00e9couvrir \u00ab\u00a0Les Demoiselles du Cap\u00a0\u00bb, l\u2019exposition \u00e9v\u00e8nement&hellip;\n","protected":false},"author":2,"featured_media":155940,"comment_status":"","ping_status":"","sticky":false,"template":"","format":"standard","meta":{"footnotes":""},"categories":[2819],"tags":[1111,47,11,1777,674,1011,27,1110,1031,12,2401,882,25],"class_list":{"0":"post-155939","1":"post","2":"type-post","3":"status-publish","4":"format-standard","5":"has-post-thumbnail","7":"category-nice","8":"tag-actu","9":"tag-actualite","10":"tag-actualites","11":"tag-eu","12":"tag-europe","13":"tag-fr","14":"tag-france","15":"tag-informations","16":"tag-magazine","17":"tag-news","18":"tag-nice","19":"tag-provence-alpes-cote-dazur","20":"tag-republique-francaise"},"share_on_mastodon":{"url":"https:\/\/pubeurope.com\/@fr\/114635228017697770","error":""},"_links":{"self":[{"href":"https:\/\/www.europesays.com\/fr\/wp-json\/wp\/v2\/posts\/155939","targetHints":{"allow":["GET"]}}],"collection":[{"href":"https:\/\/www.europesays.com\/fr\/wp-json\/wp\/v2\/posts"}],"about":[{"href":"https:\/\/www.europesays.com\/fr\/wp-json\/wp\/v2\/types\/post"}],"author":[{"embeddable":true,"href":"https:\/\/www.europesays.com\/fr\/wp-json\/wp\/v2\/users\/2"}],"replies":[{"embeddable":true,"href":"https:\/\/www.europesays.com\/fr\/wp-json\/wp\/v2\/comments?post=155939"}],"version-history":[{"count":0,"href":"https:\/\/www.europesays.com\/fr\/wp-json\/wp\/v2\/posts\/155939\/revisions"}],"wp:featuredmedia":[{"embeddable":true,"href":"https:\/\/www.europesays.com\/fr\/wp-json\/wp\/v2\/media\/155940"}],"wp:attachment":[{"href":"https:\/\/www.europesays.com\/fr\/wp-json\/wp\/v2\/media?parent=155939"}],"wp:term":[{"taxonomy":"category","embeddable":true,"href":"https:\/\/www.europesays.com\/fr\/wp-json\/wp\/v2\/categories?post=155939"},{"taxonomy":"post_tag","embeddable":true,"href":"https:\/\/www.europesays.com\/fr\/wp-json\/wp\/v2\/tags?post=155939"}],"curies":[{"name":"wp","href":"https:\/\/api.w.org\/{rel}","templated":true}]}}