{"id":155943,"date":"2025-06-06T07:26:39","date_gmt":"2025-06-06T07:26:39","guid":{"rendered":"https:\/\/www.europesays.com\/fr\/155943\/"},"modified":"2025-06-06T07:26:39","modified_gmt":"2025-06-06T07:26:39","slug":"des-muralistes-nantais-exposent-leurs-fresques-dans-une-galerie","status":"publish","type":"post","link":"https:\/\/www.europesays.com\/fr\/155943\/","title":{"rendered":"Des muralistes nantais exposent leurs fresques dans une galerie"},"content":{"rendered":"<p>Ils ont davantage l\u2019habitude de travailler au grand air. Sur un mur du quartier des Olivettes \u00e0 Nantes, par exemple. Ou dans d\u2019autres lieux o\u00f9 ils sont appel\u00e9s pour peindre de grandes fresques murales. <strong>\u00ab\u00a0Et m\u00eame pay\u00e9s parfois,<\/strong> sourit Tanala, <strong>car certaines villes, comme Le Mans<\/strong> (Sarthe), <strong>r\u00e9mun\u00e8rent les muralistes.\u00a0\u00bb<\/strong> La jeune artiste nantaise est l\u2019une des quatre membres du collectif Label Rue, avec Vanessa Piras, <a href=\"https:\/\/nantes.maville.com\/actu\/actudet_-peintre-de-rue-sebastien-bouchard-campe-ses-visages-dans-la-ville-de-nantes-_52716-6330992_actu.Htm\" target=\"_self\" rel=\"noopener\">S\u00e9bastien Bouchard<\/a> et Lloeill. Cette fois, c\u2019est dans un tout autre d\u00e9cor que ces peintres ont sorti leurs pinceaux.<\/p>\n<p>Fresques vendues \u00e0 la d\u00e9coupe<\/p>\n<p>Au Triphas\u00e9, au centre-ville de Nantes, Franck Moinel, le responsable, a recouvert les murs de sa galerie de carton. Et invit\u00e9 le collectif \u00e0 faire d\u00e9couvrir son univers, \u00e0 partir de ce jeudi 5\u00a0juin, apr\u00e8s dix jours de \u00ab\u00a0r\u00e9sidence\u00a0\u00bb durant lesquels ils ont peint sur les murs de cet espace de 80\u00a0m2. Et comme on est dans une galerie, les fresques seront mises en vente. <strong>\u00ab\u00a0Soit en entier, soit sur une largeur d\u00e9coup\u00e9e de quelques centim\u00e8tres<\/strong> (et deux m\u00e8tres de haut, la hauteur des murs au Triphas\u00e9), <strong>vendus autour de 20\u00a0\u20ac du centim\u00e8tre\u00a0\u00bb,<\/strong> pr\u00e9cise Franck Moinel, qui se r\u00e9jouit de faire conna\u00eetre autrement le travail de ces muralistes. Y compris aupr\u00e8s de collectionneurs\u00a0:<strong> \u00ab\u00a0Ici, on peut s\u2019offrir un bout de mur en toute l\u00e9galit\u00e9 et selon ses moyens. Tout en soutenant un artiste.\u00a0\u00bb<\/strong><\/p>\n<p><strong>Voir aussi\u00a0:<\/strong> <a href=\"https:\/\/www.ouest-france.fr\/culture\/arts\/expositions\/video-quand-des-peintres-muralistes-nantais-sexposent-en-galerie-dd48e155-105d-30de-881e-6b120f2c74b6\" target=\"_self\" rel=\"noopener\"> Quand des peintres muralistes nantais s\u2019exposent en galerie<\/a><\/p>\n<p><strong>\u00ab\u00a0Dans la rue, on a d\u00e9j\u00e0 l\u2019habitude que nos fresques disparaissent puisqu\u2019elles peuvent \u00eatre recouvertes,<\/strong> confie Lloeil. <strong>Donc qu\u2019elles puissent \u00eatre vendues \u201c\u00e0 la d\u00e9coupe\u201d ne nous perturbe pas plus que \u00e7a.\u00a0\u00bb <\/strong> <strong>\u00ab\u00a0En changeant nos fa\u00e7ons de faire, on prend des risques, \u00e7a \u00e9vite de s\u2019enfermer et \u00e7a fait avancer\u00a0\u00bb, <\/strong>commente S\u00e9bastien Bouchard.<strong>\u00a0<\/strong>Vanessa Piras compl\u00e8te\u00a0:<strong> \u00ab\u00a0C\u2019est une opportunit\u00e9 incroyable de pouvoir montrer notre travail dans un autre contexte.\u00a0\u00bb<\/strong><\/p>\n<p><strong>\u00c0 partir du jeudi 5\u00a0juin,<\/strong> \u00e0 18\u00a0h (vernissage ouvert \u00e0 tous) et <strong>jusqu\u2019au 5\u00a0juillet,<\/strong> tous les jours (sauf dimanche et lundi) de 14\u00a0h \u00e0 19\u00a0h, \u00e0 la Galerie Le Triphas\u00e9, 20, boulevard Guist\u2019hau \u00e0 Nantes. Pr\u00e9sence d\u2019un des artistes du collectif Label Rue chaque samedi apr\u00e8s-midi. Entr\u00e9e libre.<\/p>\n<p>\u00a0<\/p>\n","protected":false},"excerpt":{"rendered":"Ils ont davantage l\u2019habitude de travailler au grand air. Sur un mur du quartier des Olivettes \u00e0 Nantes,&hellip;\n","protected":false},"author":2,"featured_media":155944,"comment_status":"","ping_status":"","sticky":false,"template":"","format":"standard","meta":{"footnotes":""},"categories":[2818],"tags":[1111,11,1777,674,11541,1011,27,21351,10486,28648,4715,766,12,2636,25],"class_list":{"0":"post-155943","1":"post","2":"type-post","3":"status-publish","4":"format-standard","5":"has-post-thumbnail","7":"category-nantes","8":"tag-actu","9":"tag-actualites","10":"tag-eu","11":"tag-europe","12":"tag-exposent","13":"tag-fr","14":"tag-france","15":"tag-fresques","16":"tag-galerie","17":"tag-muralistes","18":"tag-nantais","19":"tag-nantes","20":"tag-news","21":"tag-pays-de-la-loire","22":"tag-republique-francaise"},"share_on_mastodon":{"url":"https:\/\/pubeurope.com\/@fr\/114635235907608265","error":""},"_links":{"self":[{"href":"https:\/\/www.europesays.com\/fr\/wp-json\/wp\/v2\/posts\/155943","targetHints":{"allow":["GET"]}}],"collection":[{"href":"https:\/\/www.europesays.com\/fr\/wp-json\/wp\/v2\/posts"}],"about":[{"href":"https:\/\/www.europesays.com\/fr\/wp-json\/wp\/v2\/types\/post"}],"author":[{"embeddable":true,"href":"https:\/\/www.europesays.com\/fr\/wp-json\/wp\/v2\/users\/2"}],"replies":[{"embeddable":true,"href":"https:\/\/www.europesays.com\/fr\/wp-json\/wp\/v2\/comments?post=155943"}],"version-history":[{"count":0,"href":"https:\/\/www.europesays.com\/fr\/wp-json\/wp\/v2\/posts\/155943\/revisions"}],"wp:featuredmedia":[{"embeddable":true,"href":"https:\/\/www.europesays.com\/fr\/wp-json\/wp\/v2\/media\/155944"}],"wp:attachment":[{"href":"https:\/\/www.europesays.com\/fr\/wp-json\/wp\/v2\/media?parent=155943"}],"wp:term":[{"taxonomy":"category","embeddable":true,"href":"https:\/\/www.europesays.com\/fr\/wp-json\/wp\/v2\/categories?post=155943"},{"taxonomy":"post_tag","embeddable":true,"href":"https:\/\/www.europesays.com\/fr\/wp-json\/wp\/v2\/tags?post=155943"}],"curies":[{"name":"wp","href":"https:\/\/api.w.org\/{rel}","templated":true}]}}