{"id":155946,"date":"2025-06-06T07:28:13","date_gmt":"2025-06-06T07:28:13","guid":{"rendered":"https:\/\/www.europesays.com\/fr\/155946\/"},"modified":"2025-06-06T07:28:13","modified_gmt":"2025-06-06T07:28:13","slug":"en-gironde-leducation-nationale-accusee-detre-responsable-de-la-fermeture-dune-ecole-privee","status":"publish","type":"post","link":"https:\/\/www.europesays.com\/fr\/155946\/","title":{"rendered":"En Gironde, l&rsquo;\u00c9ducation nationale accus\u00e9e d&rsquo;\u00eatre responsable de la fermeture d&rsquo;une \u00e9cole priv\u00e9e"},"content":{"rendered":"<p>            Par<br \/>\n        <strong><br \/>\n            <a href=\"https:\/\/actu.fr\/auteur\/redaction-bordeaux\" title=\"Consulter tous les articles de R\u00e9daction Bordeaux\" target=\"_blank\" rel=\"noopener\">R\u00e9daction Bordeaux<\/a><br \/>\n        <\/strong><\/p>\n<p>        Publi\u00e9 le<\/p>\n<p>            6 juin 2025 \u00e0 6h32        <\/p>\n<p>Le tribunal administratif de Bordeaux a d\u00e9savou\u00e9 l\u2019Organisme de gestion de l\u2019enseignement catholique (OGEC) de l\u2019\u00e9cole du Sacr\u00e9 C\u0153ur <a href=\"https:\/\/actu.fr\/nouvelle-aquitaine\/puisseguin_33342\" target=\"_blank\" rel=\"noopener\">de Puisseguin (Gironde),<\/a> pr\u00e8s de Libourne, qui avait \u00e9t\u00e9 <strong>ferm\u00e9e en 2023.\u00a0<\/strong>L\u2019OGEC, charg\u00e9 de l\u2019entretien des b\u00e2timents de l\u2019\u00e9cole, estimait pourtant que la Directrice d\u00e9partementale des services de l\u2019\u00c9ducation nationale (DDSEN) de la Gironde avait une <strong>responsabilit\u00e9 dans cette d\u00e9cision<\/strong> contraire au \u00ab\u00a0principe de la libert\u00e9 de l\u2019enseignement\u00a0\u00bb.<\/p>\n<p>Des postes supprim\u00e9s, l\u2019\u00e9cole ferm\u00e9e<\/p>\n<p class=\" wall-content\">La DDSEN avait en effet \u00ab\u00a0supprim\u00e9 deux postes d\u2019enseignants\u00a0\u00bb n\u00e9cessaires au fonctionnement de l\u2019\u00e9cole pour la rentr\u00e9e 2023-2024. L\u2019OGEC avait donc demand\u00e9 qu\u2019il soit fait \u00ab\u00a0injonction\u00a0\u00bb au pr\u00e9fet de <a href=\"https:\/\/actu.fr\/nouvelle-aquitaine\/gironde_33\" target=\"_blank\" rel=\"noopener\">la Gironde<\/a> de <strong>\u00ab\u00a0maintenir les deux classes<\/strong> pr\u00e9vues\u00a0\u00bb au contrat d\u2019association qui le liait l\u2019\u00e9cole, le tout sous \u00ab\u00a0quinze jours\u00a0\u00bb et avec \u00ab\u00a01 000 euros par jour de retard\u00a0\u00bb.<\/p>\n<p class=\" wall-content\">Cette d\u00e9cision \u00e9tait en effet entach\u00e9e <strong>d\u2019une \u00ab\u00a0erreur d\u2019appr\u00e9ciation\u00a0\u00bb<\/strong> et aurait d\u00fb \u00eatre pr\u00e9c\u00e9d\u00e9e d\u2019une \u00ab\u00a0entente pr\u00e9alable\u00a0\u00bb qui \u00ab\u00a0n\u2019a pas \u00e9t\u00e9 recherch\u00e9e\u00a0\u00bb. Un \u00ab\u00a0avenant\u00a0\u00bb au contrat d\u2019association aurait aussi d\u00fb \u00eatre sign\u00e9, du point de vue de l\u2019association.<\/p>\n<p>Une \u00e9cole ferm\u00e9e \u00ab\u00a0pour le bien commun de l\u2019enseignement catholique\u00a0\u00bb<\/p>\n<p class=\" wall-content\">\u00ab\u00a0Le 18 novembre 1999, un contrat d\u2019association a \u00e9t\u00e9 conclu entre le pr\u00e9fet de la Gironde, <strong>l\u2019\u00e9cole du Sacr\u00e9 C\u0153ur de Puisseguin<\/strong> et l\u2019organisme de gestion de cette \u00e9cole\u00a0\u00bb, rappelle le tribunal administratif de Bordeaux dans un jugement du 17 avril 2025 qui vient d\u2019\u00eatre rendu public. \u00ab\u00a0Ce contrat pr\u00e9voyait une classe de maternelle et deux classes \u00e9l\u00e9mentaires.\u00a0\u00bb<\/p>\n<p class=\" wall-content\">\u00ab\u00a0La baisse r\u00e9guli\u00e8re des effectifs a conduit \u00e0 constater la suppression d\u2019une classe pour la rentr\u00e9e 2022-2023\u00a0\u00bb, ajoutent les juges. \u00ab\u00a0A l\u2019occasion de la pr\u00e9paration de la rentr\u00e9e scolaire 2023-2024 et apr\u00e8s concertation avec l\u2019\u00c9ducation nationale, sollicitant le retrait de quatre postes d\u2019enseignants dans les \u00e9coles priv\u00e9es pour tenir compte de<strong> la baisse des effectifs<\/strong> constat\u00e9e de mani\u00e8re g\u00e9n\u00e9rale dans la Gironde, le comit\u00e9 dioc\u00e9sain de l\u2019enseignement catholique a vot\u00e9 <strong>la fermeture des deux classes restantes<\/strong> et de ne pas conserver cette \u00e9cole.\u00a0\u00bb<\/p>\n<p class=\" wall-content\">\u00ab\u00a0Tirant les cons\u00e9quences de ce choix\u00a0\u00bb, la directrice d\u00e9partementale des services de l\u2019\u00c9ducation nationale de la Gironde avait alors \u00ab\u00a0d\u00e9cid\u00e9 de proc\u00e9der \u00e0 la <strong>suppression des deux postes d\u2019enseignants<\/strong> affect\u00e9s \u00e0 cette \u00e9cole\u00a0\u00bb.\u00a0<\/p>\n<p class=\" wall-content\">Mais \u00ab\u00a0une \u00e9cole catholique ne peut \u00eatre ouverte sans l\u2019aval de <strong>l\u2019autorit\u00e9 de tutelle catholique,<\/strong> qui dispose \u00e9galement du pouvoir de r\u00e9partir sur le territoire les moyens d\u2019enseignement mis \u00e0 sa disposition par l\u2019\u00c9tat\u00a0\u00bb, soulignent <a href=\"https:\/\/actu.fr\/tag\/tribunal-de-bordeaux\" target=\"_blank\" rel=\"noopener\">les juges.<\/a> \u00ab\u00a0L\u2019autorit\u00e9 de tutelle catholique a fait le choix de <strong>ne pas conserver l\u2019\u00e9cole<\/strong>\u00a0\u00ab\u00a0pour le bien commun de l\u2019Enseignement catholique de Gironde dans sa globalit\u00e9 et dans un contexte de r\u00e9duction des moyens d\u2019Etat\u00a0\u00bb.<\/p>\n<p class=\" wall-content\">Dans ce contexte, la DDSEN \u00ab\u00a0s\u2019est born\u00e9e \u00e0 \u00ab\u00a0tirer les cons\u00e9quences\u00a0\u00bb de la Direction de l\u2019Enseignement catholique. Dans ces conditions, la requ\u00eate de l\u2019OGEC de l\u2019\u00e9cole du Sacr\u00e9 C\u0153ur de Puisseguin <strong>\u00ab\u00a0doit \u00eatre rejet\u00e9e\u00a0\u00bb.<\/strong><\/p>\n<p class=\" wall-content\"><strong>GF (PressPepper)<\/strong><\/p>\n<p class=\" wall-content\">Suivez toute l\u2019actualit\u00e9 de vos villes et m\u00e9dias favoris en vous inscrivant \u00e0 <a href=\"https:\/\/moncompte.actu.fr\" title=\"D\u00e9couvez Mon Actu\" rel=\"nofollow noopener\" data-trk=\"{&quot;cta&quot;:{&quot;action&quot;:&quot;https:\\\/\\\/moncompte.actu.fr&quot;,&quot;category&quot;:&quot;mon compte&quot;,&quot;from&quot;:&quot;article footer&quot;,&quot;name&quot;:&quot;Mon actu&quot;,&quot;type&quot;:&quot;cta&quot;}}\" target=\"_blank\">Mon Actu<\/a>.<\/p>\n","protected":false},"excerpt":{"rendered":"Par R\u00e9daction Bordeaux Publi\u00e9 le 6 juin 2025 \u00e0 6h32 Le tribunal administratif de Bordeaux a d\u00e9savou\u00e9 l\u2019Organisme&hellip;\n","protected":false},"author":2,"featured_media":155947,"comment_status":"","ping_status":"","sticky":false,"template":"","format":"standard","meta":{"footnotes":""},"categories":[2817],"tags":[1111,11,1997,4019,1057,1777,674,1011,27,303,12,2219,25,104],"class_list":{"0":"post-155946","1":"post","2":"type-post","3":"status-publish","4":"format-standard","5":"has-post-thumbnail","7":"category-bordeaux","8":"tag-actu","9":"tag-actualites","10":"tag-bordeaux","11":"tag-ecoles","12":"tag-education","13":"tag-eu","14":"tag-europe","15":"tag-fr","16":"tag-france","17":"tag-justice","18":"tag-news","19":"tag-nouvelle-aquitaine","20":"tag-republique-francaise","21":"tag-societe"},"share_on_mastodon":{"url":"https:\/\/pubeurope.com\/@fr\/114635243729194834","error":""},"_links":{"self":[{"href":"https:\/\/www.europesays.com\/fr\/wp-json\/wp\/v2\/posts\/155946","targetHints":{"allow":["GET"]}}],"collection":[{"href":"https:\/\/www.europesays.com\/fr\/wp-json\/wp\/v2\/posts"}],"about":[{"href":"https:\/\/www.europesays.com\/fr\/wp-json\/wp\/v2\/types\/post"}],"author":[{"embeddable":true,"href":"https:\/\/www.europesays.com\/fr\/wp-json\/wp\/v2\/users\/2"}],"replies":[{"embeddable":true,"href":"https:\/\/www.europesays.com\/fr\/wp-json\/wp\/v2\/comments?post=155946"}],"version-history":[{"count":0,"href":"https:\/\/www.europesays.com\/fr\/wp-json\/wp\/v2\/posts\/155946\/revisions"}],"wp:featuredmedia":[{"embeddable":true,"href":"https:\/\/www.europesays.com\/fr\/wp-json\/wp\/v2\/media\/155947"}],"wp:attachment":[{"href":"https:\/\/www.europesays.com\/fr\/wp-json\/wp\/v2\/media?parent=155946"}],"wp:term":[{"taxonomy":"category","embeddable":true,"href":"https:\/\/www.europesays.com\/fr\/wp-json\/wp\/v2\/categories?post=155946"},{"taxonomy":"post_tag","embeddable":true,"href":"https:\/\/www.europesays.com\/fr\/wp-json\/wp\/v2\/tags?post=155946"}],"curies":[{"name":"wp","href":"https:\/\/api.w.org\/{rel}","templated":true}]}}