{"id":15595,"date":"2025-04-10T18:22:09","date_gmt":"2025-04-10T18:22:09","guid":{"rendered":"https:\/\/www.europesays.com\/fr\/15595\/"},"modified":"2025-04-10T18:22:09","modified_gmt":"2025-04-10T18:22:09","slug":"cyclisme-region-pays-de-loire-tour","status":"publish","type":"post","link":"https:\/\/www.europesays.com\/fr\/15595\/","title":{"rendered":"Cyclisme. R\u00e9gion Pays de Loire Tour"},"content":{"rendered":"<p><strong>Anneke Dijkstra<\/strong> (VolkerWessels) s\u2019est impos\u00e9e en solitaire ce mercredi lors de la deuxi\u00e8me \u00e9dition du <strong>R\u00e9gion Pays de la Loire Tour F\u00e9minin<\/strong>, courue sur 115,6 kilom\u00e8tres entre Cugand-la-Bernardi\u00e8re (Vend\u00e9e) et Beaupr\u00e9au-en-Mauges (Maine-et-Loire). La N\u00e9erlandaise a devanc\u00e9 sa co\u00e9quipi\u00e8re<strong> Anne Knijnenburg<\/strong>, tandis que <strong>Karolina Perekitko<\/strong> (Winspace Orange Seal) compl\u00e8te le podium. <strong>Dijkstra <\/strong>succ\u00e8de ainsi \u00e0 <strong>Michaela Drummond<\/strong> (Ark\u00e9a-B&amp;B H\u00f4tels), laur\u00e9ate de l\u2019\u00e9dition pr\u00e9c\u00e9dente.<\/p>\n<blockquote class=\"twitter-tweet\" style=\"width:100%!important;max-width:550px!important;min-width:250px;height:500px;\" data-media-max-width=\"560\"><p>&#13;<\/p>\n<p dir=\"ltr\" lang=\"fr\">En solitaire, la N\u00e9erlandaise Anneke Dijkstra remporte le R\u00e9gion Pays de la Loire Tour f\u00e9minin !<\/p>\n<p>L&rsquo;\u00e9quipe Volkerwessels fait m\u00eame le doubl\u00e9 sur cette course, avec Anne Knijnenburg 2e. <a href=\"https:\/\/twitter.com\/hashtag\/lequipeVELO?src=hash&amp;ref_src=twsrc%5Etfw\" target=\"_blank\" rel=\"noopener\">#lequipeVELO<\/a> <a href=\"https:\/\/t.co\/RCXsHtcFkv\">pic.twitter.com\/RCXsHtcFkv<\/a><\/p>\n<p>&#13;<br \/>\n\u2014 la chaine L&rsquo;\u00c9quipe (@lachainelequipe) <a href=\"https:\/\/twitter.com\/lachainelequipe\/status\/1909940559701045564?ref_src=twsrc%5Etfw\" target=\"_blank\" rel=\"noopener\">April 9, 2025<\/a><\/p><\/blockquote>\n<p><script async src=\"https:\/\/platform.twitter.com\/widgets.js\" charset=\"utf-8\"><\/script><\/p>\n","protected":false},"excerpt":{"rendered":"Anneke Dijkstra (VolkerWessels) s\u2019est impos\u00e9e en solitaire ce mercredi lors de la deuxi\u00e8me \u00e9dition du R\u00e9gion Pays de&hellip;\n","protected":false},"author":2,"featured_media":15596,"comment_status":"","ping_status":"","sticky":false,"template":"","format":"standard","meta":{"footnotes":""},"categories":[1411],"tags":[1154,207,211,1011,27,6544,209,60,210,212,208,213],"class_list":{"0":"post-15595","1":"post","2":"type-post","3":"status-publish","4":"format-standard","5":"has-post-thumbnail","7":"category-cyclisme","8":"tag-cycling","9":"tag-cyclisme","10":"tag-ffc","11":"tag-fr","12":"tag-france","13":"tag-region-pays-de-loire-tour","14":"tag-route","15":"tag-sports","16":"tag-tour-de-france","17":"tag-uci","18":"tag-velo","19":"tag-world-tour"},"share_on_mastodon":{"url":"https:\/\/pubeurope.com\/@fr\/114315063690601270","error":""},"_links":{"self":[{"href":"https:\/\/www.europesays.com\/fr\/wp-json\/wp\/v2\/posts\/15595","targetHints":{"allow":["GET"]}}],"collection":[{"href":"https:\/\/www.europesays.com\/fr\/wp-json\/wp\/v2\/posts"}],"about":[{"href":"https:\/\/www.europesays.com\/fr\/wp-json\/wp\/v2\/types\/post"}],"author":[{"embeddable":true,"href":"https:\/\/www.europesays.com\/fr\/wp-json\/wp\/v2\/users\/2"}],"replies":[{"embeddable":true,"href":"https:\/\/www.europesays.com\/fr\/wp-json\/wp\/v2\/comments?post=15595"}],"version-history":[{"count":0,"href":"https:\/\/www.europesays.com\/fr\/wp-json\/wp\/v2\/posts\/15595\/revisions"}],"wp:featuredmedia":[{"embeddable":true,"href":"https:\/\/www.europesays.com\/fr\/wp-json\/wp\/v2\/media\/15596"}],"wp:attachment":[{"href":"https:\/\/www.europesays.com\/fr\/wp-json\/wp\/v2\/media?parent=15595"}],"wp:term":[{"taxonomy":"category","embeddable":true,"href":"https:\/\/www.europesays.com\/fr\/wp-json\/wp\/v2\/categories?post=15595"},{"taxonomy":"post_tag","embeddable":true,"href":"https:\/\/www.europesays.com\/fr\/wp-json\/wp\/v2\/tags?post=15595"}],"curies":[{"name":"wp","href":"https:\/\/api.w.org\/{rel}","templated":true}]}}