{"id":155958,"date":"2025-06-06T07:34:13","date_gmt":"2025-06-06T07:34:13","guid":{"rendered":"https:\/\/www.europesays.com\/fr\/155958\/"},"modified":"2025-06-06T07:34:13","modified_gmt":"2025-06-06T07:34:13","slug":"marseille-des-donuts-gratuits-et-pour-la-bonne-cause-sur-cette-celebre-place-voici-ou","status":"publish","type":"post","link":"https:\/\/www.europesays.com\/fr\/155958\/","title":{"rendered":"Marseille. Des donuts gratuits et pour la bonne cause sur cette c\u00e9l\u00e8bre place, voici o\u00f9"},"content":{"rendered":"<p>            Par<br \/>\n        <strong><br \/>\n            <a href=\"https:\/\/actu.fr\/auteur\/fabien-binacchi\" title=\"Consulter tous les articles de Fabien Binacchi\" target=\"_blank\" rel=\"noopener\">Fabien Binacchi<\/a><br \/>\n        <\/strong><\/p>\n<p>        Publi\u00e9 le<\/p>\n<p>            6 juin 2025 \u00e0 8h36        <\/p>\n<p>Un moment gourmand\u2026 et de solidarit\u00e9. Ce vendredi 6\u00a0juin 2025, \u00e0 <a href=\"https:\/\/actu.fr\/marseille\/\" target=\"_blank\" rel=\"noopener\">Marseille<\/a>, et dans une quarantaine d\u2019autres villes en France, l\u2019Arm\u00e9e du salut rejoue le Donut Day. Une tradition centenaire mise au go\u00fbt du jour pour parler partage autour d\u2019une de ces d\u00e9licieux beignets. Ils seront <strong>distribu\u00e9s gratuitement<\/strong> en plein centre-ville de la cit\u00e9 phoc\u00e9enne.<\/p>\n<p class=\" wall-content\">On vous donne tous les d\u00e9tails.<\/p>\n<p>Toute la journ\u00e9e sur la Canebi\u00e8re<\/p>\n<p class=\" wall-content\">L\u2019Arm\u00e9e du salut, en partenariat avec la marque Doony\u2019s, s\u2019installe <strong>en bas de la Canebi\u00e8re<\/strong> ce vendredi 6\u00a0juin 2025. Et \u00e7a va faire plaisir aux gourmands\u2009: d\u00e8s 9h30 et jusqu\u2019\u00e0 18h, des b\u00e9n\u00e9voles et salari\u00e9s de la fondation distribueront gratuitement des donuts depuis un food-truck install\u00e9 du c\u00f4t\u00e9 de la <strong>place du g\u00e9n\u00e9ral de Gaulle.<\/strong><\/p>\n<p>    <a href=\"https:\/\/www.google.com\/maps\/embed?pb=!1m14!1m12!1m3!1d431.7203633677764!2d5.375578427757624!3d43.295636432997!2m3!1f0!2f0!3f0!3m2!1i1024!2i768!4f13.1!5e0!3m2!1sfr!2sfr!4v1749191618406!5m2!1sfr!2sfr\" title=\"Ouvrie le lien\" target=\"_blank\" rel=\"noopener\">Cliquez ici pour visualiser le contenu<\/a><\/p>\n<p class=\" wall-content\">C\u2019est \u00ab\u2009un moment de partage et l\u2019occasion de se rencontrer de mani\u00e8re conviviale et informelle <strong>pour d\u00e9couvrir nos activit\u00e9s<\/strong>\u2009\u00bb, indique le mouvement \u00ab\u2009engag\u00e9 dans la lutte contre toutes les exclusions et pour l\u2019int\u00e9gration de tous dans la soci\u00e9t\u00e9\u2009\u00bb.<\/p>\n<p>Une (tr\u00e8s) longue histoire<\/p>\n<p class=\" wall-content\">Le Donut Day est un h\u00e9ritage qui remonte \u00e0 la Premi\u00e8re Guerre mondiale.<\/p>\n<p>Vid\u00e9os : en ce moment sur Actu<\/p>\n<blockquote class=\"ac-article-quote wall-content\">\n<p>En 1918, des salutistes b\u00e9n\u00e9voles am\u00e9ricaines, envoy\u00e9es en France, d\u00e9cident de confectionner ces beignets pour remonter le moral des troupes dans les tranch\u00e9es [&#8230;] Environ 3 000 donuts \u00e9taient pr\u00e9par\u00e9s chaque jour. En 1938, le Donut Day est cr\u00e9\u00e9 aux Etats-Unis, puis d\u00e9ploy\u00e9 dans de nombreux autres pays comme le Canada, les Pays-Bas ou l\u2019Australie.<\/p>\n<p>    <strong>L&rsquo;Arm\u00e9e du salut<\/strong>\n            <\/p><\/blockquote>\n<p class=\" wall-content\">En France, l\u2019initiative a pris forme en 2023, comme le rappelle <a href=\"https:\/\/actu.fr\/hauts-de-france\/lille_59350\/lille-et-dunkerque-des-donuts-distribues-gratuitement-pour-la-bonne-cause-voici-ou-et-quand_62716456.html\" target=\"_blank\" rel=\"noopener\">Lille actu<\/a>. Pr\u00e8s de 40\u2009000 donuts ont \u00e9t\u00e9 distribu\u00e9s dans l\u2019Hexagone en 2024. Cette ann\u00e9e, les organisateurs ont pr\u00e9vu de doubler les stocks\u2009: <strong>jusqu\u2019\u00e0 80\u2009000 donuts<\/strong> seront partag\u00e9s \u00e0 travers le pays.<\/p>\n<p class=\" wall-content\">Suivez toute l\u2019actualit\u00e9 de vos villes et m\u00e9dias favoris en vous inscrivant \u00e0 <a href=\"https:\/\/moncompte.actu.fr\" title=\"D\u00e9couvez Mon Actu\" rel=\"nofollow noopener\" data-trk=\"{&quot;cta&quot;:{&quot;action&quot;:&quot;https:\\\/\\\/moncompte.actu.fr&quot;,&quot;category&quot;:&quot;mon compte&quot;,&quot;from&quot;:&quot;article footer&quot;,&quot;name&quot;:&quot;Mon actu&quot;,&quot;type&quot;:&quot;cta&quot;}}\" target=\"_blank\">Mon Actu<\/a>.<\/p>\n","protected":false},"excerpt":{"rendered":"Par Fabien Binacchi Publi\u00e9 le 6 juin 2025 \u00e0 8h36 Un moment gourmand\u2026 et de solidarit\u00e9. Ce vendredi&hellip;\n","protected":false},"author":2,"featured_media":155959,"comment_status":"","ping_status":"","sticky":false,"template":"","format":"standard","meta":{"footnotes":""},"categories":[2814],"tags":[1111,11,677,1777,674,1011,27,884,12,882,25,104,3400],"class_list":{"0":"post-155958","1":"post","2":"type-post","3":"status-publish","4":"format-standard","5":"has-post-thumbnail","7":"category-marseille","8":"tag-actu","9":"tag-actualites","10":"tag-bons-plans","11":"tag-eu","12":"tag-europe","13":"tag-fr","14":"tag-france","15":"tag-marseille","16":"tag-news","17":"tag-provence-alpes-cote-dazur","18":"tag-republique-francaise","19":"tag-societe","20":"tag-solidarite"},"share_on_mastodon":{"url":"https:\/\/pubeurope.com\/@fr\/114635267608839679","error":""},"_links":{"self":[{"href":"https:\/\/www.europesays.com\/fr\/wp-json\/wp\/v2\/posts\/155958","targetHints":{"allow":["GET"]}}],"collection":[{"href":"https:\/\/www.europesays.com\/fr\/wp-json\/wp\/v2\/posts"}],"about":[{"href":"https:\/\/www.europesays.com\/fr\/wp-json\/wp\/v2\/types\/post"}],"author":[{"embeddable":true,"href":"https:\/\/www.europesays.com\/fr\/wp-json\/wp\/v2\/users\/2"}],"replies":[{"embeddable":true,"href":"https:\/\/www.europesays.com\/fr\/wp-json\/wp\/v2\/comments?post=155958"}],"version-history":[{"count":0,"href":"https:\/\/www.europesays.com\/fr\/wp-json\/wp\/v2\/posts\/155958\/revisions"}],"wp:featuredmedia":[{"embeddable":true,"href":"https:\/\/www.europesays.com\/fr\/wp-json\/wp\/v2\/media\/155959"}],"wp:attachment":[{"href":"https:\/\/www.europesays.com\/fr\/wp-json\/wp\/v2\/media?parent=155958"}],"wp:term":[{"taxonomy":"category","embeddable":true,"href":"https:\/\/www.europesays.com\/fr\/wp-json\/wp\/v2\/categories?post=155958"},{"taxonomy":"post_tag","embeddable":true,"href":"https:\/\/www.europesays.com\/fr\/wp-json\/wp\/v2\/tags?post=155958"}],"curies":[{"name":"wp","href":"https:\/\/api.w.org\/{rel}","templated":true}]}}