{"id":155964,"date":"2025-06-06T07:37:16","date_gmt":"2025-06-06T07:37:16","guid":{"rendered":"https:\/\/www.europesays.com\/fr\/155964\/"},"modified":"2025-06-06T07:37:16","modified_gmt":"2025-06-06T07:37:16","slug":"horlogerie-g-shock-sinstalle-a-lyon-avec-la-maison-maier","status":"publish","type":"post","link":"https:\/\/www.europesays.com\/fr\/155964\/","title":{"rendered":"Horlogerie. G-SHOCK s&rsquo;installe \u00e0 Lyon avec la Maison Maier &#8211;"},"content":{"rendered":"<p>\t\t\t\t<img fetchpriority=\"high\" decoding=\"async\" width=\"900\" height=\"586\" src=\"https:\/\/www.europesays.com\/fr\/wp-content\/uploads\/2025\/06\/01-G-Shock-lyon-1.jpg\" alt=\"\" title=\"01 G Shock lyon-1\"   class=\"wp-image-160439\"\/><\/p>\n<p>La boutique du 6, rue Gasparin, entre Jacobins et Bellecour<\/p>\n<p><strong>Texte\u00a0: Nicolas Winckler \u2013<\/strong> Apr\u00e8s Tokyo, New York, Londres ou Paris, la marque japonaise G-SHOCK poursuit sa conqu\u00eate des grandes m\u00e9tropoles mondiales.<\/p>\n<p>C\u2019est au tour de Lyon, capitale des Gaules, d\u2019accueillir une boutique d\u00e9di\u00e9e \u00e0 son univers horloger iconique. Implant\u00e9 au 6, rue Gasparin, en lieu et place de Jaeger-Lecoultre, ce nouvel espace de 35 m\u00b2 ouvre ses portes en partenariat avec l\u2019illustre Maison Maier, r\u00e9f\u00e9rence lyonnaise de l\u2019horlogerie et de la joaillerie de luxe.<\/p>\n<p><img loading=\"lazy\" decoding=\"async\" class=\"alignnone size-full wp-image-160442\" src=\"data:image\/svg+xml,%3Csvg%20xmlns=\" http:=\"\" alt=\"\" width=\"900\" height=\"868\" data-lazy- data-lazy- data-lazy-src=\"https:\/\/www.europesays.com\/fr\/wp-content\/uploads\/2025\/06\/G-Shock-Maier-Lyon-Jacobins-1.jpg\"\/><\/p>\n<p>Pens\u00e9e comme un manifeste, la boutique refl\u00e8te l\u2019identit\u00e9 brute, technique et sans compromis de G-SHOCK. B\u00e9ton apparent, aluminium bross\u00e9, lignes minimalistes : tout y \u00e9voque la robustesse et la modernit\u00e9 propres \u00e0 la marque, n\u00e9e en 1983.<\/p>\n<p><strong>\u00c0 l\u2019image d\u2019un atelier d\u2019horlogerie contemporaine, l\u2019espace rend hommage au savoir-faire des ma\u00eetres artisans de Yamagata, berceau japonais des montres haut de gamme sign\u00e9es Casio.<\/strong><\/p>\n<p>\u00c0 Lyon, les passionn\u00e9s d\u00e9couvriront une s\u00e9lection pointue m\u00ealant nouveaut\u00e9s, mod\u00e8les embl\u00e9matiques et \u00e9ditions limit\u00e9es, sans oublier les intemporelles CASIO Vintage. Un rep\u00e8re pour amateurs \u00e9clair\u00e9s et n\u00e9ophytes curieux.<\/p>\n<p><img loading=\"lazy\" decoding=\"async\" class=\"alignnone size-full wp-image-160440\" src=\"data:image\/svg+xml,%3Csvg%20xmlns=\" http:=\"\" alt=\"\" width=\"900\" height=\"600\" data-lazy- data-lazy- data-lazy-src=\"https:\/\/www.europesays.com\/fr\/wp-content\/uploads\/2025\/06\/G-Shock-boutique-lyon-1.jpg\"\/><\/p>\n<p>\u00ab Cette ouverture est une \u00e9tape strat\u00e9gique pour rapprocher G-SHOCK de ses communaut\u00e9s locales \u00bb, souligne <strong>Xavier de la Croix<\/strong>, directeur g\u00e9n\u00e9ral de Casio France. \u00ab Lyon, ville dynamique \u00e0 la culture horlog\u00e8re affirm\u00e9e, s\u2019imposait comme une \u00e9vidence. \u00bb<\/p>\n<p><strong>Jean-Louis Maier<\/strong> salue lui aussi ce partenariat : \u00ab G-SHOCK compl\u00e8te id\u00e9alement notre offre. J\u2019admire la vision et la ma\u00eetrise technologique du groupe Casio. Et comme j\u2019aime \u00e0 le dire : on risque plus \u00e0 ne pas faire qu\u2019\u00e0 faire. \u00bb<\/p>\n<p><img loading=\"lazy\" decoding=\"async\" class=\"alignnone size-full wp-image-160441\" src=\"data:image\/svg+xml,%3Csvg%20xmlns=\" http:=\"\" alt=\"\" width=\"900\" height=\"600\" data-lazy- data-lazy- data-lazy-src=\"https:\/\/www.europesays.com\/fr\/wp-content\/uploads\/2025\/06\/Montres-G-Shock-Maier-Lyon-1.jpg\"\/><\/p>\n<p>Pour f\u00eater cette inauguration, Lyon vibrera tout au long du mois de juin au rythme de G-SHOCK : happenings, activations urbaines et objets collectors viendront animer les rues de la ville, connectant la marque \u00e0 son public avec audace et \u00e9nergie.<\/p>\n<p><strong>Boutique G-SHOCK<br \/>Entre Bellecour et les Jacobins<br \/>6, rue Gasparin \u2013 Lyon 2<br \/><a href=\"http:\/\/www.maier.fr\" target=\"_blank\" rel=\"noopener\">www.maier.fr<\/a><\/strong><\/p>\n","protected":false},"excerpt":{"rendered":"La boutique du 6, rue Gasparin, entre Jacobins et Bellecour Texte\u00a0: Nicolas Winckler \u2013 Apr\u00e8s Tokyo, New York,&hellip;\n","protected":false},"author":2,"featured_media":155965,"comment_status":"","ping_status":"","sticky":false,"template":"","format":"standard","meta":{"footnotes":""},"categories":[1889],"tags":[4257,1111,11,2430,1777,674,1011,27,28649,2428,28650,12,25],"class_list":{"0":"post-155964","1":"post","2":"type-post","3":"status-publish","4":"format-standard","5":"has-post-thumbnail","7":"category-lyon","8":"tag-0top","9":"tag-actu","10":"tag-actualites","11":"tag-auvergne-rhone-alpes","12":"tag-eu","13":"tag-europe","14":"tag-fr","15":"tag-france","16":"tag-g-shock","17":"tag-lyon","18":"tag-maison-maier","19":"tag-news","20":"tag-republique-francaise"},"share_on_mastodon":{"url":"https:\/\/pubeurope.com\/@fr\/114635279188666160","error":""},"_links":{"self":[{"href":"https:\/\/www.europesays.com\/fr\/wp-json\/wp\/v2\/posts\/155964","targetHints":{"allow":["GET"]}}],"collection":[{"href":"https:\/\/www.europesays.com\/fr\/wp-json\/wp\/v2\/posts"}],"about":[{"href":"https:\/\/www.europesays.com\/fr\/wp-json\/wp\/v2\/types\/post"}],"author":[{"embeddable":true,"href":"https:\/\/www.europesays.com\/fr\/wp-json\/wp\/v2\/users\/2"}],"replies":[{"embeddable":true,"href":"https:\/\/www.europesays.com\/fr\/wp-json\/wp\/v2\/comments?post=155964"}],"version-history":[{"count":0,"href":"https:\/\/www.europesays.com\/fr\/wp-json\/wp\/v2\/posts\/155964\/revisions"}],"wp:featuredmedia":[{"embeddable":true,"href":"https:\/\/www.europesays.com\/fr\/wp-json\/wp\/v2\/media\/155965"}],"wp:attachment":[{"href":"https:\/\/www.europesays.com\/fr\/wp-json\/wp\/v2\/media?parent=155964"}],"wp:term":[{"taxonomy":"category","embeddable":true,"href":"https:\/\/www.europesays.com\/fr\/wp-json\/wp\/v2\/categories?post=155964"},{"taxonomy":"post_tag","embeddable":true,"href":"https:\/\/www.europesays.com\/fr\/wp-json\/wp\/v2\/tags?post=155964"}],"curies":[{"name":"wp","href":"https:\/\/api.w.org\/{rel}","templated":true}]}}