{"id":155966,"date":"2025-06-06T07:40:08","date_gmt":"2025-06-06T07:40:08","guid":{"rendered":"https:\/\/www.europesays.com\/fr\/155966\/"},"modified":"2025-06-06T07:40:08","modified_gmt":"2025-06-06T07:40:08","slug":"le-trafic-en-partie-interrompu-dans-la-matinee","status":"publish","type":"post","link":"https:\/\/www.europesays.com\/fr\/155966\/","title":{"rendered":"le trafic en partie interrompu dans la matin\u00e9e"},"content":{"rendered":"<p>            Par<br \/>\n        <strong><br \/>\n            <a href=\"https:\/\/actu.fr\/auteur\/redaction-paris\" title=\"Consulter tous les articles de R\u00e9daction Paris\" target=\"_blank\" rel=\"noopener\">R\u00e9daction Paris<\/a><br \/>\n        <\/strong><\/p>\n<p>        Publi\u00e9 le<\/p>\n<p>            6 juin 2025 \u00e0 8h45        <\/p>\n<p>Il va falloir \u00eatre patient \u00e0 l\u2019heure de pointe sur la <a href=\"https:\/\/actu.fr\/ile-de-france\/paris_75056\/ratp-la-prefecture-de-police-de-paris-fait-fermer-plusieurs-stations-de-metro-pour-la-finale-psg-inter_62712039.html\" target=\"_blank\" rel=\"noopener\">ligne 2<\/a> du m\u00e9tro. Le trafic est interrompu entre <strong>Barb\u00e8s \u2013 Rochechouart<\/strong> et <strong>Charles de Gaulle \u2013 \u00c9toile<\/strong> ce vendredi 6 juin 2025 \u00e0 <a href=\"https:\/\/actu.fr\/paris\/\" target=\"_blank\" rel=\"noopener\">Paris<\/a>, annonce la <a href=\"https:\/\/actu.fr\/tag\/ratp\" target=\"_blank\" rel=\"noopener\">RATP<\/a> sur le compte X de la ligne. En cause : un rail endommag\u00e9 signal\u00e9 \u00e0 la station Anvers.<\/p>\n<p>Plusieurs stations impact\u00e9es<\/p>\n<p class=\" wall-content\">Une grande partie de la ligne est impact\u00e9e par ce probl\u00e8me technique, puisqu\u2019aucun train ne peut plus circuler \u00e0 l\u2019heure actuelle sur ce tron\u00e7on central desservant huit stations. \u00a0<\/p>\n<p class=\" wall-content\">\n<p class=\" wall-content\">La reprise du trafic est estim\u00e9e \u00e0<strong> 10 heures<\/strong>, pr\u00e9cise la R\u00e9gie des transports parisiens. En attendant, les voyageurs sont invit\u00e9s \u00e0 emprunter un itin\u00e9raire de substitution.<\/p>\n<p class=\" wall-content\">Suivez toute l\u2019actualit\u00e9 de vos villes et m\u00e9dias favoris en vous inscrivant \u00e0 <a href=\"https:\/\/moncompte.actu.fr\" title=\"D\u00e9couvez Mon Actu\" rel=\"nofollow noopener\" data-trk=\"{&quot;cta&quot;:{&quot;action&quot;:&quot;https:\\\/\\\/moncompte.actu.fr&quot;,&quot;category&quot;:&quot;mon compte&quot;,&quot;from&quot;:&quot;article footer&quot;,&quot;name&quot;:&quot;Mon actu&quot;,&quot;type&quot;:&quot;cta&quot;}}\" target=\"_blank\">Mon Actu<\/a>.<\/p>\n","protected":false},"excerpt":{"rendered":"Par R\u00e9daction Paris Publi\u00e9 le 6 juin 2025 \u00e0 8h45 Il va falloir \u00eatre patient \u00e0 l\u2019heure de&hellip;\n","protected":false},"author":2,"featured_media":155967,"comment_status":"","ping_status":"","sticky":false,"template":"","format":"standard","meta":{"footnotes":""},"categories":[1888],"tags":[1111,1928,11,1927,1777,674,1011,27,803,4047,12,1926,626,1925,625,25,104],"class_list":{"0":"post-155966","1":"post","2":"type-post","3":"status-publish","4":"format-standard","5":"has-post-thumbnail","7":"category-paris","8":"tag-actu","9":"tag-actu-paris","10":"tag-actualites","11":"tag-actualites-paris","12":"tag-eu","13":"tag-europe","14":"tag-fr","15":"tag-france","16":"tag-info-trafic","17":"tag-metro","18":"tag-news","19":"tag-news-paris","20":"tag-paris","21":"tag-paris-news","22":"tag-ratp","23":"tag-republique-francaise","24":"tag-societe"},"share_on_mastodon":{"url":"https:\/\/pubeurope.com\/@fr\/114635290912533190","error":""},"_links":{"self":[{"href":"https:\/\/www.europesays.com\/fr\/wp-json\/wp\/v2\/posts\/155966","targetHints":{"allow":["GET"]}}],"collection":[{"href":"https:\/\/www.europesays.com\/fr\/wp-json\/wp\/v2\/posts"}],"about":[{"href":"https:\/\/www.europesays.com\/fr\/wp-json\/wp\/v2\/types\/post"}],"author":[{"embeddable":true,"href":"https:\/\/www.europesays.com\/fr\/wp-json\/wp\/v2\/users\/2"}],"replies":[{"embeddable":true,"href":"https:\/\/www.europesays.com\/fr\/wp-json\/wp\/v2\/comments?post=155966"}],"version-history":[{"count":0,"href":"https:\/\/www.europesays.com\/fr\/wp-json\/wp\/v2\/posts\/155966\/revisions"}],"wp:featuredmedia":[{"embeddable":true,"href":"https:\/\/www.europesays.com\/fr\/wp-json\/wp\/v2\/media\/155967"}],"wp:attachment":[{"href":"https:\/\/www.europesays.com\/fr\/wp-json\/wp\/v2\/media?parent=155966"}],"wp:term":[{"taxonomy":"category","embeddable":true,"href":"https:\/\/www.europesays.com\/fr\/wp-json\/wp\/v2\/categories?post=155966"},{"taxonomy":"post_tag","embeddable":true,"href":"https:\/\/www.europesays.com\/fr\/wp-json\/wp\/v2\/tags?post=155966"}],"curies":[{"name":"wp","href":"https:\/\/api.w.org\/{rel}","templated":true}]}}