{"id":155968,"date":"2025-06-06T07:41:19","date_gmt":"2025-06-06T07:41:19","guid":{"rendered":"https:\/\/www.europesays.com\/fr\/155968\/"},"modified":"2025-06-06T07:41:19","modified_gmt":"2025-06-06T07:41:19","slug":"a-paris-lula-exhorte-macron-a-conclure-laccord-ue-mercosur-05-06-2025-a-1805","status":"publish","type":"post","link":"https:\/\/www.europesays.com\/fr\/155968\/","title":{"rendered":"A Paris, Lula exhorte Macron \u00e0 conclure l&rsquo;accord UE-Mercosur &#8211; 05\/06\/2025 \u00e0 18:05"},"content":{"rendered":"<p>        <img fetchpriority=\"high\" decoding=\"async\" src=\"https:\/\/www.europesays.com\/fr\/wp-content\/uploads\/2025\/06\/b17b6475ed266e0217afec0a40852c2c-760x529.jpg\" alt=\"Le pr\u00e9sident fran\u00e7ais Emmanuel Macron (d) accueille son homologue br\u00e9silien Luiz Inacio Lula da Silva \u00e0 l'Elys\u00e9e, le 5 juin 2025 \u00e0 Paris ( AFP \/ Ludovic MARIN )\" loading=\"eager\" width=\"760\" height=\"529\" style=\"max-width: 100%!important; height: auto;\"\/><\/p>\n<p class=\"c-image-news__legend\">Le pr\u00e9sident fran\u00e7ais Emmanuel Macron (d) accueille son homologue br\u00e9silien Luiz Inacio Lula da Silva \u00e0 l&rsquo;Elys\u00e9e, le 5 juin 2025 \u00e0 Paris ( AFP \/ Ludovic MARIN )<\/p>\n<p>\n Le pr\u00e9sident br\u00e9silien Luiz In\u00e1cio Lula da Silva, re\u00e7u jeudi par Emmanuel Macron \u00e0 Paris, a exhort\u00e9 son homologue fran\u00e7ais de conclure l&rsquo;accord de libre-\u00e9change entre l&rsquo;Union europ\u00e9enne et le Mercosur, auquel Paris et plusieurs autres capitales du continent sont fermement oppos\u00e9es.\n<\/p>\n<p>\n \u00ab\u00a0Mon cher Macron, ouvrez un petit peu votre c\u0153ur\u00a0\u00bb, a lanc\u00e9 M. Lula lors d&rsquo;une conf\u00e9rence de presse \u00e0 l&rsquo;Elys\u00e9e. L&rsquo;accord UE-Mercosur \u00ab\u00a0serait la meilleure r\u00e9ponse que nos r\u00e9gions puissent apporter face au contexte incertain cr\u00e9\u00e9 par le retour de l&rsquo;unilat\u00e9ralisme et du protectionnisme tarifaire\u00a0\u00bb, a-t-il ajout\u00e9, sur fond de surtaxes douani\u00e8res impos\u00e9es partout dans le monde par le pr\u00e9sident am\u00e9ricain Donald Trump.\n<\/p>\n<p>\n \u00ab\u00a0Je vais assumer la pr\u00e9sidence du Mercosur (&#8230;) pendant un mandat de six mois. Et je voudrais vous dire une chose: je ne vais pas laisser la pr\u00e9sidence de Mercosur sans un accord avec l&rsquo;Union europ\u00e9enne\u00a0\u00bb, a-t-il insist\u00e9, avant de se dire \u00ab\u00a0optimiste\u00a0\u00bb sur une issue positive.\n<\/p>\n<p>\n Cet accord avec l&rsquo;Argentine, le Br\u00e9sil, l&rsquo;Uruguay et le Paraguay doit permettre \u00e0 l&rsquo;UE d&rsquo;exporter notamment plus de voitures, de machines et de spiritueux, en \u00e9change de l&rsquo;entr\u00e9e de viande, sucre, riz, miel ou soja sud-am\u00e9ricains.\n<\/p>\n<p>\n Paris s&rsquo;y oppose dans sa forme actuelle. \u00ab\u00a0Cet accord (&#8230;) fait porter un risque pour l&rsquo;agriculture des pays europ\u00e9ens\u00a0\u00bb, a ainsi r\u00e9pondu Emmanuel Macron, alors que des d\u00e9put\u00e9s fran\u00e7ais avaient r\u00e9uni la veille plusieurs fili\u00e8res agricoles \u00e0 l&rsquo;Assembl\u00e9e pour r\u00e9affirmer leur opposition au texte.\n<\/p>\n<\/p>\n<p>\n Dans un communiqu\u00e9 conjoint, les ministres fran\u00e7ais, hongrois et autrichien de l&rsquo;agriculture ont rappel\u00e9 \u00ab\u00a0leurs fortes pr\u00e9occupations\u00a0\u00bb sur cet accord, qu&rsquo;ils jugent \u00ab\u00a0d\u00e9s\u00e9quilibr\u00e9 au d\u00e9triment des int\u00e9r\u00eats agricoles europ\u00e9ens\u00a0\u00bb.\n<\/p>\n<p>\n D&rsquo;autres membres de l&rsquo;UE, comme l&rsquo;Allemagne ou l&rsquo;Espagne, y sont en revanche favorables.\n<\/p>\n<p>\n Il s&rsquo;agit de la premi\u00e8re visite d&rsquo;Etat en France d&rsquo;un pr\u00e9sident br\u00e9silien depuis 2012. Elle intervient \u00e0 quelques mois de la COP30 organis\u00e9e par le Br\u00e9sil en novembre. Les deux pr\u00e9sidents, qui entretiennent des relations chaleureuses malgr\u00e9 leurs diff\u00e9rends, devaient notamment partager un d\u00eener d&rsquo;Etat dans la soir\u00e9e.\n<\/p>\n<p>\n La visite de M. Lula, qui avait lui-m\u00eame accueilli son homologue fran\u00e7ais en mars 2024, va permettre de signer une s\u00e9rie d&rsquo;accords de coop\u00e9ration dans les domaines de l&rsquo;environnement, la technologie, la d\u00e9fense, l&rsquo;\u00e9nergie et la sant\u00e9.\n<\/p>\n<p> &#8211; Crises internationales &#8211;<\/p>\n<p>\n Dans le contexte mondial mouvement\u00e9, marqu\u00e9 notamment par les surtaxes douani\u00e8res am\u00e9ricaines ainsi que les guerres en Ukraine et au Proche-Orient, \u00ab\u00a0il est d&rsquo;autant plus important de retrouver des convergences avec le Br\u00e9sil, un grand Etat \u00e9mergent\u00a0\u00bb, qui assure cette ann\u00e9e la pr\u00e9sidence tournante du bloc de pays \u00e9mergents des Brics, a soulign\u00e9 l&rsquo;Elys\u00e9e.\n<\/p>\n<p>        <img decoding=\"async\" src=\"https:\/\/www.europesays.com\/fr\/wp-content\/uploads\/2025\/06\/26277db8675fd7a48de2204445f8f219-760x507.jpg\" alt=\"Le pr\u00e9sident fran\u00e7ais Emmanuel Macron (g) et son homologue br\u00e9silien Luiz In\u00e1cio Lula da Silva passent en revue la Garde d'honneur lors d'une c\u00e9r\u00e9monie \u00e0 l'h\u00f4tel des Invalides, le 5 juin 2025 \u00e0 Paris ( AFP \/ Thomas SAMSON )\" loading=\"eager\" width=\"760\" height=\"507\" style=\"max-width: 100%!important; height: auto;\"\/><\/p>\n<p class=\"c-image-news__legend\">Le pr\u00e9sident fran\u00e7ais Emmanuel Macron (g) et son homologue br\u00e9silien Luiz In\u00e1cio Lula da Silva passent en revue la Garde d&rsquo;honneur lors d&rsquo;une c\u00e9r\u00e9monie \u00e0 l&rsquo;h\u00f4tel des Invalides, le 5 juin 2025 \u00e0 Paris ( AFP \/ Thomas SAMSON )<\/p>\n<p>\n La France compte notamment sur la mobilisation du Br\u00e9sil, qui a reconnu l&rsquo;Etat palestinien en 2010, pour peser sur l&rsquo;issue de la conf\u00e9rence organis\u00e9e par la France et l&rsquo;Arabie saoudite \u00e0 l&rsquo;ONU mi-juin, visant \u00e0 redonner un \u00e9lan \u00e0 une solution politique au conflit isra\u00e9lo-palestinien.\n<\/p>\n<p>\n M. Lula a de nouveau accus\u00e9 \u00ab\u00a0le gouvernement d&rsquo;extr\u00eame droite\u00a0\u00bb isra\u00e9lien de commettre un \u00ab\u00a0g\u00e9nocide pr\u00e9m\u00e9dit\u00e9\u00a0\u00bb \u00e0 Gaza \u00ab\u00a0contre des femmes et des enfants\u00a0\u00bb.\n<\/p>\n<p>\n Il a estim\u00e9 que la reconnaissance de l&rsquo;Etat palestinien \u00e9tait \u00ab\u00a0un devoir moral, humain et une exigence politique de tous les dirigeants du monde\u00a0\u00bb. Paris consid\u00e8re pour sa part que cette reconnaissance doit \u00eatre accompagn\u00e9e de celle d&rsquo;Isra\u00ebl par les pays arabes.\n<\/p>\n<p>\n Concernant l&rsquo;Ukraine, les pr\u00e9sidents br\u00e9silien et fran\u00e7ais ont camp\u00e9 sur leurs positions divergentes, alors que Brasilia continue d&rsquo;entretenir de bonnes relations avec la Russie et observe une attitude de neutralit\u00e9 vis-\u00e0-vis de la guerre en Ukraine.\n<\/p>\n<\/p>\n<p>\n \u00ab\u00a0Il y a un agresseur, c&rsquo;est la Russie. Il y a un agress\u00e9 qui est l&rsquo;Ukraine. Nous voulons tous la paix, mais on ne peut pas traiter les deux bellig\u00e9rants de mani\u00e8re \u00e9quidistante\u00a0\u00bb, a d\u00e9clar\u00e9 le pr\u00e9sident fran\u00e7ais, en relevant pour autant que le Br\u00e9sil avait \u00ab\u00a0un r\u00f4le tr\u00e8s important \u00e0 jouer\u00a0\u00bb dans la recherche d&rsquo;une solution au conflit.\n<\/p>\n<p>\n M. Lula \u00e9tait \u00e0 Moscou le 9 mai pour les comm\u00e9morations de la victoire contre l&rsquo;Allemagne nazie, o\u00f9 il a \u00e9t\u00e9 re\u00e7u par le pr\u00e9sident russe Vladimir Poutine.\n<\/p>\n<p>\n Apr\u00e8s sa visite \u00e0 Paris, le pr\u00e9sident br\u00e9silien participera le 8 juin \u00e0 un sommet \u00e9conomique \u00e0 Monaco, puis sera \u00e0 Nice le 9 avec le pr\u00e9sident Macron pour l&rsquo;ouverture de la conf\u00e9rence de l&rsquo;ONU sur les oc\u00e9ans.<\/p>\n","protected":false},"excerpt":{"rendered":"Le pr\u00e9sident fran\u00e7ais Emmanuel Macron (d) accueille son homologue br\u00e9silien Luiz Inacio Lula da Silva \u00e0 l&rsquo;Elys\u00e9e, le&hellip;\n","protected":false},"author":2,"featured_media":155969,"comment_status":"","ping_status":"","sticky":false,"template":"","format":"standard","meta":{"footnotes":""},"categories":[1888],"tags":[400,1111,1928,11,1927,398,408,405,1777,674,1011,27,403,402,399,404,12,1926,626,1925,25,401,406,407],"class_list":{"0":"post-155968","1":"post","2":"type-post","3":"status-publish","4":"format-standard","5":"has-post-thumbnail","7":"category-paris","8":"tag-action-cac-40","9":"tag-actu","10":"tag-actu-paris","11":"tag-actualites","12":"tag-actualites-paris","13":"tag-bourse-de-paris","14":"tag-boursorama","15":"tag-cotations","16":"tag-eu","17":"tag-europe","18":"tag-fr","19":"tag-france","20":"tag-indices-devises","21":"tag-investir","22":"tag-investissement","23":"tag-marche-boursier","24":"tag-news","25":"tag-news-paris","26":"tag-paris","27":"tag-paris-news","28":"tag-republique-francaise","29":"tag-sicav","30":"tag-trackers","31":"tag-warrants"},"share_on_mastodon":{"url":"https:\/\/pubeurope.com\/@fr\/114635294950512688","error":""},"_links":{"self":[{"href":"https:\/\/www.europesays.com\/fr\/wp-json\/wp\/v2\/posts\/155968","targetHints":{"allow":["GET"]}}],"collection":[{"href":"https:\/\/www.europesays.com\/fr\/wp-json\/wp\/v2\/posts"}],"about":[{"href":"https:\/\/www.europesays.com\/fr\/wp-json\/wp\/v2\/types\/post"}],"author":[{"embeddable":true,"href":"https:\/\/www.europesays.com\/fr\/wp-json\/wp\/v2\/users\/2"}],"replies":[{"embeddable":true,"href":"https:\/\/www.europesays.com\/fr\/wp-json\/wp\/v2\/comments?post=155968"}],"version-history":[{"count":0,"href":"https:\/\/www.europesays.com\/fr\/wp-json\/wp\/v2\/posts\/155968\/revisions"}],"wp:featuredmedia":[{"embeddable":true,"href":"https:\/\/www.europesays.com\/fr\/wp-json\/wp\/v2\/media\/155969"}],"wp:attachment":[{"href":"https:\/\/www.europesays.com\/fr\/wp-json\/wp\/v2\/media?parent=155968"}],"wp:term":[{"taxonomy":"category","embeddable":true,"href":"https:\/\/www.europesays.com\/fr\/wp-json\/wp\/v2\/categories?post=155968"},{"taxonomy":"post_tag","embeddable":true,"href":"https:\/\/www.europesays.com\/fr\/wp-json\/wp\/v2\/tags?post=155968"}],"curies":[{"name":"wp","href":"https:\/\/api.w.org\/{rel}","templated":true}]}}