{"id":155970,"date":"2025-06-06T07:42:09","date_gmt":"2025-06-06T07:42:09","guid":{"rendered":"https:\/\/www.europesays.com\/fr\/155970\/"},"modified":"2025-06-06T07:42:09","modified_gmt":"2025-06-06T07:42:09","slug":"pascale-martinetto-pas-de-celles-que-lon-baillonne","status":"publish","type":"post","link":"https:\/\/www.europesays.com\/fr\/155970\/","title":{"rendered":"Pascale Martinetto : pas de celles que\u00a0l\u2019on\u00a0b\u00e2illonne"},"content":{"rendered":"<p>\t\tChiffres-cl\u00e9s<\/p>\n<p><strong>2023 :<\/strong> directrice g\u00e9n\u00e9rale des services de la mairie du 20e\u00a0arrondissement de Paris (800\u00a0agents, 187\u00a0000\u00a0hab).<\/p>\n<p><strong>2021 :<\/strong> directrice g\u00e9n\u00e9rale adjointe de\u00a0Mont\u00e9limar agglom\u00e9ration.<\/p>\n<p><strong>2017 :<\/strong> directrice \u00ab \u00e9ducation jeunesse \u00bb de la ville de\u00a0Grenoble.<\/p>\n<p><strong>2013 :<\/strong> directrice g\u00e9n\u00e9rale adjointe de\u00a0la ville de Chamb\u00e9ry.<\/p>\n<p><strong>1998 :<\/strong> charg\u00e9e de mission, collaboratrice du vice-pr\u00e9sident charg\u00e9 de la s\u00e9curit\u00e9, directrice du service \u00ab habitat et\u00a0politique de la ville \u00bb au\u00a0conseil r\u00e9gional de Provence &#8211; Alpes-C\u00f4te d\u2019Azur.<\/p>\n<p>Pascale Martinetto peut \u00eatre clivante pour certains, mais souvent motivante pour d\u2019autres. Rien n\u2019excuse pourtant le fait de recevoir, il y a quelques semaines, \u00e0 son bureau de la mairie du 20e\u00a0arrondissement de Paris, une museli\u00e8re emball\u00e9e dans un paquet-cadeau. A la violence du pr\u00e9sent, s\u2019ajoutait une note\u00a0: \u00ab\u00a0Ch\u00e8re\u00a0Pascale, apprenez \u00e0 aboyer moins et \u00e0 mordre moins  .\u00a0\u00bb M\u00e9pris. L\u00e2chet\u00e9 aussi. La directrice a vacill\u00e9.<\/p>\n<p>Celle qui est aussi tr\u00e8s engag\u00e9e aupr\u00e8s de l\u2019association \u00adDirigeantes et territoires comme secr\u00e9taire g\u00e9n\u00e9rale, r\u00e9pond en taclant aussit\u00f4t\u00a0: \u00ab\u00a0Un homme peut recevoir des menaces, mais il n\u2019aurait jamais re\u00e7u \u00e7a ! Cela renvoie au st\u00e9r\u00e9otype des femmes qui parlent trop.\u00a0\u00bb<\/p>\n<p>Contractuelle \u00e0 Marseille<\/p>\n<p>Le maire, Eric Pliez, lui apporte \u00e9videmment tout son soutien. \u00ab\u00a0C\u2019est plus que surprenant, c\u2019est inacceptable, violent et insidieux\u00a0\u00bb, assure l\u2019\u00e9dile, qui reconna\u00eet que la municipalit\u00e9 qu\u2019il a prise en main depuis cinq\u00a0ans poss\u00e8de un historique particulier. Avant son arriv\u00e9e, en effet, la mairie du 20e avait d\u00e9j\u00e0 \u00e9t\u00e9 affect\u00e9e par une direction \u00adg\u00e9n\u00e9rale des services accus\u00e9e de tenir des propos racistes et sexistes. Une plainte est en cours concernant cet envoi insultant &#8230;<\/p>\n<p class=\"blocCut__title\">\n\t\t\t\t\t\t\t\t\t[80% reste \u00e0 lire]\n\t\t\t\t\t\t\t<\/p>\n<p class=\"blocCut__title--type2\">Article r\u00e9serv\u00e9 aux abonn\u00e9s<\/p>\n<p class=\"blocCut__title--type3\">Gazette des Communes<\/p>\n<p class=\"blocCut__title--type2\">VOUS N&rsquo;\u00eaTES PAS ABONN\u00e9 ?<\/p>\n<p class=\"blocCut__title--type4\">D\u00e9couvrez nos formules et acc\u00e9dez aux articles en illimit\u00e9<\/p>\n<p>\t\t\t\t\t\t\t\t<a href=\"https:\/\/www.abonnement.infopro-digital.com\/la-gazette-des-communes\/formule\/1111\/CTA-P\" target=\"_blank\" class=\"btn__full buttonTypeA buttonTypeA--1\" rel=\"noopener\">Je m\u2019abonne<\/a><\/p>\n","protected":false},"excerpt":{"rendered":"Chiffres-cl\u00e9s 2023 : directrice g\u00e9n\u00e9rale des services de la mairie du 20e\u00a0arrondissement de Paris (800\u00a0agents, 187\u00a0000\u00a0hab). 2021 :&hellip;\n","protected":false},"author":2,"featured_media":155971,"comment_status":"","ping_status":"","sticky":false,"template":"","format":"standard","meta":{"footnotes":""},"categories":[1888],"tags":[47,28653,11,28652,2349,28651,1777,674,1011,27,28655,28654,12,626,25],"class_list":{"0":"post-155970","1":"post","2":"type-post","3":"status-publish","4":"format-standard","5":"has-post-thumbnail","7":"category-paris","8":"tag-actualite","9":"tag-actualite-club-rh","10":"tag-actualites","11":"tag-actualites-rh","12":"tag-articles-reserves","13":"tag-club-rh","14":"tag-eu","15":"tag-europe","16":"tag-fr","17":"tag-france","18":"tag-jkrassovsky","19":"tag-management-fonction-publique","20":"tag-news","21":"tag-paris","22":"tag-republique-francaise"},"share_on_mastodon":{"url":"https:\/\/pubeurope.com\/@fr\/114635298821199098","error":""},"_links":{"self":[{"href":"https:\/\/www.europesays.com\/fr\/wp-json\/wp\/v2\/posts\/155970","targetHints":{"allow":["GET"]}}],"collection":[{"href":"https:\/\/www.europesays.com\/fr\/wp-json\/wp\/v2\/posts"}],"about":[{"href":"https:\/\/www.europesays.com\/fr\/wp-json\/wp\/v2\/types\/post"}],"author":[{"embeddable":true,"href":"https:\/\/www.europesays.com\/fr\/wp-json\/wp\/v2\/users\/2"}],"replies":[{"embeddable":true,"href":"https:\/\/www.europesays.com\/fr\/wp-json\/wp\/v2\/comments?post=155970"}],"version-history":[{"count":0,"href":"https:\/\/www.europesays.com\/fr\/wp-json\/wp\/v2\/posts\/155970\/revisions"}],"wp:featuredmedia":[{"embeddable":true,"href":"https:\/\/www.europesays.com\/fr\/wp-json\/wp\/v2\/media\/155971"}],"wp:attachment":[{"href":"https:\/\/www.europesays.com\/fr\/wp-json\/wp\/v2\/media?parent=155970"}],"wp:term":[{"taxonomy":"category","embeddable":true,"href":"https:\/\/www.europesays.com\/fr\/wp-json\/wp\/v2\/categories?post=155970"},{"taxonomy":"post_tag","embeddable":true,"href":"https:\/\/www.europesays.com\/fr\/wp-json\/wp\/v2\/tags?post=155970"}],"curies":[{"name":"wp","href":"https:\/\/api.w.org\/{rel}","templated":true}]}}