{"id":155976,"date":"2025-06-06T07:45:09","date_gmt":"2025-06-06T07:45:09","guid":{"rendered":"https:\/\/www.europesays.com\/fr\/155976\/"},"modified":"2025-06-06T07:45:09","modified_gmt":"2025-06-06T07:45:09","slug":"lukraine-visee-par-des-bombardements-massifs-et-des-frappes-russes-kiev-deplore-plusieurs-morts","status":"publish","type":"post","link":"https:\/\/www.europesays.com\/fr\/155976\/","title":{"rendered":"L\u2019Ukraine vis\u00e9e par des bombardements massifs et des frappes russes, Kiev d\u00e9plore plusieurs morts"},"content":{"rendered":"<p>En Ukraine, la Russie a lanc\u00e9 une attaque massive dans la nuit de jeudi 5 \u00e0 vendredi 6 juin, dont le bilan est lourd : au moins quatre morts dans la capitale Kiev et une vingtaine de bless\u00e9s. Cette offensive d\u2019une ampleur rare intervient quelques jours apr\u00e8s l\u2019audacieuse op\u00e9ration ukrainienne contre des bases a\u00e9riennes en Russie et \u00e0 laquelle le Kremlin avait promis de riposter.<\/p>\n<p>Des missiles balistiques, des missiles de croisi\u00e8res, des drones kamikazes Shahed : la liste des armes utilis\u00e9es cette nuit par la <strong><a href=\"https:\/\/www.rfi.fr\/fr\/tag\/russie\/\" class=\"link \" rel=\"nofollow noopener\" target=\"_blank\" data-ylk=\"slk:Russie;elm:context_link;itc:0;sec:content-canvas\">Russie<\/a><\/strong> n\u2019est pas encore connue dans le d\u00e9tail, mais l\u2019arm\u00e9e russe a puis\u00e9 dans tout son arsenal pour cette attaque massive. Et son bilan est d\u00e9j\u00e0 lourd, rapporte notre correspondant \u00e0 Kiev, <strong>Pierre Alonso.<\/strong><\/p>\n<p>\u00c0 Kiev, l\u2019alarme a\u00e9rienne a sonn\u00e9 vers 1 heure du matin. La population a ensuite entendu des explosions pendant plusieurs heures. Des d\u00e9bris de drones ont provoqu\u00e9 des incendies dans des quartiers r\u00e9sidentiels, d\u2019apr\u00e8s le maire <strong><a href=\"https:\/\/www.rfi.fr\/fr\/tag\/vitali-klitschko\/\" class=\"link \" rel=\"nofollow noopener\" target=\"_blank\" data-ylk=\"slk:Vitali Klitschko;elm:context_link;itc:0;sec:content-canvas\">Vitali Klitschko<\/a><\/strong>. \u00ab Quatre personnes sont confirm\u00e9es mortes dans la capitale \u00bb, a-t-il d\u00e9clar\u00e9, apr\u00e8s avoir \u00e9voqu\u00e9 un bilan d&rsquo;un mort et 20 bless\u00e9s dont 16 hospitalis\u00e9s.<\/p>\n<p>Au centre du pays, au bord du fleuve Dniepr, \u00ab trois missiles russes ont \u00e9t\u00e9 abattus sur notre territoire et 22 drones \u00bb, a d\u00e9clar\u00e9 le gouverneur de la r\u00e9gion de Tcherkassy. Igor Taburets a \u00e9galement pr\u00e9cis\u00e9 que les frappes n&rsquo;avaient pas fait de victimes.<\/p>\n<p>Riposte et accidents de trains<\/p>\n<p><a href=\"https:\/\/www.rfi.fr\/fr\/europe\/20250606-l-ukraine-vis%C3%A9e-par-des-bombardements-massifs-et-des-frappes-russes-kiev-d%C3%A9plore-plusieurs-morts\" rel=\"nofollow noopener\" target=\"_blank\" data-ylk=\"slk:Lire la suite sur RFI;elm:context_link;itc:0;sec:content-canvas\" class=\"link \">Lire la suite sur RFI<\/a><\/p>\n","protected":false},"excerpt":{"rendered":"En Ukraine, la Russie a lanc\u00e9 une attaque massive dans la nuit de jeudi 5 \u00e0 vendredi 6&hellip;\n","protected":false},"author":2,"featured_media":155977,"comment_status":"","ping_status":"","sticky":false,"template":"","format":"standard","meta":{"footnotes":""},"categories":[1590],"tags":[11,1777,674,11229,12,220],"class_list":{"0":"post-155976","1":"post","2":"type-post","3":"status-publish","4":"format-standard","5":"has-post-thumbnail","7":"category-ukraine","8":"tag-actualites","9":"tag-eu","10":"tag-europe","11":"tag-kiev","12":"tag-news","13":"tag-ukraine"},"share_on_mastodon":{"url":"https:\/\/pubeurope.com\/@fr\/114635310648952479","error":""},"_links":{"self":[{"href":"https:\/\/www.europesays.com\/fr\/wp-json\/wp\/v2\/posts\/155976","targetHints":{"allow":["GET"]}}],"collection":[{"href":"https:\/\/www.europesays.com\/fr\/wp-json\/wp\/v2\/posts"}],"about":[{"href":"https:\/\/www.europesays.com\/fr\/wp-json\/wp\/v2\/types\/post"}],"author":[{"embeddable":true,"href":"https:\/\/www.europesays.com\/fr\/wp-json\/wp\/v2\/users\/2"}],"replies":[{"embeddable":true,"href":"https:\/\/www.europesays.com\/fr\/wp-json\/wp\/v2\/comments?post=155976"}],"version-history":[{"count":0,"href":"https:\/\/www.europesays.com\/fr\/wp-json\/wp\/v2\/posts\/155976\/revisions"}],"wp:featuredmedia":[{"embeddable":true,"href":"https:\/\/www.europesays.com\/fr\/wp-json\/wp\/v2\/media\/155977"}],"wp:attachment":[{"href":"https:\/\/www.europesays.com\/fr\/wp-json\/wp\/v2\/media?parent=155976"}],"wp:term":[{"taxonomy":"category","embeddable":true,"href":"https:\/\/www.europesays.com\/fr\/wp-json\/wp\/v2\/categories?post=155976"},{"taxonomy":"post_tag","embeddable":true,"href":"https:\/\/www.europesays.com\/fr\/wp-json\/wp\/v2\/tags?post=155976"}],"curies":[{"name":"wp","href":"https:\/\/api.w.org\/{rel}","templated":true}]}}