{"id":155978,"date":"2025-06-06T07:46:16","date_gmt":"2025-06-06T07:46:16","guid":{"rendered":"https:\/\/www.europesays.com\/fr\/155978\/"},"modified":"2025-06-06T07:46:16","modified_gmt":"2025-06-06T07:46:16","slug":"comment-les-terribles-fumees-actuelles-sur-le-canada-et-le-nord-des-usa-nuisent-gravement-au-tourisme","status":"publish","type":"post","link":"https:\/\/www.europesays.com\/fr\/155978\/","title":{"rendered":"Comment les terribles fum\u00e9es actuelles sur le Canada et le nord des Usa nuisent gravement au tourisme"},"content":{"rendered":"<p>\t\t\t\t\t\t\t\t\t\tComment les terribles fum\u00e9es actuelles sur le Canada et le nord des Usa nuisent gravement au tourisme<\/p>\n<p><\/p>\n<p>\t\t\t\t\t\t\t\t\t\t\t\t<a href=\"https:\/\/www.europesays.com\/fr\/wp-content\/uploads\/2025\/06\/incendies.jpg\" class=\"lightbox-photo\" title=\"\"><img decoding=\"async\" src=\"https:\/\/www.europesays.com\/fr\/wp-content\/uploads\/2025\/06\/incendies.jpg\" alt=\"\" width=\"865\" style=\"width:865px;box-shadow: 0px 0px 10px 1px rgba(0,0,0,1);\"\/><\/a><\/p>\n<p>\t\t\t\t\t\t\t\t\t\t&#13;<br \/>\n\t\t\t\t\t\t\t\t\t\t&#13;<br \/>\n\t\t\t\t\t\t\t\t\t\t\t6 juin 2025\u00a0\u00a0&#13;<br \/>\n\t\t\t\t\t\t\t\t\t\t\t&#13;<br \/>\n\t\t\t\t\t\t\t\t\t\t\t<a href=\"https:\/\/www.laquotidienne.fr\/author\/preibec\/\" title=\"Articles par R\u00e9daction\" rel=\"author noopener\" target=\"_blank\">R\u00e9daction<\/a>\u00a0\u00a0&#13;<br \/>\n\t\t\t\t\t\t\t\t\t\t\t&#13;<br \/>\n\t\t\t\t\t\t\t\t\t\t\t&#13;<br \/>\n\t\t\t\t\t\t\t\t\t\t\t<a href=\"#comments\" class=\"scrollTo item-meta-i\"><\/a><a href=\"https:\/\/www.laquotidienne.fr\/comment-les-terribles-fumees-actuelles-sur-le-canada-et-le-nord-des-usa-nuisent-gravement-au-tourisme\/#respond\" target=\"_blank\" rel=\"noopener\">Aucun commentaire<\/a>\u00a0\u00a0&#13;<br \/>\n\t\t\t\t\t\t\t\t\t\t\t&#13;<br \/>\n\t\t\t\t\t\t\t\t\t\t\t<a href=\"https:\/\/www.laquotidienne.fr\/rubrique\/a-la-une\/\" rel=\"category tag noopener\" target=\"_blank\">\u00c0 la une<\/a>\u00a0\u00a0&#13;<br \/>\n\t\t\t\t\t\t\t\t\t\t\t&#13;<br \/>\n\t\t\t\t\t\t\t\t\t\t\t\u00a0<a href=\"https:\/\/www.laquotidienne.fr\/tag\/etats-unis-2\/\" rel=\"tag noopener\" target=\"_blank\">Etats Unis<\/a>, <a href=\"https:\/\/www.laquotidienne.fr\/tag\/fumees-incendies-canada\/\" rel=\"tag noopener\" target=\"_blank\">Fum\u00e9es incendies Canada<\/a>, <a href=\"https:\/\/www.laquotidienne.fr\/tag\/incendies\/\" rel=\"tag noopener\" target=\"_blank\">incendies<\/a>, <a href=\"https:\/\/www.laquotidienne.fr\/tag\/parc-national-de-jasper\/\" rel=\"tag noopener\" target=\"_blank\">parc national de Jasper<\/a>\u00a0\u00a0&#13;<br \/>\n\t\t\t\t\t\t\t\t\t\t\t&#13;<br \/>\n\t\t\t\t\t\t\t\t\t\t\t\t\t\t\t\t\t\t\t\t\t\t\t\u00a02699 vues&#13;<br \/>\n\t\t\t\t\t\t\t\t\t\t\t&#13;<br \/>\n\t\t\t\t\t\t\t\t\t\t\t&#13;<\/p>\n<p><b>D\u00e9sormais sur l\u2019ensemble du Canada, plus de 200 incendies sont actifs, avec la moiti\u00e9 jug\u00e9s hors de contr\u00f4le. Sept d\u00e9parts de feux ont encore \u00e9t\u00e9 constat\u00e9s hier jeudi. Les fum\u00e9es issues des incendies de for\u00eat dans le centre du Canada, dans certaines parties du nord des Etats-Unis ont un impact significatif sur le tourisme, tant en termes d\u2019image que d\u2019activit\u00e9s concr\u00e8tes.<\/b><\/p>\n<p>Depuis plusieurs jours, les provinces de la Saskatchewan et du Manitoba sont confront\u00e9es \u00e0 des m\u00e9gafeux qui les ont pouss\u00e9es \u00e0 d\u00e9clarer l\u2019\u00e9tat d\u2019urgence.<\/p>\n<p><img decoding=\"async\" loading=\"lazy\" class=\"size-full wp-image-163164 alignleft\" src=\"https:\/\/www.europesays.com\/fr\/wp-content\/uploads\/2025\/06\/Fumees.jpg\" alt=\"\" width=\"640\" height=\"420\"  \/>Au total dans le pays, plus de 31 000 personnes ont \u00e9t\u00e9 forc\u00e9es d\u2019\u00e9vacuer leur habitation.<\/p>\n<p>Chaque \u00e9t\u00e9, le Canada est confront\u00e9 \u00e0 des incendies de for\u00eat mais ce d\u00e9but de saison inqui\u00e8te par sa pr\u00e9cocit\u00e9 et sa virulence : 2,2 millions d\u2019hectares ont d\u00e9j\u00e0 br\u00fbl\u00e9, soit plus que la superficie de la Slov\u00e9nie.\u00a0<\/p>\n<p><strong>Un fort impact au Canada<\/strong><\/p>\n<p><img decoding=\"async\" loading=\"lazy\" class=\"size-full wp-image-163165 alignleft\" src=\"https:\/\/www.europesays.com\/fr\/wp-content\/uploads\/2025\/06\/incendies-1.jpg\" alt=\"\" width=\"640\" height=\"429\"  \/>Le parc national de Jasper, l\u2019une des principales attractions touristiques du Canada, avait lui \u00e9t\u00e9 gravement touch\u00e9 par un incendie majeur en juillet 2024, en pleine saison touristique.<\/p>\n<p>Cette catastrophe avait entra\u00een\u00e9 l\u2019\u00e9vacuation de 25 000 personnes et la fermeture de nombreuses activit\u00e9s.<\/p>\n<p>Les pertes \u00e9conomiques pour les entreprises locales furent estim\u00e9es \u00e0 4,5 millions de dollars canadiens par jour.<\/p>\n<p>De plus, la diffusion mondiale d\u2019images de ces incendies affecte la perception du Canada comme destination touristique.<\/p>\n<p>M\u00eame des r\u00e9gions \u00e9loign\u00e9es des feux ont subi des annulations de r\u00e9servations, illustrant l\u2019impact \u00e0 l\u2019\u00e9chelle nationale.<\/p>\n<p><strong>Et dans nord et l\u2019Est des\u00a0<\/strong><b>Etats-Unis<\/b><\/p>\n<p><img decoding=\"async\" loading=\"lazy\" class=\"size-full wp-image-108455 alignleft\" src=\"https:\/\/www.europesays.com\/fr\/wp-content\/uploads\/2025\/06\/californie-1.jpg\" alt=\"\" width=\"640\" height=\"445\"  \/>Aux Etats-Unis, la fum\u00e9e des incendies canadiens a entra\u00een\u00e9 des alertes \u00e0 la qualit\u00e9 de l\u2019air dans des villes comme New York et Washington.<\/p>\n<p>Bien que certains touristes aient continu\u00e9 leurs visites malgr\u00e9 la brume, des \u00e9v\u00e9nements en plein air ont \u00e9t\u00e9 annul\u00e9s, et la visibilit\u00e9 r\u00e9duite a affect\u00e9 l\u2019exp\u00e9rience touristique.<\/p>\n<p>Par ailleurs, des \u00e9tudes ont montr\u00e9 une augmentation des consultations m\u00e9dicales pour des probl\u00e8mes respiratoires et cardiaques dans des r\u00e9gions \u00e9loign\u00e9es des incendies, soulignant les pr\u00e9occupations sanitaires li\u00e9es \u00e0 la fum\u00e9e.<\/p>\n<p><strong>Des cons\u00e9quences d\u00e9sastreuses\u00a0 \u00e0 long terme<\/strong><\/p>\n<p>Les incendies de for\u00eat ont \u00e9galement des r\u00e9percussions durables sur le tourisme. La destruction d\u2019infrastructures, la d\u00e9t\u00e9rioration de la qualit\u00e9 de l\u2019air et la perception de dangerosit\u00e9 peuvent dissuader les visiteurs pendant plusieurs ann\u00e9es, affectant ainsi les \u00e9conomies locales d\u00e9pendantes du tourisme.<\/p>\n<p>\t\t\t\t\t\t\t\t\t\t\t<br clear=\"all\"\/><\/p>\n<p>\t\t\t\t\t\t\t\t\t\t\t&#13;<br \/>\n\t\t\t\t\t\t\t\t\t\t\t\t\t\t\t\t\t\t\t\t\t\t<a href=\"https:\/\/www.facebook.com\/sharer.php?u=https:\/\/www.laquotidienne.fr\/comment-les-terribles-fumees-actuelles-sur-le-canada-et-le-nord-des-usa-nuisent-gravement-au-tourisme\/&amp;t=Comment les terribles fum\u00e9es actuelles sur le Canada et le nord des Usa nuisent gravement au tourisme\" target=\"_blank\" class=\"item\" title=\"Partagez sur Facebook\" rel=\"noopener\"><img decoding=\"async\" src=\"https:\/\/www.europesays.com\/fr\/wp-content\/uploads\/2025\/04\/fb.jpg\" style=\"box-shadow:0px 0px 10px black;\"\/><\/a><br \/>&#13;<br \/>\n\t\t\t\t\t\t\t\t\t\t\t<a href=\"https:\/\/www.facebook.com\/sharer.php?u=https:\/\/www.laquotidienne.fr\/comment-les-terribles-fumees-actuelles-sur-le-canada-et-le-nord-des-usa-nuisent-gravement-au-tourisme\/&amp;t=Comment les terribles fum\u00e9es actuelles sur le Canada et le nord des Usa nuisent gravement au tourisme\" target=\"_blank\" class=\"item\" title=\"Partagez sur Facebook\" rel=\"noopener\"><img decoding=\"async\" src=\"https:\/\/www.europesays.com\/fr\/wp-content\/uploads\/2025\/06\/incendies-resizedFile55.jpg\" style=\"width:300px;\"\/><\/a>&#13;<\/p>\n<p>&#13;\n\t\t\t\t\t\t\t\t\t\t<\/p>\n","protected":false},"excerpt":{"rendered":"Comment les terribles fum\u00e9es actuelles sur le Canada et le nord des Usa nuisent gravement au tourisme &#13;&hellip;\n","protected":false},"author":2,"featured_media":155979,"comment_status":"","ping_status":"","sticky":false,"template":"","format":"standard","meta":{"footnotes":""},"categories":[1589],"tags":[11,73,1866,27,1031,4052,12,4048,4050,1404,4049,4053,4051,602,1864,1865,1863,308],"class_list":{"0":"post-155978","1":"post","2":"type-post","3":"status-publish","4":"format-standard","5":"has-post-thumbnail","7":"category-etats-unis","8":"tag-actualites","9":"tag-etats-unis","10":"tag-etats-unis-damerique","11":"tag-france","12":"tag-magazine","13":"tag-magazine-touristique","14":"tag-news","15":"tag-presse","16":"tag-presse-professionnelle","17":"tag-quotidien","18":"tag-quotidienne","19":"tag-revue","20":"tag-revue-tourisme","21":"tag-tourisme","22":"tag-united-states","23":"tag-united-states-of-america","24":"tag-us","25":"tag-usa"},"share_on_mastodon":{"url":"https:\/\/pubeurope.com\/@fr\/114635314678331206","error":""},"_links":{"self":[{"href":"https:\/\/www.europesays.com\/fr\/wp-json\/wp\/v2\/posts\/155978","targetHints":{"allow":["GET"]}}],"collection":[{"href":"https:\/\/www.europesays.com\/fr\/wp-json\/wp\/v2\/posts"}],"about":[{"href":"https:\/\/www.europesays.com\/fr\/wp-json\/wp\/v2\/types\/post"}],"author":[{"embeddable":true,"href":"https:\/\/www.europesays.com\/fr\/wp-json\/wp\/v2\/users\/2"}],"replies":[{"embeddable":true,"href":"https:\/\/www.europesays.com\/fr\/wp-json\/wp\/v2\/comments?post=155978"}],"version-history":[{"count":0,"href":"https:\/\/www.europesays.com\/fr\/wp-json\/wp\/v2\/posts\/155978\/revisions"}],"wp:featuredmedia":[{"embeddable":true,"href":"https:\/\/www.europesays.com\/fr\/wp-json\/wp\/v2\/media\/155979"}],"wp:attachment":[{"href":"https:\/\/www.europesays.com\/fr\/wp-json\/wp\/v2\/media?parent=155978"}],"wp:term":[{"taxonomy":"category","embeddable":true,"href":"https:\/\/www.europesays.com\/fr\/wp-json\/wp\/v2\/categories?post=155978"},{"taxonomy":"post_tag","embeddable":true,"href":"https:\/\/www.europesays.com\/fr\/wp-json\/wp\/v2\/tags?post=155978"}],"curies":[{"name":"wp","href":"https:\/\/api.w.org\/{rel}","templated":true}]}}