{"id":156025,"date":"2025-06-06T08:14:16","date_gmt":"2025-06-06T08:14:16","guid":{"rendered":"https:\/\/www.europesays.com\/fr\/156025\/"},"modified":"2025-06-06T08:14:16","modified_gmt":"2025-06-06T08:14:16","slug":"que-vaut-ce-sondage-qui-dit-que-82-des-israeliens-souhaiteraient-la-deportation-des-palestiniens","status":"publish","type":"post","link":"https:\/\/www.europesays.com\/fr\/156025\/","title":{"rendered":"Que vaut ce sondage qui dit que 82\u00a0% des Isra\u00e9liens souhaiteraient la d\u00e9portation des Palestiniens\u00a0?"},"content":{"rendered":"<p>Des chiffres terrifiants. Depuis plusieurs jours, un sondage circulant sur les <a href=\"https:\/\/www.20minutes.fr\/dossier\/reseaux_sociaux\" class=\"color-ultramarine c-link\" target=\"_blank\" rel=\"noopener\">r\u00e9seaux sociaux<\/a> et dans <a href=\"https:\/\/www.middleeasteye.net\/news\/majority-israelis-support-expulsion-palestinians-gaza-poll\" rel=\"nofollow noopener\" target=\"_blank\" class=\"color-ultramarine c-link\">diff\u00e9rents m\u00e9dias internationaux<\/a> avance que les <a href=\"https:\/\/www.20minutes.fr\/monde\/israel\/\" class=\"color-ultramarine c-link\" target=\"_blank\" rel=\"noopener\">Isra\u00e9liens<\/a> seraient, en tr\u00e8s grande majorit\u00e9, favorables \u00e0 la d\u00e9portation des <a href=\"https:\/\/www.20minutes.fr\/monde\/palestine\/\" class=\"color-ultramarine c-link\" target=\"_blank\" rel=\"noopener\">Palestiniens<\/a>. Pire, pr\u00e8s de la moiti\u00e9 d\u2019entre eux souhaiterait leur extermination pure et simple.<\/p>\n<p>FAKE OFF<\/p>\n<p>Ces chiffres proviennent d\u2019une <a href=\"https:\/\/www.haaretz.com\/israel-news\/2025-05-28\/ty-article-magazine\/.premium\/yes-to-transfer-82-of-jewish-israelis-back-expelling-gazans\/00000197-12a4-df22-a9d7-9ef6af930000\" rel=\"nofollow noopener\" target=\"_blank\" class=\"color-ultramarine c-link\">\u00e9tude command\u00e9e par l\u2019Universit\u00e9 d\u2019Etat de Pennsylvanie (Etats-Unis) au cabinet de sondage isra\u00e9lien Geocartography Knowledge Group<\/a> et publi\u00e9e \u00e0 la fin du mois de mai par Haaretz.<\/p>\n<p>Selon le m\u00e9dia isra\u00e9lien et son auteur Tamir Sorek (qui a r\u00e9alis\u00e9 ce sondage), l\u2019enqu\u00eate a interrog\u00e9 un \u00e9chantillon repr\u00e9sentatif de 1.005 <a href=\"https:\/\/www.20minutes.fr\/dossier\/juif\" class=\"color-ultramarine c-link\" target=\"_blank\" rel=\"noopener\">Juifs<\/a> isra\u00e9liens et comportait une s\u00e9rie de questions \u00ab\u00a0directes\u00a0\u00bb sur des \u00ab\u00a0sujets g\u00e9n\u00e9ralement \u00e9vit\u00e9s dans les sondages isra\u00e9liens traditionnels\u00a0\u00bb sur le conflit isra\u00e9lo-palestinien.<\/p>\n<p><img decoding=\"async\" alt=\"Les chiffres du sondage sont effrayants.\" class=\"c-img\" loading=\"lazy\" fetchpriority=\"auto\" width=\"718\"  src=\"https:\/\/www.europesays.com\/fr\/wp-content\/uploads\/2025\/06\/1749197656_594_718x0.jpeg; charset=utf-8\" \/>Les chiffres du sondage sont effrayants.\u2002-\u00a0Sondage r\u00e9alis\u00e9 par Geocartography Knowledge Group <\/p>\n<p>De ce sondage ressortent des donn\u00e9es effrayantes. Ainsi, 82\u00a0% des personnes interrog\u00e9es seraient favorables \u00e0 l\u2019expulsion des habitants de <a href=\"https:\/\/www.20minutes.fr\/monde\/gaza\/\" class=\"color-ultramarine c-link\" target=\"_blank\" rel=\"noopener\">la bande de Gaza<\/a>, tandis que 56\u00a0% seraient favorables \u00e0 l\u2019expulsion des citoyens palestiniens d\u2019Isra\u00ebl. Des chiffres en fortes hausses par rapport \u00e0 un sondage similaire effectu\u00e9 en\u00a02003 qui relevait des taux de 45\u00a0% et 31\u00a0% aux m\u00eames questions soul\u00e8ve le m\u00e9dia.<\/p>\n<p>Selon le sondage, l\u2019horreur ne s\u2019arr\u00eate pas \u00e0 cela puisque pr\u00e8s de la moiti\u00e9 des sond\u00e9s (47\u00a0%) d\u00e9clarent que \u00ab\u00a0lors de la conqu\u00eate d\u2019une ville ennemie, les forces de d\u00e9fense isra\u00e9liennes doivent agir comme les Isra\u00e9lites l\u2019ont fait \u00e0 J\u00e9richo sous le commandement de Josu\u00e9\u00a0: tuer tous ses habitants\u00a0\u00bb.<\/p>\n<p>Des vell\u00e9it\u00e9s qui seraient motiv\u00e9es par des id\u00e9es religieuses pour 65\u00a0% de ces interrog\u00e9s. Les auteurs de l\u2019article y voient notamment l\u2019influence de Yitzhak Ginsburgh, rabbin et <a href=\"https:\/\/fr.timesofisrael.com\/des-ministres-vont-honorer-un-rabbin-ayant-salue-lauteur-du-massacre-de-hebron\/\" rel=\"nofollow noopener\" target=\"_blank\" class=\"color-ultramarine c-link\">pr\u00e9dicateur extr\u00e9miste<\/a> (il a, par exemple, qualifi\u00e9 \u00e0 plusieurs reprises les Arabes de \u00ab\u00a0cancer\u00a0\u00bb et rendu hommage \u00e0 l\u2019auteur du <a href=\"https:\/\/www.20minutes.fr\/monde\/1308842-20140225-20140225-20-ans-apres-stigmates-massacre-caveau-patriarches\" class=\"color-ultramarine c-link\" target=\"_blank\" rel=\"noopener\">massacre d\u2019H\u00e9bron de\u00a01994<\/a>).<\/p>\n<p>La m\u00e9thodologie du sondage remise en cause\u2026 les r\u00e9sultats un peu moins<\/p>\n<p>Si ces r\u00e9sultats sont gla\u00e7ants, ils ont \u00e9t\u00e9 partiellement remis en cause ce mercredi par trois enseignants de l\u2019universit\u00e9 de Tel Aviv (Isra\u00ebl), <a href=\"https:\/\/www.haaretz.com\/opinion\/2025-06-04\/ty-article-opinion\/.premium\/do-82-of-israelis-really-back-expulsion-of-gazans-the-data-tells-a-different-story\/00000197-39da-da41-a9f7-3dde468d0000\" rel=\"nofollow noopener\" target=\"_blank\" class=\"color-ultramarine c-link\">toujours dans le m\u00e9dia Haaretz<\/a>.<\/p>\n<\/p>\n<p>Selon Lior Sheffer, Alon Yakter and Yael Shomer, leur institution a men\u00e9 \u00ab\u00a0une enqu\u00eate exhaustive \u00e0 grande \u00e9chelle dans le cadre de son projet de recherche\u00a0sur les \u00e9lections nationales isra\u00e9liennes\u00a0\u00e0 peu pr\u00e8s au m\u00eame moment que le sondage pr\u00e9c\u00e9dent.<\/p>\n<p>Dans leur questionnaire, \u00e0 la question de savoir s\u2019ils \u00e9taient favorables \u00e0 \u00ab\u00a0une solution pour Gaza incluant le transfert de sa population vers un ou plusieurs autres pays\u00a0\u00bb, les participants juifs y \u00e9taient favorables \u00e0 53\u00a0%, un chiffre qui chute \u00e0 45\u00a0% sur l\u2019ensemble de la population isra\u00e9lienne (y compris les citoyens arabes).<\/p>\n<p>Une diff\u00e9rence de pr\u00e8s de 30\u00a0% entre les deux sondages qui s\u2019expliqueraient d\u2019abord par l\u2019\u00e9chantillon choisi par les auteurs du premier sondage qui leur ont, selon eux, fourni toutes leurs donn\u00e9es en toute transparence.<\/p>\n<p>Selon eux, il existerait une surrepr\u00e9sentation de certains groupes d\u00e9mographiques de droite dans le premier sondage (surtout des jeunes et des \u00e9lecteurs du <a href=\"https:\/\/www.20minutes.fr\/dossier\/likoud\" class=\"color-ultramarine c-link\" target=\"_blank\" rel=\"noopener\">Likoud<\/a>). Par ailleurs, les questions pos\u00e9es par le sondage ne proposaient pas de r\u00e9ponse \u00ab\u00a0je ne sais pas\u00a0\u00bb ou \u00ab\u00a0je ne suis pas s\u00fbr\u00a0\u00bb, ce qui biaiserait les r\u00e9sultats au regard d\u2019une pr\u00e9c\u00e9dente \u00e9tude r\u00e9alis\u00e9e en janvier o\u00f9 ces r\u00e9ponses repr\u00e9sentaient pr\u00e8s d\u2019un quart des r\u00e9sultats.<\/p>\n<p><a href=\"https:\/\/www.20minutes.fr\/monde\/israel\/\" class=\"c-link c-btn c-btn--primary\" target=\"_blank\" rel=\"noopener\">Retrouvez ici toute l&rsquo;actualit\u00e9 au Proche-Orient<\/a><\/p>\n<p>D\u2019un point de vue plus large, les chercheurs avancent que le sondage passe \u00e0 c\u00f4t\u00e9 de la complexit\u00e9 de la situation\u00a0: \u00ab\u00a0De nombreux Isra\u00e9liens nourrissent en effet un profond ressentiment envers les Palestiniens, souvent accompagn\u00e9 de scepticisme et de d\u00e9shumanisation. Ce sentiment s\u2019est consid\u00e9rablement intensifi\u00e9 depuis le 7\u00a0octobre 2023. Cependant, aucune convergence vers la droite n\u2019a \u00e9t\u00e9 observ\u00e9e concernant les solutions possibles au conflit.<\/p>\n<p>De fait, aucun plan ne b\u00e9n\u00e9ficie actuellement d\u2019un soutien majoritaire au sein de l\u2019opinion publique isra\u00e9lienne. Selon une \u00e9tude de l\u2019<a href=\"https:\/\/www.20minutes.fr\/societe\/4118740-20241030-strasbourg-sciences-po-suspend-partenariat-universite-israelienne\" class=\"color-ultramarine c-link\" target=\"_blank\" rel=\"noopener\">Universit\u00e9 de Tel-Aviv<\/a>, 37\u00a0% des Isra\u00e9liens soutiennent\u00a0une solution \u00e0 deux \u00c9tats, tandis que 34\u00a0% sont favorables \u00e0 un \u00c9tat unique sans \u00e9galit\u00e9 des droits pour les Palestiniens [\u2026] et 44\u00a0% des personnes interrog\u00e9es \u00e9taient favorables au transfert du contr\u00f4le de Gaza \u00e0 des acteurs internationaux ou \u00e0 des gouvernements \u00e9trangers.\u00a0\u00bb<\/p>\n<p>Les trois enseignants pointent toutefois des r\u00e9sultats \u00ab\u00a0ind\u00e9niablement alarmants\u00a0\u00bb. \u00ab\u00a0Mais refl\u00e8tent-ils des convictions profondes ou une r\u00e9action \u00e0 l\u2019actualit\u00e9\u00a0?\u00a0\u00bb s\u2019interrogent-ils citant \u00ab\u00a0la diabolisation de l\u2019ennemi\u00a0\u00bb, \u00ab\u00a0le soutien aux massacres aveugles et aux expulsions de populations sont malheureusement caract\u00e9ristiques des conflits ethno-nationaux comme le n\u00f4tre, surtout en p\u00e9riode de combats actifs. La peur et l\u2019\u00e9rosion de l\u2019espoir alimentent de telles attitudes.\u00a0\u00bb<\/p>\n","protected":false},"excerpt":{"rendered":"Des chiffres terrifiants. Depuis plusieurs jours, un sondage circulant sur les r\u00e9seaux sociaux et dans diff\u00e9rents m\u00e9dias internationaux&hellip;\n","protected":false},"author":2,"featured_media":156026,"comment_status":"","ping_status":"","sticky":false,"template":"","format":"standard","meta":{"footnotes":""},"categories":[5],"tags":[47,11,952,3259,28663,8421,1011,27,665,3519,14,664,28665,28664,74,12,3518,13947,28],"class_list":{"0":"post-156025","1":"post","2":"type-post","3":"status-publish","4":"format-standard","5":"has-post-thumbnail","7":"category-international","8":"tag-actualite","9":"tag-actualites","10":"tag-benyamin-netanyahou","11":"tag-conflit-israelo-palestinien","12":"tag-deportation","13":"tag-etat-palestinien","14":"tag-fr","15":"tag-france","16":"tag-gaza","17":"tag-hamas","18":"tag-international","19":"tag-israel","20":"tag-likoud","21":"tag-massacre","22":"tag-monde","23":"tag-news","24":"tag-palestine","25":"tag-sondage","26":"tag-world"},"share_on_mastodon":{"url":"https:\/\/pubeurope.com\/@fr\/114635424801745041","error":""},"_links":{"self":[{"href":"https:\/\/www.europesays.com\/fr\/wp-json\/wp\/v2\/posts\/156025","targetHints":{"allow":["GET"]}}],"collection":[{"href":"https:\/\/www.europesays.com\/fr\/wp-json\/wp\/v2\/posts"}],"about":[{"href":"https:\/\/www.europesays.com\/fr\/wp-json\/wp\/v2\/types\/post"}],"author":[{"embeddable":true,"href":"https:\/\/www.europesays.com\/fr\/wp-json\/wp\/v2\/users\/2"}],"replies":[{"embeddable":true,"href":"https:\/\/www.europesays.com\/fr\/wp-json\/wp\/v2\/comments?post=156025"}],"version-history":[{"count":0,"href":"https:\/\/www.europesays.com\/fr\/wp-json\/wp\/v2\/posts\/156025\/revisions"}],"wp:featuredmedia":[{"embeddable":true,"href":"https:\/\/www.europesays.com\/fr\/wp-json\/wp\/v2\/media\/156026"}],"wp:attachment":[{"href":"https:\/\/www.europesays.com\/fr\/wp-json\/wp\/v2\/media?parent=156025"}],"wp:term":[{"taxonomy":"category","embeddable":true,"href":"https:\/\/www.europesays.com\/fr\/wp-json\/wp\/v2\/categories?post=156025"},{"taxonomy":"post_tag","embeddable":true,"href":"https:\/\/www.europesays.com\/fr\/wp-json\/wp\/v2\/tags?post=156025"}],"curies":[{"name":"wp","href":"https:\/\/api.w.org\/{rel}","templated":true}]}}