{"id":156041,"date":"2025-06-06T08:22:10","date_gmt":"2025-06-06T08:22:10","guid":{"rendered":"https:\/\/www.europesays.com\/fr\/156041\/"},"modified":"2025-06-06T08:22:10","modified_gmt":"2025-06-06T08:22:10","slug":"un-ete-a-toulon-les-cinq-dates-a-retenir","status":"publish","type":"post","link":"https:\/\/www.europesays.com\/fr\/156041\/","title":{"rendered":"Un \u00e9t\u00e9 \u00e0 Toulon : les cinq dates \u00e0 retenir"},"content":{"rendered":"<p><img loading=\"lazy\" decoding=\"async\" alt=\"\u00a9 Annabelle Lhuillier-Bonnal - Ville de Toulon - Plus de 10 000 visiteurs ont particip\u00e9 \u00e0 la Nuit des P\u00eacheurs 2024.\" data-zoom-src=\"https:\/\/www.europesays.com\/fr\/wp-content\/uploads\/2025\/06\/initial-nuit-des-pecheurs-2024.jpg\" data-zoomable=\"\" height=\"702\" src=\"https:\/\/www.europesays.com\/fr\/wp-content\/uploads\/2025\/06\/initial-nuit-des-pecheurs-2024.jpg\" width=\"1248\"\/>  <\/p>\n<p class=\"article-desc\">\u00a9 Annabelle Lhuillier-Bonnal &#8211; Ville de Toulon &#8211; Plus de 10 000 visiteurs ont particip\u00e9 \u00e0 la Nuit des P\u00eacheurs 2024. <\/p>\n<p>Exposition, musique ou spectacles de drones&#8230; Nous avons s\u00e9lectionn\u00e9 <strong>cinq temps forts (voire un peu plus) qui rythmeront la p\u00e9riode estivale \u00e0 Toulon<\/strong>. \u00c7a commence d\u00e8s cette semaine !\u00a0 <\/p>\n<ul>\n<li>Un \u00e9t\u00e9 street art \u2013 \u00e0 partir du 6 juin <\/li>\n<\/ul>\n<p>Profitant de l&rsquo;exposition <strong>\u00ab\u00a0Banksy, une (R)\u00e9volution\u00a0\u00bb<\/strong>, du 14 juin au 5 octobre au Mus\u00e9e d&rsquo;Art de Toulon, la Ville propose une s\u00e9rie d&rsquo;\u00e9v\u00e9nements autour de <strong>l&rsquo;art urbain<\/strong>. <\/p>\n<p>Le <strong>6 juin, une \u00ab\u00a0Block Party\u00a0\u00bb <\/strong>aura lieu de 19 h \u00e0 minuit dans le centre historique. Au programme : dj set, battles de danse, performances de rap ou encore ateliers cr\u00e9atifs. <\/p>\n<p>Le lendemain, <strong>samedi 7 juin, le centre-ville se parera de couleurs urbaines<\/strong> avec des animations tout au long de la journ\u00e9e comme des <strong>d\u00e9ambulations musicales<\/strong>, des <strong>ateliers de cr\u00e9ation destin\u00e9s aux enfants<\/strong> ou encore un <strong>dj set<\/strong> de 20 h \u00e0 22 h place de l&rsquo;\u00c9querre.\u00a0 <\/p>\n<p>Toujours en \u00e9cho \u00e0 l\u2019exposition et \u00e0 partir du 17 juin, un <strong>jeu de piste \u00e0 partir d\u2019une ligne bleue peinte au sol<\/strong> est organis\u00e9 par l&rsquo;Office du commerce et de l\u2019artisanat de Toulon. Elle sillonnera la ville et ira de boutiques en boutiques pour permettre aux visiteurs de <strong>d\u00e9couvrir des \u0153uvres originales inspir\u00e9es de Banksy<\/strong> et r\u00e9alis\u00e9es par des plasticiens locaux. Des guides-com\u00e9diens accompagneront les curieux dans cette d\u00e9ambulation urbaine tous les samedis jusqu\u2019au 16 ao\u00fbt.<\/p>\n<ul>\n<li>Le WateRugby \u2013 du 27 au 29 juin <\/li>\n<\/ul>\n<p>Pour la premi\u00e8re fois, un <strong>tournoi de rugby sur l\u2019eau<\/strong> aura lieu dans le port de Toulon le week-end des finales du Top 14. Organis\u00e9 par trois passionn\u00e9s du ballon ovale, le tournoi verra s\u2019affronter des \u00e9quipes amateures avec, le dimanche, un <strong>match des l\u00e9gendes auquel participeront des anciens joueurs du Rugby Club Toulonnais comme Thierry Louvet, David Smith ou encore Steffon Armitage<\/strong>. L&rsquo;entr\u00e9e des spectateurs est gratuite.\u00a0 <\/p>\n<ul>\n<li>Le Son by Toulon \u2013 du 12 au 25 juillet <\/li>\n<\/ul>\n<p>Apr\u00e8s son succ\u00e8s l\u2019\u00e9t\u00e9 pass\u00e9, le festival revient pour une deuxi\u00e8me \u00e9dition avec de nouvelles t\u00eates d\u2019affiche. <strong>Michel Polnareff, Gims ou encore le pianiste Sofiane Pamart<\/strong> se produiront sur le <strong>parvis du Z\u00e9nith<\/strong>. La billetterie pour les cinq concerts est <a href=\"https:\/\/sonbytoulon.com\/programmation\/\" rel=\"noopener\" target=\"_blank\">en ligne<\/a>. <\/p>\n<ul>\n<li>La Nuit des P\u00eacheurs \u2013 le 3 ao\u00fbt <\/li>\n<\/ul>\n<p>Elle est devenue un \u00e9v\u00e9nement incontournable de l&rsquo;\u00e9t\u00e9, la Nuit des P\u00eacheurs aura lieu \u00e0 partir de <strong>17 h au port Saint-Louis au Mourillon<\/strong>. Depuis plus de 20 ans, p\u00eacheurs et artisans locaux accueillent les Toulonnais pour une soir\u00e9e festive et gourmande et, pour l\u2019\u00e9dition 2025, ils ne comptent pas d\u00e9roger \u00e0 la r\u00e8gle.<\/p>\n<ul>\n<li>Les incontournables \u2013 la F\u00eate de la musique, le 14 juillet et le 15 ao\u00fbt <\/li>\n<\/ul>\n<p>Rendez-vous annuel depuis 1982, la <strong>F\u00eate de la musique revient le 21 juin<\/strong> avec 30 sc\u00e8nes r\u00e9parties entre le centre-ville et le Mourillon. Du rock, du jazz, de la soul ou encore du rap et du hip hop, chacun devrait y trouver son compte pour f\u00eater la nuit la plus courte de l\u2019ann\u00e9e. <\/p>\n<p>Les feux d\u2019artifice ne r\u00e9sonneront pas dans le ciel de Toulon pour le 14 juillet. Ils sont remplac\u00e9s par un <strong>spectacle de drone \u00e0 partir de 22 h en face du Carr\u00e9 du Port<\/strong>. Une mise en sc\u00e8ne sp\u00e9ciale sera orchestr\u00e9e par 1 000 drones sur fond de bande musicale adapt\u00e9e. Les festivit\u00e9s se poursuivront avec le traditionnel bal du 14-Juillet. <\/p>\n<p>Au 15 ao\u00fbt, la <strong>Patrouille de France survolera le ciel \u00e0 17 h 30<\/strong> pr\u00e9c\u00e9d\u00e9 par les d\u00e9monstrations d\u2019h\u00e9licopt\u00e8res Dauphin et Panther ainsi que de deux flottilles de la <a href=\"https:\/\/mesinfos.fr\/83400-hyeres\/la-base-aeronautique-navale-d-hyeres-doit-continuer-a-se-moderniser-221934.html\" rel=\"noopener\" target=\"_blank\">base d&rsquo;a\u00e9ronautique navale d\u2019Hy\u00e8res<\/a>. Pour clore la journ\u00e9e, un <strong>feu d\u2019artifice illuminera le ciel \u00e0 partir de 22 h<\/strong>.<\/p>\n","protected":false},"excerpt":{"rendered":"\u00a9 Annabelle Lhuillier-Bonnal &#8211; Ville de Toulon &#8211; Plus de 10 000 visiteurs ont particip\u00e9 \u00e0 la Nuit&hellip;\n","protected":false},"author":2,"featured_media":156042,"comment_status":"","ping_status":"","sticky":false,"template":"","format":"standard","meta":{"footnotes":""},"categories":[9619],"tags":[1111,11,1777,674,1011,27,11431,12,882,25,2310],"class_list":{"0":"post-156041","1":"post","2":"type-post","3":"status-publish","4":"format-standard","5":"has-post-thumbnail","7":"category-toulon","8":"tag-actu","9":"tag-actualites","10":"tag-eu","11":"tag-europe","12":"tag-fr","13":"tag-france","14":"tag-idu00e9es-de-sorties","15":"tag-news","16":"tag-provence-alpes-cote-dazur","17":"tag-republique-francaise","18":"tag-toulon"},"share_on_mastodon":{"url":"https:\/\/pubeurope.com\/@fr\/114635456141271479","error":""},"_links":{"self":[{"href":"https:\/\/www.europesays.com\/fr\/wp-json\/wp\/v2\/posts\/156041","targetHints":{"allow":["GET"]}}],"collection":[{"href":"https:\/\/www.europesays.com\/fr\/wp-json\/wp\/v2\/posts"}],"about":[{"href":"https:\/\/www.europesays.com\/fr\/wp-json\/wp\/v2\/types\/post"}],"author":[{"embeddable":true,"href":"https:\/\/www.europesays.com\/fr\/wp-json\/wp\/v2\/users\/2"}],"replies":[{"embeddable":true,"href":"https:\/\/www.europesays.com\/fr\/wp-json\/wp\/v2\/comments?post=156041"}],"version-history":[{"count":0,"href":"https:\/\/www.europesays.com\/fr\/wp-json\/wp\/v2\/posts\/156041\/revisions"}],"wp:featuredmedia":[{"embeddable":true,"href":"https:\/\/www.europesays.com\/fr\/wp-json\/wp\/v2\/media\/156042"}],"wp:attachment":[{"href":"https:\/\/www.europesays.com\/fr\/wp-json\/wp\/v2\/media?parent=156041"}],"wp:term":[{"taxonomy":"category","embeddable":true,"href":"https:\/\/www.europesays.com\/fr\/wp-json\/wp\/v2\/categories?post=156041"},{"taxonomy":"post_tag","embeddable":true,"href":"https:\/\/www.europesays.com\/fr\/wp-json\/wp\/v2\/tags?post=156041"}],"curies":[{"name":"wp","href":"https:\/\/api.w.org\/{rel}","templated":true}]}}