{"id":156053,"date":"2025-06-06T08:28:08","date_gmt":"2025-06-06T08:28:08","guid":{"rendered":"https:\/\/www.europesays.com\/fr\/156053\/"},"modified":"2025-06-06T08:28:08","modified_gmt":"2025-06-06T08:28:08","slug":"grenoble-meteo-france-declenche-une-nouvelle-alerte-aux-orages-ce-vendredi-en-isere","status":"publish","type":"post","link":"https:\/\/www.europesays.com\/fr\/156053\/","title":{"rendered":"Grenoble. M\u00e9t\u00e9o France d\u00e9clenche une nouvelle alerte aux orages ce vendredi en Is\u00e8re"},"content":{"rendered":"<p>            Par<br \/>\n        <strong><br \/>\n            <a href=\"https:\/\/actu.fr\/auteur\/redaction-grenoble\" title=\"Consulter tous les articles de R\u00e9daction Grenoble\" target=\"_blank\" rel=\"noopener\">R\u00e9daction Grenoble<\/a><br \/>\n        <\/strong><\/p>\n<p>        Publi\u00e9 le<\/p>\n<p>            6 juin 2025 \u00e0 9h25        <\/p>\n<p>C\u2019est la <strong>deuxi\u00e8me fois cette semaine<\/strong> que le d\u00e9partement de l\u2019<a href=\"https:\/\/actu.fr\/auvergne-rhone-alpes\/isere_38\" target=\"_blank\" rel=\"noopener\">Is\u00e8re<\/a> se retrouve plac\u00e9 par M\u00e9t\u00e9o France en alerte orange orages. Pour ce vendredi 6 juin, la vigilance sera de rigueur <strong>\u00e0 partir de 16 heures<\/strong>.<\/p>\n<p class=\" wall-content\">\n<p class=\" wall-content\">La pr\u00e9fecture de l\u2019Is\u00e8re appelle ainsi \u00e0 la plus grande prudence, l\u2019alerte \u00e9tant pr\u00e9vue pour se terminer samedi 7 juin \u00e0 3 heures du matin.<\/p>\n<p>Jusqu\u2019\u00e0 50 mm de pluie localement<\/p>\n<p class=\" wall-content\">Le site <a href=\"https:\/\/www.facebook.com\/meteocentreisere\" target=\"_blank\" rel=\"noopener\">M\u00e9t\u00e9o Centre-Is\u00e8re<\/a> parle d\u2019un \u00ab\u00a0risque d\u2019orages parfois forts, voire violents attendus ce [vendredi] soir et la nuit prochaine, avec un <strong>risque de gr\u00eale<\/strong> et de <strong>pluies intenses<\/strong>\u00ab\u00a0, en particulier \u00e0 la fronti\u00e8re de l\u2019Ain.\u00a0<\/p>\n<p>    <a href=\"https:\/\/www.facebook.com\/plugins\/post.php?href=https%3A%2F%2Fwww.facebook.com%2Fmeteocentreisere%2Fposts%2Fpfbid0ypLMcQFhDZR8NNifCcJh5T45L8dvEZQUqc83AwZKPMtCSpseS1iYqZZcm7K74dKNl&amp;show_text=true&amp;width=350\" title=\"Ouvrie le lien\" target=\"_blank\" rel=\"noopener\">Cliquez ici pour visualiser le contenu<\/a><\/p>\n<p class=\" wall-content\">Selon les pr\u00e9visions m\u00e9t\u00e9orologiques, les intemp\u00e9ries ne devraient concerner que la partie nord de l\u2019Is\u00e8re, notamment aux portes de Lyon (<strong>Villefontaine<\/strong>, <strong>Bourgoin-Jallieu<\/strong>) et la vall\u00e9e du Rh\u00f4ne (<strong>Vienne<\/strong>, <strong>Roussillon<\/strong>). Entre 30 et 50 mm de pluie pourraient tomber en quelques heures, selon le dernier bulletin de <a href=\"https:\/\/actu.fr\/tag\/meteo-france\" target=\"_blank\" rel=\"noopener\">M\u00e9t\u00e9o France<\/a>.<\/p>\n<p>Vid\u00e9os : en ce moment sur ActuAttention sur les routes<\/p>\n<p class=\" wall-content\">L\u2019alerte orages est d\u00e9clench\u00e9e alors que de <strong>nombreux automobilistes sont attendus sur les routes<\/strong> d\u2019Auvergne Rh\u00f4ne-Alpes d\u00e8s ce vendredi apr\u00e8s-midi pour le d\u00e9but du week-end de <a href=\"https:\/\/actu.fr\/societe\/lundi-de-pentecote-jour-ferie-jour-chome-jour-non-paye-doit-on-aller-travailler-le-9-juin_62718272.html\" target=\"_blank\" rel=\"noopener\">Pentec\u00f4te<\/a>.<\/p>\n<p class=\" wall-content\">\n<p class=\" wall-content\">Il est donc recommand\u00e9 d\u2019\u00eatre tr\u00e8s prudent sur les routes, <a href=\"https:\/\/www.bison-fute.gouv.fr\/du-06-06-au-09-06.html\" target=\"_blank\" rel=\"noopener\">Bison fut\u00e9<\/a> pr\u00e9voyant des ralentissements d\u00e8s vendredi apr\u00e8s-midi dans les deux sens de circulation.<\/p>\n<p class=\" wall-content\">Suivez toute l\u2019actualit\u00e9 de vos villes et m\u00e9dias favoris en vous inscrivant \u00e0 <a href=\"https:\/\/moncompte.actu.fr\" title=\"D\u00e9couvez Mon Actu\" rel=\"nofollow noopener\" data-trk=\"{&quot;cta&quot;:{&quot;action&quot;:&quot;https:\\\/\\\/moncompte.actu.fr&quot;,&quot;category&quot;:&quot;mon compte&quot;,&quot;from&quot;:&quot;article footer&quot;,&quot;name&quot;:&quot;Mon actu&quot;,&quot;type&quot;:&quot;cta&quot;}}\" target=\"_blank\">Mon Actu<\/a>.<\/p>\n","protected":false},"excerpt":{"rendered":"Par R\u00e9daction Grenoble Publi\u00e9 le 6 juin 2025 \u00e0 9h25 C\u2019est la deuxi\u00e8me fois cette semaine que le&hellip;\n","protected":false},"author":2,"featured_media":156054,"comment_status":"","ping_status":"","sticky":false,"template":"","format":"standard","meta":{"footnotes":""},"categories":[9566],"tags":[1111,11,2430,1777,674,1011,27,2731,2487,2357,12,4594,25],"class_list":{"0":"post-156053","1":"post","2":"type-post","3":"status-publish","4":"format-standard","5":"has-post-thumbnail","7":"category-grenoble","8":"tag-actu","9":"tag-actualites","10":"tag-auvergne-rhone-alpes","11":"tag-eu","12":"tag-europe","13":"tag-fr","14":"tag-france","15":"tag-grenoble","16":"tag-meteo","17":"tag-meteo-france","18":"tag-news","19":"tag-orages","20":"tag-republique-francaise"},"share_on_mastodon":{"url":"https:\/\/pubeurope.com\/@fr\/114635480058261177","error":""},"_links":{"self":[{"href":"https:\/\/www.europesays.com\/fr\/wp-json\/wp\/v2\/posts\/156053","targetHints":{"allow":["GET"]}}],"collection":[{"href":"https:\/\/www.europesays.com\/fr\/wp-json\/wp\/v2\/posts"}],"about":[{"href":"https:\/\/www.europesays.com\/fr\/wp-json\/wp\/v2\/types\/post"}],"author":[{"embeddable":true,"href":"https:\/\/www.europesays.com\/fr\/wp-json\/wp\/v2\/users\/2"}],"replies":[{"embeddable":true,"href":"https:\/\/www.europesays.com\/fr\/wp-json\/wp\/v2\/comments?post=156053"}],"version-history":[{"count":0,"href":"https:\/\/www.europesays.com\/fr\/wp-json\/wp\/v2\/posts\/156053\/revisions"}],"wp:featuredmedia":[{"embeddable":true,"href":"https:\/\/www.europesays.com\/fr\/wp-json\/wp\/v2\/media\/156054"}],"wp:attachment":[{"href":"https:\/\/www.europesays.com\/fr\/wp-json\/wp\/v2\/media?parent=156053"}],"wp:term":[{"taxonomy":"category","embeddable":true,"href":"https:\/\/www.europesays.com\/fr\/wp-json\/wp\/v2\/categories?post=156053"},{"taxonomy":"post_tag","embeddable":true,"href":"https:\/\/www.europesays.com\/fr\/wp-json\/wp\/v2\/tags?post=156053"}],"curies":[{"name":"wp","href":"https:\/\/api.w.org\/{rel}","templated":true}]}}