{"id":156055,"date":"2025-06-06T08:29:13","date_gmt":"2025-06-06T08:29:13","guid":{"rendered":"https:\/\/www.europesays.com\/fr\/156055\/"},"modified":"2025-06-06T08:29:13","modified_gmt":"2025-06-06T08:29:13","slug":"la-cimade-deplore-les-conditions-de-retention-dans-ce-centre-ferme-de-rennes","status":"publish","type":"post","link":"https:\/\/www.europesays.com\/fr\/156055\/","title":{"rendered":"La Cimade d\u00e9plore les conditions de r\u00e9tention dans ce centre ferm\u00e9 de Rennes"},"content":{"rendered":"<p>            Par<br \/>\n        <strong><br \/>\n            <a href=\"https:\/\/actu.fr\/auteur\/brian-legoff\" title=\"Consulter tous les articles de Brian Le Goff\" rel=\"nofollow noopener\" target=\"_blank\">Brian Le Goff<\/a><br \/>\n        <\/strong><\/p>\n<p>        Publi\u00e9 le<\/p>\n<p>            6 juin 2025 \u00e0 9h21        <\/p>\n<p><strong>Cr\u00e9\u00e9 en 2007<\/strong> et situ\u00e9 \u00e0 proximit\u00e9 de l\u2019<a href=\"https:\/\/actu.fr\/tag\/aeroport-de-rennes\" rel=\"nofollow noopener\" target=\"_blank\">a\u00e9roport de Rennes<\/a>, le <strong>Centre de r\u00e9tention administrative<\/strong> doit accueillir temporairement des <strong>personnes \u00e9trang\u00e8res en attente d\u2019expulsion<\/strong>. Mais la r\u00e9alit\u00e9 d\u00e9crite par les b\u00e9n\u00e9voles de l\u2019association La Cimade tranche avec cette mission administrative\u2009: dispositif carc\u00e9ral renforc\u00e9, interpellations d\u00e9loyales, violences polici\u00e8res.<\/p>\n<p>Dispositif carc\u00e9ral renforc\u00e9<\/p>\n<p class=\" wall-content\">En premier lieu, le<strong> CRA a \u00e9t\u00e9 partiellement r\u00e9am\u00e9nag\u00e9 en 2024<\/strong>. Les cours int\u00e9rieures de chaque petit b\u00e2timent accueillant quelques personnes ont \u00e9t\u00e9 l\u00e9g\u00e8rement agrandies.<\/p>\n<p class=\" wall-content\">Mais la cour ext\u00e9rieure commune a \u00e9t\u00e9 r\u00e9duite en taille et divis\u00e9e en deux parties pour accueillir un terrain de sport. \u00ab\u2009Avant, c\u2019\u00e9tait en libre acc\u00e8s, mais, maintenant, <strong>l\u2019acc\u00e8s est restreint, rappelant le syst\u00e8me de promenades en prison. M\u00eame venir \u00e0 nous est devenu difficile\u2009\u00bb<\/strong>, notent les b\u00e9n\u00e9voles de La Cimade.<\/p>\n<blockquote class=\"ac-article-quote wall-content\">\n<p>La reconfiguration du CRA s\u2019est acc\u00e9l\u00e9r\u00e9e en 2024 pour s\u2019approcher du mod\u00e8le des &lsquo;nouveaux CRA&rsquo; [&#8230;], avec un am\u00e9nagement s\u00e9curitaire compos\u00e9 de barbel\u00e9s, de grilles b\u00e2ch\u00e9es et sur\u00e9lev\u00e9es. Un filet de protection a aussi \u00e9t\u00e9 install\u00e9 au-dessus de la zone d&rsquo;enfermement pour \u00e9viter le parachutage d&rsquo;objets. Il y a une volont\u00e9 de carc\u00e9ralisation au d\u00e9triment de la sant\u00e9 mentale et physique. Les zones ext\u00e9rieures ne sont accessibles que 45 minutes \u00e0 midi et 30 minutes l&rsquo;apr\u00e8s-midi. <\/p>\n<p>    <strong>La Cimade<\/strong>\n            <\/p><\/blockquote>\n<p class=\" wall-content\">\u00ab\u2009Le but des travaux est de restreindre la libert\u00e9 de mouvement et de r\u00e9duire les contacts avec les policiers. Alors que des <strong>activit\u00e9s<\/strong> (sport, loisirs) \u00e9taient auparavant propos\u00e9es occasionnellement, ces pratiques ont \u00e9t\u00e9<strong> arr\u00eat\u00e9es<\/strong> en raison des travaux et, \u00e0 l\u2019heure actuelle, <strong>plus aucune occupation<\/strong> n\u2019est propos\u00e9e aux personnes retenues qui <strong>ne font qu\u2019attendre avec l\u2019angoisse<\/strong> d\u2019\u00eatre expuls\u00e9es de force \u00e0 tout moment\u2009\u00bb, poursuit l\u2019association.<\/p>\n<p class=\" wall-content\">Cette <strong>restructuration<\/strong> a \u00e9galement eu pour <strong>cons\u00e9quence<\/strong> la <strong>diminution<\/strong> drastique du nombre de <strong>personnes enferm\u00e9es<\/strong> en 2024.<\/p>\n<p>Vid\u00e9os : en ce moment sur Actu350\u00a0personnes enferm\u00e9es en 2024<\/p>\n<p class=\" wall-content\">Au total, 350\u00a0personnes ont \u00e9t\u00e9 plac\u00e9es en r\u00e9tention \u00e0 Rennes en 2024, dont 344 hommes. \u00ab\u2009Elles avaient \u00e9t\u00e9 au nombre de 745 en 2022, et m\u00eame <strong>plus proche de 1\u2009000 en 2020<\/strong>.\u2009\u00bb<\/p>\n<p class=\" wall-content\">La <strong>dur\u00e9e moyenne<\/strong> de r\u00e9tention au CRA de Rennes a atteint <strong>19,5 jours<\/strong> en 2024. Un quart des personnes retenues y a pass\u00e9 <strong>entre 3 et 10\u00a0jours (25,4\u2009%)<\/strong>, mais pr\u00e8s de <strong>19\u2009% <\/strong>y ont s\u00e9journ\u00e9 <strong>entre 46 et 60\u00a0jours<\/strong>, et <strong>10,1\u2009% entre 61 et 75\u00a0jours<\/strong>.<\/p>\n<p class=\" wall-content\">Dans le m\u00eame temps, le <strong>taux d\u2019expulsion a m\u00eame tr\u00e8s faiblement baiss\u00e9<\/strong> de 0,1 point, en passant de 34,2\u2009% en 2023 \u00e0 34,1\u2009%.<\/p>\n<blockquote class=\"ac-article-quote wall-content\">\n<p>Ces chiffres vont \u00e0 l&rsquo;encontre de l&rsquo;id\u00e9e qu&rsquo;enfermer plus permet d&rsquo;expulser plus.<\/p>\n<p>    <strong>La Cimade<\/strong>\n            <\/p><\/blockquote>\n<p class=\" wall-content\">Dans le m\u00eame temps, le <strong>taux de personnes lib\u00e9r\u00e9es<\/strong> est de <strong>63,2\u2009%<\/strong>, dont 58,6\u2009% par les juges.<\/p>\n<p>Des interpellations \u00ab\u2009d\u00e9loyales\u2009\u00bb<\/p>\n<p class=\" wall-content\">La majorit\u00e9 des personnes interpell\u00e9es l\u2019ont \u00e9t\u00e9 lors de contr\u00f4les de police (45,2\u2009%), <strong>\u00e0 la sortie de prison (44,3\u2009%)<\/strong>, lors de pointages au commissariat apr\u00e8s assignation \u00e0 r\u00e9sidence (4,2\u2009%) ou encore \u00e0 l\u2019h\u00f4pital (0,9\u2009%).<\/p>\n<p class=\" wall-content\">Ces interpellations sont jug\u00e9es d\u00e9loyales par La Cimade. Elle cite <strong>plusieurs cas<\/strong> qu\u2019elle estime pr\u00e9occupants, notamment, \u00ab\u2009pour l\u2019un d\u2019entre eux, [l\u2019] <strong>interpellation<\/strong> a eu lieu \u00e0 la<strong> sortie de l\u2019h\u00f4pital psychiatrique,<\/strong> alors m\u00eame qu\u2019une pr\u00e9c\u00e9dente mesure de <strong>garde \u00e0 vue<\/strong> avait \u00e9t\u00e9 jug\u00e9e<strong> incompatible avec son \u00e9tat<\/strong> de sant\u00e9\u2009\u00bb.<\/p>\n<blockquote class=\"ac-article-quote wall-content\">\n<p>Un homme a \u00e9galement \u00e9t\u00e9 plac\u00e9 en r\u00e9tention seulement cinq jours apr\u00e8s avoir subi une blessure par balle et alors que son pronostic vital \u00e9tait pr\u00e9c\u00e9demment engag\u00e9.<\/p>\n<p>    <strong>La Cimade<\/strong>\n            <\/p><\/blockquote>\n<p class=\" wall-content\">Les membres de l\u2019association notent \u00ab\u2009qu\u2019il est pourtant <strong>rare<\/strong> que les<strong> juges<\/strong> se <strong>prononcent<\/strong> sur le caract\u00e8re <strong>d\u00e9loyal<\/strong> de ces interpellations\u2009\u00bb.<\/p>\n<p>Des expulsions express<\/p>\n<p class=\" wall-content\">En 2024, <strong>deux vols charters<\/strong> sont partis de l\u2019a\u00e9roport de Rennes<strong> \u00e0 destination de la G\u00e9orgie,<\/strong> avec \u00e0 leur bord des personnes retenues enferm\u00e9es depuis quelques jours seulement. \u00ab\u2009Ces expulsions express \u00e9tant ex\u00e9cut\u00e9es tr\u00e8s rapidement,<strong> aucun juge n\u2019a le temps d\u2019appr\u00e9cier la r\u00e9gularit\u00e9 des proc\u00e9dures<\/strong> et notamment des interpellations.\u2009\u00bb<\/p>\n<p>Bient\u00f4t la fin des associations dans les CRA<\/p>\n<p>Le 12 mai 2025, le S\u00e9nat a vot\u00e9 une loi visant \u00e0 mettre fin \u00e0 un march\u00e9 public de plus de 40 ans de missions d&rsquo;assistance juridique. Ce serait alors l&rsquo;Office fran\u00e7ais de l&rsquo;immigration et l&rsquo;int\u00e9gration (OFII) qui assurerait ces missions. D&rsquo;un c\u00f4t\u00e9, il est reproch\u00e9 aux associations de faire des recours par \u00ab\u00a0militantisme\u00a0\u00bb, tandis que ces derni\u00e8res consid\u00e8rent que si cette loi passe, \u00ab\u00a0elle porterait un coup fatal \u00e0 l&rsquo;exercice des droits des personnes priv\u00e9es de libert\u00e9 et \u00e0 la transparence d\u00e9mocratique\u00a0\u00bb. \u00ab\u00a0Le droit au recours est une exigence constitutionnelle\u00a0\u00bb (article 16 de la D\u00e9claration des droits de l&rsquo;homme et du citoyen), selon la Cimade.<\/p>\n<p>Violences polici\u00e8res et d\u00e9tresse psychique<\/p>\n<p class=\" wall-content\">Enfin, La Cimade d\u00e9nonce une <strong>\u00ab\u2009recrudescence\u2009\u00bb<\/strong> de la violence au CRA. \u00ab\u2009Plusieurs hommes enferm\u00e9s \u00e0 Rennes ont d\u00e9clar\u00e9 avoir \u00e9t\u00e9 victimes de violences polici\u00e8res (verbales, psychologiques, mais aussi physiques). Deux ont d\u00e9nonc\u00e9 des<strong> fouilles \u00e0 nu, avec palpation des parties<\/strong> <strong>intimes<\/strong> par plusieurs agents.\u2009\u00bb De nombreuses plaintes auraient \u00e9t\u00e9 d\u00e9pos\u00e9es.<\/p>\n<p class=\" wall-content\">En fin d\u2019ann\u00e9e derni\u00e8re, les actes de d\u00e9sespoir \u00ab\u2009se sont multipli\u00e9s\u2009\u00bb. <strong>Sept personnes<\/strong> se seraient inflig\u00e9 des <strong>blessures intentionnellement<\/strong>. \u00ab\u2009Un homme s\u2019est scarifi\u00e9 tout le corps avec une lame de rasoir avant d\u2019ing\u00e9rer un coupe-ongles. Il a \u00e9t\u00e9 hospitalis\u00e9 deux jours avant d\u2019\u00eatre replac\u00e9 au CRA.\u2009\u00bb<\/p>\n<p class=\" wall-content\">Suivez toute l\u2019actualit\u00e9 de vos villes et m\u00e9dias favoris en vous inscrivant \u00e0 <a href=\"https:\/\/moncompte.actu.fr\" title=\"D\u00e9couvez Mon Actu\" rel=\"nofollow noopener\" data-trk=\"{&quot;cta&quot;:{&quot;action&quot;:&quot;https:\\\/\\\/moncompte.actu.fr&quot;,&quot;category&quot;:&quot;mon compte&quot;,&quot;from&quot;:&quot;article footer&quot;,&quot;name&quot;:&quot;Mon actu&quot;,&quot;type&quot;:&quot;cta&quot;}}\" target=\"_blank\">Mon Actu<\/a>.<\/p>\n","protected":false},"excerpt":{"rendered":"Par Brian Le Goff Publi\u00e9 le 6 juin 2025 \u00e0 9h21 Cr\u00e9\u00e9 en 2007 et situ\u00e9 \u00e0 proximit\u00e9&hellip;\n","protected":false},"author":2,"featured_media":156056,"comment_status":"","ping_status":"","sticky":false,"template":"","format":"standard","meta":{"footnotes":""},"categories":[2821],"tags":[1111,11,829,1777,674,1011,27,1061,1251,12,584,25,104],"class_list":{"0":"post-156055","1":"post","2":"type-post","3":"status-publish","4":"format-standard","5":"has-post-thumbnail","7":"category-rennes","8":"tag-actu","9":"tag-actualites","10":"tag-bretagne","11":"tag-eu","12":"tag-europe","13":"tag-fr","14":"tag-france","15":"tag-immigration","16":"tag-migrants","17":"tag-news","18":"tag-rennes","19":"tag-republique-francaise","20":"tag-societe"},"share_on_mastodon":{"url":"https:\/\/pubeurope.com\/@fr\/114635483838417921","error":""},"_links":{"self":[{"href":"https:\/\/www.europesays.com\/fr\/wp-json\/wp\/v2\/posts\/156055","targetHints":{"allow":["GET"]}}],"collection":[{"href":"https:\/\/www.europesays.com\/fr\/wp-json\/wp\/v2\/posts"}],"about":[{"href":"https:\/\/www.europesays.com\/fr\/wp-json\/wp\/v2\/types\/post"}],"author":[{"embeddable":true,"href":"https:\/\/www.europesays.com\/fr\/wp-json\/wp\/v2\/users\/2"}],"replies":[{"embeddable":true,"href":"https:\/\/www.europesays.com\/fr\/wp-json\/wp\/v2\/comments?post=156055"}],"version-history":[{"count":0,"href":"https:\/\/www.europesays.com\/fr\/wp-json\/wp\/v2\/posts\/156055\/revisions"}],"wp:featuredmedia":[{"embeddable":true,"href":"https:\/\/www.europesays.com\/fr\/wp-json\/wp\/v2\/media\/156056"}],"wp:attachment":[{"href":"https:\/\/www.europesays.com\/fr\/wp-json\/wp\/v2\/media?parent=156055"}],"wp:term":[{"taxonomy":"category","embeddable":true,"href":"https:\/\/www.europesays.com\/fr\/wp-json\/wp\/v2\/categories?post=156055"},{"taxonomy":"post_tag","embeddable":true,"href":"https:\/\/www.europesays.com\/fr\/wp-json\/wp\/v2\/tags?post=156055"}],"curies":[{"name":"wp","href":"https:\/\/api.w.org\/{rel}","templated":true}]}}