{"id":156061,"date":"2025-06-06T08:32:13","date_gmt":"2025-06-06T08:32:13","guid":{"rendered":"https:\/\/www.europesays.com\/fr\/156061\/"},"modified":"2025-06-06T08:32:13","modified_gmt":"2025-06-06T08:32:13","slug":"focus-sur-notre-partenaire-lunettes-pour-tous","status":"publish","type":"post","link":"https:\/\/www.europesays.com\/fr\/156061\/","title":{"rendered":"Focus sur notre partenaire Lunettes Pour Tous"},"content":{"rendered":"<p class=\"text-align-justify chapo\">La SIG Strasbourg est fi\u00e8re de compter parmi ses partenaires un acteur fran\u00e7ais engag\u00e9 : Lunettes Pour Tous. Ce partenariat, initi\u00e9 pour la saison 2024\/2025, se prolongera sur la saison suivante, consolidant ainsi une collaboration fond\u00e9e sur des valeurs communes de performance, d\u2019accessibilit\u00e9 et d\u2019innovation.<\/p>\n<p>Cr\u00e9\u00e9e en 2014 par Paul Morlet et Xavier Niel, l\u2019enseigne Lunettes Pour Tous a bouscul\u00e9 les codes du march\u00e9 de l\u2019optique. Son concept in\u00e9dit : proposer des lunettes \u00e0 partir de 10 euros, pr\u00eates en 10 minutes. Derri\u00e8re cette promesse, un service complet : un examen de vue gratuit, sans rendez-vous, r\u00e9alis\u00e9 imm\u00e9diatement en magasin par des opticiens dipl\u00f4m\u00e9s.<br \/>\nChaque jour, ce sont plus de 500 examens de vue qui sont r\u00e9alis\u00e9s en magasin et repartent avec des lunettes \u00e0 leur vue. Gr\u00e2ce \u00e0 un stock permanent de 25 000 verres couvrant 80 % des corrections, la production est instantan\u00e9e, sur place.<br \/>\nAvec une trentaine de magasins en France et en Belgique, 750 collaborateurs et une expertise reconnue, Lunettes Pour Tous revendique fi\u00e8rement son label Origine France Garantie. Un engagement fort en faveur du savoir-faire local et de la qualit\u00e9 made in France, incarn\u00e9 par ses \u00e9quipes d\u2019opticiens passionn\u00e9s.<br \/>\nPartenaire officiel de la SIG Strasbourg, Lunettes Pour Tous s\u2019affiche cette saison sur le maillot domicile comme ext\u00e9rieur, et poursuivra son soutien au club pour la saison 2025\/2026. Une belle alliance entre vision, ambition et engagement.<\/p>\n<p class=\"text-align-justify\">\u00a0<\/p>\n<p>\u00a0<\/p>\n","protected":false},"excerpt":{"rendered":"La SIG Strasbourg est fi\u00e8re de compter parmi ses partenaires un acteur fran\u00e7ais engag\u00e9 : Lunettes Pour Tous.&hellip;\n","protected":false},"author":2,"featured_media":156062,"comment_status":"","ping_status":"","sticky":false,"template":"","format":"standard","meta":{"footnotes":""},"categories":[2820],"tags":[1111,11,3146,1777,674,1011,27,775,3145,12,25,3144,640],"class_list":{"0":"post-156061","1":"post","2":"type-post","3":"status-publish","4":"format-standard","5":"has-post-thumbnail","7":"category-strasbourg","8":"tag-actu","9":"tag-actualites","10":"tag-betclic-elite","11":"tag-eu","12":"tag-europe","13":"tag-fr","14":"tag-france","15":"tag-grand-est","16":"tag-lnb","17":"tag-news","18":"tag-republique-francaise","19":"tag-sig","20":"tag-strasbourg"},"share_on_mastodon":{"url":"https:\/\/pubeurope.com\/@fr\/114635495440066604","error":""},"_links":{"self":[{"href":"https:\/\/www.europesays.com\/fr\/wp-json\/wp\/v2\/posts\/156061","targetHints":{"allow":["GET"]}}],"collection":[{"href":"https:\/\/www.europesays.com\/fr\/wp-json\/wp\/v2\/posts"}],"about":[{"href":"https:\/\/www.europesays.com\/fr\/wp-json\/wp\/v2\/types\/post"}],"author":[{"embeddable":true,"href":"https:\/\/www.europesays.com\/fr\/wp-json\/wp\/v2\/users\/2"}],"replies":[{"embeddable":true,"href":"https:\/\/www.europesays.com\/fr\/wp-json\/wp\/v2\/comments?post=156061"}],"version-history":[{"count":0,"href":"https:\/\/www.europesays.com\/fr\/wp-json\/wp\/v2\/posts\/156061\/revisions"}],"wp:featuredmedia":[{"embeddable":true,"href":"https:\/\/www.europesays.com\/fr\/wp-json\/wp\/v2\/media\/156062"}],"wp:attachment":[{"href":"https:\/\/www.europesays.com\/fr\/wp-json\/wp\/v2\/media?parent=156061"}],"wp:term":[{"taxonomy":"category","embeddable":true,"href":"https:\/\/www.europesays.com\/fr\/wp-json\/wp\/v2\/categories?post=156061"},{"taxonomy":"post_tag","embeddable":true,"href":"https:\/\/www.europesays.com\/fr\/wp-json\/wp\/v2\/tags?post=156061"}],"curies":[{"name":"wp","href":"https:\/\/api.w.org\/{rel}","templated":true}]}}