{"id":156063,"date":"2025-06-06T08:33:13","date_gmt":"2025-06-06T08:33:13","guid":{"rendered":"https:\/\/www.europesays.com\/fr\/156063\/"},"modified":"2025-06-06T08:33:13","modified_gmt":"2025-06-06T08:33:13","slug":"nice-au-musee-national-marc-chagall-exposition-de-verre-et-de-pierre-chagall-en-mosaique","status":"publish","type":"post","link":"https:\/\/www.europesays.com\/fr\/156063\/","title":{"rendered":"Nice, Au Mus\u00e9e National Marc Chagall Exposition De Verre et de Pierre &#8211; Chagall en Mosa\u00efque"},"content":{"rendered":"<p>Le Mus\u00e9e National Marc Chagall de Nice pr\u00e9sente, du 24 mai au 22 septembre 2025, l\u2019exposition De verre et de pierre &#8211; Chagall en mosa\u00efque.<\/p>\n<p><strong>MUS\u00c9E CHAGALL NICE<\/strong> &#8211; C\u2019est \u00e0 son retour en France &#8211; et plus exactement \u00e0 Vence &#8211; en 1949 que Marc Chagall commence \u00e0 exp\u00e9rimenter la mosa\u00efque. De 1958 \u00e0 1986, il r\u00e9alisera quatorze mosa\u00efques dans le sud de la France, aux \u00c9tats-Unis, en Isra\u00ebl, en Suisse et \u00e0 Paris. Pour la premi\u00e8re fois, le mus\u00e9e retrace l\u2019histoire de ces quatorze \u0153uvres, de l\u2019id\u00e9e \u00e0 la r\u00e9alisation, en pr\u00e9sentant photographies, lithographies, dessins pr\u00e9paratoires, esquisses, maquettes des mosa\u00efques, reproductions en grand format de d\u00e9tails des \u0153uvres, outils et mat\u00e9riaux. Les visiteurs peuvent appr\u00e9cier une des \u0153uvres Le Char d\u2019\u00c9lie r\u00e9alis\u00e9e sur un des murs ext\u00e9rieurs du mus\u00e9e en 1970.<br \/>Chagall fait appel \u00e0 des mosa\u00efstes de Ravenne, c\u00e9l\u00e8bres pour leur technique de pose traditionnelle des tesselles sur un mortier frais. Cette m\u00e9thode donne un rendu irr\u00e9gulier qui fait vibrer la couleur. Il travaillera successivement avec l\u2019artiste Lino Melano et son \u00e9pouse Heidi, puis apr\u00e8s leur brouille avec Michel Tharin. Les mat\u00e9riaux &#8211; marbre de Carrare, pierres calcaires, onyx et granit &#8211; offrent des effets mats tandis que les p\u00e2tes de verre offrent \u00e9clat et brillance. Les verres dor\u00e9s et argent\u00e9s proviennent de Chez Orsoni \u00e0 Murano, les nuances color\u00e9es sont produites par Albertini \u00e0 Montigny-les-Cormeilles. La manufacture fran\u00e7aise, cr\u00e9\u00e9e en 1925 par le verrier originaire de Murano Jules Albertini, propose quelque 1500 nuances de verre.<br \/>L\u2019exposition offre une r\u00e9trospective des mosa\u00efques de Chagall, y compris des projets non r\u00e9alis\u00e9es. La palette de Chagall s\u2019anime de mani\u00e8re \u00e9clatante dans les \u0153uvres mosa\u00efques et l\u2019on peut poursuivre la visite hors les murs en partant \u00e0 la d\u00e9couverte des \u0153uvres cr\u00e9es dans la r\u00e9gion : Les Amoureux pour la Fondation Maeght, Le Message d\u2019Ulysse pour l\u2019Universit\u00e9 de droit Trotabas de Nice, Le Grand Soleil pour la villa La Colline, alors r\u00e9sidence des Chagall \u00e0 Saint-Paul-de-Vence, Le Repas des Anges ou Le Miracle de sainte Roseline pour la chapelle sainte Roselyne aux Arcs-sur-Argens, Mo\u00efse sauv\u00e9 des eaux au baptist\u00e8re de la cath\u00e9drale Notre Dame de la Nativit\u00e9 de Vence, le Fleuve vert pour le groupe scolaire La Fontette \u00e0 Saint-Paul-de-Vence.<br \/>Organis\u00e9e par le mus\u00e9e national Marc Chagall, le GrandPalaisRmn et le Museo d\u2019Arte della citt\u00e0 di Ravenna, l\u2019exposition sera ensuite pr\u00e9sent\u00e9e du 18 octobre 2025 au 18 janvier 2026 au MAR (Museo d\u2019Arte della citt\u00e0 di Ravenna).<\/p>\n<p>\u00a0<\/p>\n<p><strong>Exposition De Verre et de Pierre &#8211; Chagall en Mosa\u00efque <br \/>Du 24 mai au 22 septembre 2025<br \/>Mus\u00e9e National Marc Chagall<br \/>Avenue du Docteur M\u00e9nard <br \/>06000 Nice<\/strong><br \/><a href=\"https:\/\/www.musee-chagall.fr\" target=\"_blank\" rel=\"noopener\">www.musee-chagall.fr<\/a><\/p>\n<p>Copyright \u00a92025 NRV Nice Rendezvous. Tous droits r\u00e9serv\u00e9s. <br \/>@ actualites_nrv #Nice06<\/p>\n<p><img loading=\"lazy\" decoding=\"async\" style=\"margin-right: 20px; margin-bottom: 2px; float: left;\" alt=\"logo-nicerendezvous\" src=\"https:\/\/www.europesays.com\/fr\/wp-content\/uploads\/2025\/04\/logo-nrdv.jpg\" height=\"40\" width=\"40\"\/>Toutes les actualit\u00e9s les plus r\u00e9centes de <strong>NRV<\/strong>, <strong>NiceRendezVous<\/strong>, le site de rencontre avec les \u00e9v\u00e9nements, la culture et l&rsquo;histoire de <strong>Nice, de la C\u00f4te d&rsquo;Azur et de la Principaut\u00e9 de Monaco<\/strong>, sont pr\u00e9sent\u00e9es<a target=\"_blank\" title=\"Les actus r\u00e9centes de Nice-RendezVous sur Google actualit\u00e9s\" href=\"http:\/\/news.google.fr\/news\/search?pz=1&amp;cf=i&amp;ned=fr&amp;hl=fr&amp;q=site%3Anicerendezvous.com&amp;scoring=n&amp;ict=ln\" rel=\"noopener\"> ici par <strong>Google actualit\u00e9<\/strong><\/a><\/p>\n<p id=\"slidetag\">\u00a0<\/p>\n","protected":false},"excerpt":{"rendered":"Le Mus\u00e9e National Marc Chagall de Nice pr\u00e9sente, du 24 mai au 22 septembre 2025, l\u2019exposition De verre&hellip;\n","protected":false},"author":2,"featured_media":9501,"comment_status":"","ping_status":"","sticky":false,"template":"","format":"standard","meta":{"footnotes":""},"categories":[2819],"tags":[1111,11,28666,1777,674,3293,1011,27,28667,3048,12,2401,11850,882,25,710],"class_list":{"0":"post-156063","1":"post","2":"type-post","3":"status-publish","4":"format-standard","5":"has-post-thumbnail","7":"category-nice","8":"tag-actu","9":"tag-actualites","10":"tag-chagall","11":"tag-eu","12":"tag-europe","13":"tag-exposition","14":"tag-fr","15":"tag-france","16":"tag-mosaique","17":"tag-musee","18":"tag-news","19":"tag-nice","20":"tag-pierre","21":"tag-provence-alpes-cote-dazur","22":"tag-republique-francaise","23":"tag-verre"},"share_on_mastodon":{"url":"https:\/\/pubeurope.com\/@fr\/114635499418046110","error":""},"_links":{"self":[{"href":"https:\/\/www.europesays.com\/fr\/wp-json\/wp\/v2\/posts\/156063","targetHints":{"allow":["GET"]}}],"collection":[{"href":"https:\/\/www.europesays.com\/fr\/wp-json\/wp\/v2\/posts"}],"about":[{"href":"https:\/\/www.europesays.com\/fr\/wp-json\/wp\/v2\/types\/post"}],"author":[{"embeddable":true,"href":"https:\/\/www.europesays.com\/fr\/wp-json\/wp\/v2\/users\/2"}],"replies":[{"embeddable":true,"href":"https:\/\/www.europesays.com\/fr\/wp-json\/wp\/v2\/comments?post=156063"}],"version-history":[{"count":0,"href":"https:\/\/www.europesays.com\/fr\/wp-json\/wp\/v2\/posts\/156063\/revisions"}],"wp:featuredmedia":[{"embeddable":true,"href":"https:\/\/www.europesays.com\/fr\/wp-json\/wp\/v2\/media\/9501"}],"wp:attachment":[{"href":"https:\/\/www.europesays.com\/fr\/wp-json\/wp\/v2\/media?parent=156063"}],"wp:term":[{"taxonomy":"category","embeddable":true,"href":"https:\/\/www.europesays.com\/fr\/wp-json\/wp\/v2\/categories?post=156063"},{"taxonomy":"post_tag","embeddable":true,"href":"https:\/\/www.europesays.com\/fr\/wp-json\/wp\/v2\/tags?post=156063"}],"curies":[{"name":"wp","href":"https:\/\/api.w.org\/{rel}","templated":true}]}}