{"id":156066,"date":"2025-06-06T08:35:21","date_gmt":"2025-06-06T08:35:21","guid":{"rendered":"https:\/\/www.europesays.com\/fr\/156066\/"},"modified":"2025-06-06T08:35:21","modified_gmt":"2025-06-06T08:35:21","slug":"election-au-parti-socialiste-olivier-faure-lemporte-en-loire-atlantique","status":"publish","type":"post","link":"https:\/\/www.europesays.com\/fr\/156066\/","title":{"rendered":"\u00c9lection au Parti socialiste. Olivier Faure l\u2019emporte en Loire-Atlantique"},"content":{"rendered":"<p>Qui d\u2019Olivier Faure ou Nicolas Mayer-Rossignol sera le futur patron du PS\u00a0? C\u2019\u00e9tait aujourd\u2019hui le second tour de l\u2019\u00e9lection interne du Parti socialiste. Si ce jeudi 5\u00a0juin \u00e0 minuit, il est encore trop t\u00f4t pour conna\u00eetre le vainqueur, on sait qu\u2019Olivier Faure l\u2019a emport\u00e9 au sein de la F\u00e9d\u00e9ration d\u00e9partementale de Loire-Atlantique du PS. Il recueille 55\u00a0% des voix.<\/p>\n<p>Il prend une veste \u00e0 Saint-Nazaire (seuls 9\u00a0% des militants ont vot\u00e9 pour lui), mais obtient 78\u00a0% des suffrages \u00e0 Nantes (<a href=\"https:\/\/nantes.maville.com\/actu\/actudet_-election-au-parti-socialiste.-faure-en-tete-en-loire-atlantique-mayer-rossignol-en-2e-position-_8-6829039_actu.Htm\" target=\"_self\" rel=\"noopener\">cinq points de plus qu\u2019au premier tour<\/a>).<\/p>\n<p>Une \u00e9lection \u00e0 enjeu pour Johanna Rolland<\/p>\n<p>Cette \u00e9lection est importante pour\u00a0Johanna Rolland, la maire socialiste de Nantes. La num\u00e9ro\u00a02 du PS a soutenu sans rel\u00e2che Olivier Faure. Ce jeudi, sur le plateau de T\u00e9l\u00e9nantes, lors de <a href=\"https:\/\/telenantes.ouest-france.fr\/lentretien-politique\/article\/lentretien-politique-avec-johanna-rolland-0\" target=\"_self\" rel=\"noopener\">L\u2019Entretien politique<\/a>, en partenariat avec Ouest-France, elle justifiait ce soutien\u00a0:<strong> \u00ab\u00a0Notre ligne strat\u00e9gique, c\u2019est l\u2019union de la gauche et des \u00e9cologistes [\u2026] de Fran\u00e7ois Ruffin \u00e0 Rapha\u00ebl Glucksmann. Nicolas Mayer-Rossignol, lui, dit qu\u2019il faut rester l\u2019\u00e9cosyst\u00e8me socialiste. Je crois que ce n\u2019est pas un chemin gagnant<\/strong>\u00a0\u00bb. Comprendre, pour la pr\u00e9sidentielle de 2027.<\/p>\n<p>Le futur leader du Parti socialiste sera d\u00e9sign\u00e9 officiellement lors du congr\u00e8s du PS, qui a lieu \u00e0 Nancy du 13 au 15\u00a0juin.<\/p>\n<p>\u00a0<\/p>\n","protected":false},"excerpt":{"rendered":"Qui d\u2019Olivier Faure ou Nicolas Mayer-Rossignol sera le futur patron du PS\u00a0? C\u2019\u00e9tait aujourd\u2019hui le second tour de&hellip;\n","protected":false},"author":2,"featured_media":156067,"comment_status":"","ping_status":"","sticky":false,"template":"","format":"standard","meta":{"footnotes":""},"categories":[2818],"tags":[1111,11,11035,28668,1777,674,13700,1011,27,3047,766,12,1766,13695,2636,25,13696],"class_list":{"0":"post-156066","1":"post","2":"type-post","3":"status-publish","4":"format-standard","5":"has-post-thumbnail","7":"category-nantes","8":"tag-actu","9":"tag-actualites","10":"tag-election","11":"tag-emporte","12":"tag-eu","13":"tag-europe","14":"tag-faure","15":"tag-fr","16":"tag-france","17":"tag-loire-atlantique","18":"tag-nantes","19":"tag-news","20":"tag-olivier","21":"tag-parti","22":"tag-pays-de-la-loire","23":"tag-republique-francaise","24":"tag-socialiste"},"share_on_mastodon":{"url":"https:\/\/pubeurope.com\/@fr\/114635507215900072","error":""},"_links":{"self":[{"href":"https:\/\/www.europesays.com\/fr\/wp-json\/wp\/v2\/posts\/156066","targetHints":{"allow":["GET"]}}],"collection":[{"href":"https:\/\/www.europesays.com\/fr\/wp-json\/wp\/v2\/posts"}],"about":[{"href":"https:\/\/www.europesays.com\/fr\/wp-json\/wp\/v2\/types\/post"}],"author":[{"embeddable":true,"href":"https:\/\/www.europesays.com\/fr\/wp-json\/wp\/v2\/users\/2"}],"replies":[{"embeddable":true,"href":"https:\/\/www.europesays.com\/fr\/wp-json\/wp\/v2\/comments?post=156066"}],"version-history":[{"count":0,"href":"https:\/\/www.europesays.com\/fr\/wp-json\/wp\/v2\/posts\/156066\/revisions"}],"wp:featuredmedia":[{"embeddable":true,"href":"https:\/\/www.europesays.com\/fr\/wp-json\/wp\/v2\/media\/156067"}],"wp:attachment":[{"href":"https:\/\/www.europesays.com\/fr\/wp-json\/wp\/v2\/media?parent=156066"}],"wp:term":[{"taxonomy":"category","embeddable":true,"href":"https:\/\/www.europesays.com\/fr\/wp-json\/wp\/v2\/categories?post=156066"},{"taxonomy":"post_tag","embeddable":true,"href":"https:\/\/www.europesays.com\/fr\/wp-json\/wp\/v2\/tags?post=156066"}],"curies":[{"name":"wp","href":"https:\/\/api.w.org\/{rel}","templated":true}]}}