{"id":156072,"date":"2025-06-06T08:38:09","date_gmt":"2025-06-06T08:38:09","guid":{"rendered":"https:\/\/www.europesays.com\/fr\/156072\/"},"modified":"2025-06-06T08:38:09","modified_gmt":"2025-06-06T08:38:09","slug":"les-parents-dilann-decede-apres-un-match-de-foot-ont-depose-plainte-pour-homicide-involontaire","status":"publish","type":"post","link":"https:\/\/www.europesays.com\/fr\/156072\/","title":{"rendered":"Les parents d\u2019Ilann, d\u00e9c\u00e9d\u00e9 apr\u00e8s un match de foot, ont d\u00e9pos\u00e9 plainte pour homicide involontaire"},"content":{"rendered":"<p><strong>investigations &#8211; Une enqu\u00eate a \u00e9t\u00e9 ouverte du chef d\u2019homicide involontaire apr\u00e8s le d\u00e9p\u00f4t de plainte des parents d\u2019Ilann, ce jeune de 14 ans d\u00e9c\u00e9d\u00e9 le 3\u00a0juin apr\u00e8s une blessure lors d\u2019un match de foot \u00e0 M\u00e9rignac<\/strong><\/p>\n<p>Mardi, le jeune Ilann 14 ans<a href=\"https:\/\/www.20minutes.fr\/faits_divers\/faits-divers-bordeaux\/4156843-20250604-bordeaux-jeune-14-ans-blesse-pendant-tournoi-foot-decede#:~:text=E.P.&amp;text=Un%20adolescent%20de%2014%20ans,Ilann%2C%20jeune%20Panth%C3%A8re%20du%20club.?at_medium=RSS%20feed&amp;at_campaign=ynews&amp;utm_source=yahoo&amp;utm_medium=rss&amp;utm_campaign=news_feed&amp;utm_content=in_article_link\" rel=\"nofollow noopener\" target=\"_blank\" data-ylk=\"slk:est d\u00e9c\u00e9d\u00e9 des suites de ses blessures;elm:context_link;itc:0;sec:content-canvas\" class=\"link \"> est d\u00e9c\u00e9d\u00e9 des suites de ses blessures <\/a>occasionn\u00e9es lors d\u2019un match de football amateur ayant eu lieu deux jours plus t\u00f4t \u00e0 M\u00e9rignac, pr\u00e8s de <a href=\"https:\/\/www.20minutes.fr\/search?q=Bordeaux&amp;at_medium=RSS%20feed&amp;at_campaign=ynews&amp;utm_source=yahoo&amp;utm_medium=rss&amp;utm_campaign=news_feed&amp;utm_content=in_article_link\" rel=\"nofollow noopener\" target=\"_blank\" data-ylk=\"slk:Bordeaux;elm:context_link;itc:0;sec:content-canvas\" class=\"link \">Bordeaux<\/a>. On a appris ce jeudi soir qu\u2019une enqu\u00eate pour <a href=\"https:\/\/www.20minutes.fr\/dossier\/homicide?at_medium=RSS%20feed&amp;at_campaign=ynews&amp;utm_source=yahoo&amp;utm_medium=rss&amp;utm_campaign=news_feed&amp;utm_content=in_article_link\" rel=\"nofollow noopener\" target=\"_blank\" data-ylk=\"slk:homicide;elm:context_link;itc:0;sec:content-canvas\" class=\"link \">homicide <\/a>involontaire avait \u00e9t\u00e9 ouverte par le parquet de Bordeaux, apr\u00e8s le d\u00e9p\u00f4t de plainte des parents de l\u2019adolescent.<\/p>\n<p>Celui-ci aurait fait une mauvaise chute lors d\u2019un choc avec un autre joueur. Son club, la jeunesse Villenavaise, a fait part de sa tristesse et de son soutien \u00e0 la famille de la victime.<\/p>\n<p><a data-iframely-url=\"https:\/\/iframely.publishing.yahoo.net\/J3YdzyQx?app=1\" data-lazy=\"\" data-img=\"\"\/><\/p>\n<p>Les investigations sont confi\u00e9es \u00e0 la division de la criminalit\u00e9 territoriale de la direction interd\u00e9partementale de la police nationale de la Gironde, pr\u00e9cise le parquet dans son communiqu\u00e9.<\/p>\n<p><a href=\"https:\/\/www.20minutes.fr\/justice\/4157245-20250606-bordeaux-parents-ilann-decede-apres-match-foot-depose-plainte-homicide-involontaire?at_medium=RSS%20feed&amp;at_campaign=ynews&amp;utm_source=yahoo&amp;utm_medium=rss&amp;utm_campaign=news_feed&amp;utm_content=read_more_link&quot;\" rel=\"nofollow noopener\" target=\"_blank\" data-ylk=\"slk:Lire la suite sur 20minutes;elm:context_link;itc:0;sec:content-canvas\" class=\"link \">Lire la suite sur 20minutes<\/a><\/p>\n<p>\u00c0 lire aussi :<br \/><a href=\"https:\/\/www.20minutes.fr\/faits_divers\/faits-divers-bordeaux\/4156843-20250604-bordeaux-jeune-14-ans-blesse-pendant-tournoi-foot-decede?at_medium=RSS%20feed&amp;at_campaign=ynews&amp;utm_source=yahoo&amp;utm_medium=rss&amp;utm_campaign=news_feed&amp;utm_content=related_content_link\" rel=\"nofollow noopener\" target=\"_blank\" data-ylk=\"slk:Bordeaux\u00a0: Le jeune de 14 ans bless\u00e9 pendant un tournoi de foot est d\u00e9c\u00e9d\u00e9;elm:context_link;itc:0;sec:content-canvas\" class=\"link \">Bordeaux\u00a0: Le jeune de 14 ans bless\u00e9 pendant un tournoi de foot est d\u00e9c\u00e9d\u00e9<\/a><br \/><a href=\"https:\/\/www.20minutes.fr\/faits_divers\/4156559-20250602-bordeaux-adolescent-14-ans-entre-vie-mort-apres-choc-lors-tournoi-foot?at_medium=RSS%20feed&amp;at_campaign=ynews&amp;utm_source=yahoo&amp;utm_medium=rss&amp;utm_campaign=news_feed&amp;utm_content=related_content_link\" rel=\"nofollow noopener\" target=\"_blank\" data-ylk=\"slk:Bordeaux\u00a0: Un adolescent de 14 ans entre la vie et la mort apr\u00e8s un choc lors d\u2019un tournoi de foot;elm:context_link;itc:0;sec:content-canvas\" class=\"link \">Bordeaux\u00a0: Un adolescent de 14 ans entre la vie et la mort apr\u00e8s un choc lors d\u2019un tournoi de foot<\/a><\/p>\n","protected":false},"excerpt":{"rendered":"investigations &#8211; Une enqu\u00eate a \u00e9t\u00e9 ouverte du chef d\u2019homicide involontaire apr\u00e8s le d\u00e9p\u00f4t de plainte des parents&hellip;\n","protected":false},"author":2,"featured_media":156073,"comment_status":"","ping_status":"","sticky":false,"template":"","format":"standard","meta":{"footnotes":""},"categories":[2817],"tags":[1111,11,1997,1762,28669,1777,674,1011,27,28671,12,2219,25,28670],"class_list":{"0":"post-156072","1":"post","2":"type-post","3":"status-publish","4":"format-standard","5":"has-post-thumbnail","7":"category-bordeaux","8":"tag-actu","9":"tag-actualites","10":"tag-bordeaux","11":"tag-decede","12":"tag-depot-de-plainte","13":"tag-eu","14":"tag-europe","15":"tag-fr","16":"tag-france","17":"tag-ilann","18":"tag-news","19":"tag-nouvelle-aquitaine","20":"tag-republique-francaise","21":"tag-tournoi-de-foot"},"share_on_mastodon":{"url":"https:\/\/pubeurope.com\/@fr\/114635519137322656","error":""},"_links":{"self":[{"href":"https:\/\/www.europesays.com\/fr\/wp-json\/wp\/v2\/posts\/156072","targetHints":{"allow":["GET"]}}],"collection":[{"href":"https:\/\/www.europesays.com\/fr\/wp-json\/wp\/v2\/posts"}],"about":[{"href":"https:\/\/www.europesays.com\/fr\/wp-json\/wp\/v2\/types\/post"}],"author":[{"embeddable":true,"href":"https:\/\/www.europesays.com\/fr\/wp-json\/wp\/v2\/users\/2"}],"replies":[{"embeddable":true,"href":"https:\/\/www.europesays.com\/fr\/wp-json\/wp\/v2\/comments?post=156072"}],"version-history":[{"count":0,"href":"https:\/\/www.europesays.com\/fr\/wp-json\/wp\/v2\/posts\/156072\/revisions"}],"wp:featuredmedia":[{"embeddable":true,"href":"https:\/\/www.europesays.com\/fr\/wp-json\/wp\/v2\/media\/156073"}],"wp:attachment":[{"href":"https:\/\/www.europesays.com\/fr\/wp-json\/wp\/v2\/media?parent=156072"}],"wp:term":[{"taxonomy":"category","embeddable":true,"href":"https:\/\/www.europesays.com\/fr\/wp-json\/wp\/v2\/categories?post=156072"},{"taxonomy":"post_tag","embeddable":true,"href":"https:\/\/www.europesays.com\/fr\/wp-json\/wp\/v2\/tags?post=156072"}],"curies":[{"name":"wp","href":"https:\/\/api.w.org\/{rel}","templated":true}]}}