{"id":156076,"date":"2025-06-06T08:40:09","date_gmt":"2025-06-06T08:40:09","guid":{"rendered":"https:\/\/www.europesays.com\/fr\/156076\/"},"modified":"2025-06-06T08:40:09","modified_gmt":"2025-06-06T08:40:09","slug":"pres-de-toulouse-le-car-scolaire-termine-dans-le-fosse-une-lyceenne-evacuee-vers-lhopital","status":"publish","type":"post","link":"https:\/\/www.europesays.com\/fr\/156076\/","title":{"rendered":"Pr\u00e8s de Toulouse, le car scolaire termine dans le foss\u00e9, une lyc\u00e9enne \u00e9vacu\u00e9e vers l&rsquo;h\u00f4pital"},"content":{"rendered":"<p>            Par<br \/>\n        <strong><br \/>\n            <a href=\"https:\/\/actu.fr\/auteur\/lucie-2\" title=\"Consulter tous les articles de Lucie Fraisse\" rel=\"nofollow noopener\" target=\"_blank\">Lucie Fraisse<\/a><br \/>\n        <\/strong><\/p>\n<p>        Publi\u00e9 le<\/p>\n<p>            6 juin 2025 \u00e0 10h38        <\/p>\n<p>Grosse frayeur ce vendredi 6 juin 2025 au matin, apr\u00e8s qu\u2019un accident de la circulation impliquant un car de transport scolaire est survenu dans la commune de <strong>Pibrac<\/strong> (Haute-Garonne), non loin de <a href=\"https:\/\/actu.fr\/toulouse\/\" rel=\"nofollow noopener\" target=\"_blank\">Toulouse<\/a>.<\/p>\n<p>Une lyc\u00e9enne \u00e9vacu\u00e9e vers l\u2019h\u00f4pital<\/p>\n<p class=\" wall-content\">L\u2019accident a eu lieu peu apr\u00e8s 7 heures ce matin. Pour une raison encore inconnue, le car scolaire s\u2019est retrouv\u00e9 dans un foss\u00e9 longeant la route de L\u00e9vignac.<\/p>\n<p class=\" wall-content\">Quand les secours sont arriv\u00e9s sur place, tous les passagers \u00e9taient sortis du v\u00e9hicule. Une lyc\u00e9enne a \u00e9t\u00e9 l\u00e9g\u00e8rement bless\u00e9e et transport\u00e9e vers <strong>le centre hospitalier le plus proche<\/strong>.<\/p>\n<p>    <a href=\"https:\/\/www.google.com\/maps\/embed?pb=!1m18!1m12!1m3!1d46210.17232237359!2d1.217169871975392!3d43.624533034709636!2m3!1f0!2f0!3f0!3m2!1i1024!2i768!4f13.1!3m3!1m2!1s0x12aeb21e6d1a173b%3A0xe9c03f78f2c62365!2sPibrac!5e0!3m2!1sfr!2sfr!4v1749197697101!5m2!1sfr!2sfr\" title=\"Ouvrie le lien\" rel=\"nofollow noopener\" target=\"_blank\">Cliquez ici pour visualiser le contenu<\/a><\/p>\n<p>Une grue pour relever le bus\u00a0<\/p>\n<p class=\" wall-content\">Les sept autres lyc\u00e9ens qui \u00e9taient pr\u00e9sents dans le car scolaire, ainsi que le chauffeur du v\u00e9hicule sont indemnes.<\/p>\n<p>Vid\u00e9os : en ce moment sur Actu<\/p>\n<p class=\" wall-content\">Ils ont tous \u00e9t\u00e9 mis en s\u00e9curit\u00e9 suffisamment loin du car accident\u00e9, afin d\u2019\u00e9viter un \u00e9coulement de gasoil cons\u00e9cutif \u00e0 l\u2019accident. Les proches des \u00e9l\u00e8ves sont venus les r\u00e9cup\u00e9rer.<\/p>\n<p class=\" wall-content\">Le bus doit d\u00e9sormais \u00eatre sorti du foss\u00e9. La route de L\u00e9vignac est pour l\u2019heure coup\u00e9e \u00e0 la circulation, le temps que les op\u00e9rations de relevage du car, effectu\u00e9es \u00e0 l\u2019aide d\u2019une grue, soient r\u00e9alis\u00e9es. La gendarmerie est sur place.<\/p>\n<p class=\" wall-content\">Suivez toute l\u2019actualit\u00e9 de vos villes et m\u00e9dias favoris en vous inscrivant \u00e0 <a href=\"https:\/\/moncompte.actu.fr\" title=\"D\u00e9couvez Mon Actu\" rel=\"nofollow noopener\" data-trk=\"{&quot;cta&quot;:{&quot;action&quot;:&quot;https:\\\/\\\/moncompte.actu.fr&quot;,&quot;category&quot;:&quot;mon compte&quot;,&quot;from&quot;:&quot;article footer&quot;,&quot;name&quot;:&quot;Mon actu&quot;,&quot;type&quot;:&quot;cta&quot;}}\" target=\"_blank\">Mon Actu<\/a>.<\/p>\n","protected":false},"excerpt":{"rendered":"Par Lucie Fraisse Publi\u00e9 le 6 juin 2025 \u00e0 10h38 Grosse frayeur ce vendredi 6 juin 2025 au&hellip;\n","protected":false},"author":2,"featured_media":118751,"comment_status":"","ping_status":"","sticky":false,"template":"","format":"standard","meta":{"footnotes":""},"categories":[2816],"tags":[119,1111,11,1777,674,118,1011,27,12,2680,1311,25,2312],"class_list":{"0":"post-156076","1":"post","2":"type-post","3":"status-publish","4":"format-standard","5":"has-post-thumbnail","7":"category-toulouse","8":"tag-accident","9":"tag-actu","10":"tag-actualites","11":"tag-eu","12":"tag-europe","13":"tag-faits-divers","14":"tag-fr","15":"tag-france","16":"tag-news","17":"tag-occitanie","18":"tag-pompiers","19":"tag-republique-francaise","20":"tag-toulouse"},"share_on_mastodon":{"url":"https:\/\/pubeurope.com\/@fr\/114635526903102726","error":""},"_links":{"self":[{"href":"https:\/\/www.europesays.com\/fr\/wp-json\/wp\/v2\/posts\/156076","targetHints":{"allow":["GET"]}}],"collection":[{"href":"https:\/\/www.europesays.com\/fr\/wp-json\/wp\/v2\/posts"}],"about":[{"href":"https:\/\/www.europesays.com\/fr\/wp-json\/wp\/v2\/types\/post"}],"author":[{"embeddable":true,"href":"https:\/\/www.europesays.com\/fr\/wp-json\/wp\/v2\/users\/2"}],"replies":[{"embeddable":true,"href":"https:\/\/www.europesays.com\/fr\/wp-json\/wp\/v2\/comments?post=156076"}],"version-history":[{"count":0,"href":"https:\/\/www.europesays.com\/fr\/wp-json\/wp\/v2\/posts\/156076\/revisions"}],"wp:featuredmedia":[{"embeddable":true,"href":"https:\/\/www.europesays.com\/fr\/wp-json\/wp\/v2\/media\/118751"}],"wp:attachment":[{"href":"https:\/\/www.europesays.com\/fr\/wp-json\/wp\/v2\/media?parent=156076"}],"wp:term":[{"taxonomy":"category","embeddable":true,"href":"https:\/\/www.europesays.com\/fr\/wp-json\/wp\/v2\/categories?post=156076"},{"taxonomy":"post_tag","embeddable":true,"href":"https:\/\/www.europesays.com\/fr\/wp-json\/wp\/v2\/tags?post=156076"}],"curies":[{"name":"wp","href":"https:\/\/api.w.org\/{rel}","templated":true}]}}