{"id":156079,"date":"2025-06-06T08:42:12","date_gmt":"2025-06-06T08:42:12","guid":{"rendered":"https:\/\/www.europesays.com\/fr\/156079\/"},"modified":"2025-06-06T08:42:12","modified_gmt":"2025-06-06T08:42:12","slug":"un-site-illegal-de-dons-de-sperme-demantele-a-lille","status":"publish","type":"post","link":"https:\/\/www.europesays.com\/fr\/156079\/","title":{"rendered":"Un site ill\u00e9gal de dons de sperme d\u00e9mantel\u00e9 \u00e0 Lille"},"content":{"rendered":"<p>Le 5 juin 2025, la section de recherches de Lille, sous la direction du parquet de Valenciennes, a interpell\u00e9 un individu soup\u00e7onn\u00e9 d\u2019avoir administr\u00e9 un site internet ill\u00e9gal facilitant l\u2019entremise entre donneurs de gam\u00e8tes et receveuses, en dehors de tout cadre m\u00e9dical et juridique. Ce site, rep\u00e9r\u00e9 en avril 2025 par l\u2019antenne C3N dans le cadre d\u2019une veille num\u00e9rique, mettait en relation des personnes souhaitant concevoir un enfant via des dons de sperme effectu\u00e9s en dehors du syst\u00e8me officiel d\u2019assistance m\u00e9dicale \u00e0 la procr\u00e9ation (AMP).<\/p>\n<p>Risques multiples<\/p>\n<p>Le site, aujourd\u2019hui ferm\u00e9, comptait plus de 7 000 membres. Il exploitait la vuln\u00e9rabilit\u00e9 de certaines femmes confront\u00e9es \u00e0 des d\u00e9lais d\u2019attente importants pour acc\u00e9der \u00e0 un don l\u00e9gal. Le recours \u00e0 ce type de plateforme permettait \u00e0 ces receveuses de contourner les r\u00e8gles strictes de l\u2019AMP, mais au prix de risques multiples.<\/p>\n<p>Les d\u00e9rives d\u2019un syst\u00e8me non encadr\u00e9<\/p>\n<p>L\u2019enqu\u00eate a mis en \u00e9vidence que l\u2019administrateur ne se contentait pas de g\u00e9rer le site : il pratiquait lui-m\u00eame des dons ill\u00e9gaux de sperme. Pour mon\u00e9tiser cette activit\u00e9, il proposait des abonnements payants et sollicitait des paiements en cryptomonnaie. Il percevait \u00e9galement des sommes sous couvert de \u00ab d\u00e9dommagement \u00bb pour ses propres dons. Les investigations techniques, ainsi qu\u2019une infiltration sous pseudonyme, ont permis de documenter ces pratiques.<\/p>\n<p>Cette affaire met en lumi\u00e8re les d\u00e9rives possibles d\u2019un syst\u00e8me de dons non encadr\u00e9. En dehors du cadre l\u00e9gal, les dons de gam\u00e8tes exposent les receveurs \u00e0 de graves dangers : absence de tra\u00e7abilit\u00e9, risques sanitaires, possibilit\u00e9s de consanguinit\u00e9, et comportements potentiellement abusifs. Le cadre de l\u2019AMP en France a justement \u00e9t\u00e9 con\u00e7u pour \u00e9viter ces d\u00e9rives en garantissant la s\u00e9curit\u00e9 des b\u00e9n\u00e9ficiaires, la gratuit\u00e9 et l\u2019anonymat des dons, ainsi que la rigueur des contr\u00f4les m\u00e9dicaux.<\/p>\n<p>L\u2019enqu\u00eate rappelle ainsi l\u2019importance de respecter le cadre l\u00e9gal en mati\u00e8re de procr\u00e9ation m\u00e9dicalement assist\u00e9e, afin de prot\u00e9ger toutes les parties concern\u00e9es contre les abus et les d\u00e9rives.<\/p>\n<p>\t\t\t\t\t<a href=\"https:\/\/www.pandore-gendarmerie.org\/shop-2\/\" class=\"\" target=\"_blank\" rel=\"nofollow noopener\"><\/p>\n<p>\t\t\t<img loading=\"lazy\" decoding=\"async\" src=\"https:\/\/www.europesays.com\/fr\/wp-content\/uploads\/2025\/06\/145272301-1.jpg\"  width=\"728\" height=\"90\" alt=\"\"\/><\/p>\n<p>\t\t\t\t\t<\/a><\/p>\n","protected":false},"excerpt":{"rendered":"Le 5 juin 2025, la section de recherches de Lille, sous la direction du parquet de Valenciennes, a&hellip;\n","protected":false},"author":2,"featured_media":156080,"comment_status":"","ping_status":"","sticky":false,"template":"","format":"standard","meta":{"footnotes":""},"categories":[2815],"tags":[1111,11,1777,674,1011,27,3381,16137,13369,811,1307,12,25,28675],"class_list":{"0":"post-156079","1":"post","2":"type-post","3":"status-publish","4":"format-standard","5":"has-post-thumbnail","7":"category-lille","8":"tag-actu","9":"tag-actualites","10":"tag-eu","11":"tag-europe","12":"tag-fr","13":"tag-france","14":"tag-gendarmerie","15":"tag-gendarmerie-nationale","16":"tag-gendarmes","17":"tag-hauts-de-france","18":"tag-lille","19":"tag-news","20":"tag-republique-francaise","21":"tag-site-illegal"},"share_on_mastodon":{"url":"https:\/\/pubeurope.com\/@fr\/114635534780626860","error":""},"_links":{"self":[{"href":"https:\/\/www.europesays.com\/fr\/wp-json\/wp\/v2\/posts\/156079","targetHints":{"allow":["GET"]}}],"collection":[{"href":"https:\/\/www.europesays.com\/fr\/wp-json\/wp\/v2\/posts"}],"about":[{"href":"https:\/\/www.europesays.com\/fr\/wp-json\/wp\/v2\/types\/post"}],"author":[{"embeddable":true,"href":"https:\/\/www.europesays.com\/fr\/wp-json\/wp\/v2\/users\/2"}],"replies":[{"embeddable":true,"href":"https:\/\/www.europesays.com\/fr\/wp-json\/wp\/v2\/comments?post=156079"}],"version-history":[{"count":0,"href":"https:\/\/www.europesays.com\/fr\/wp-json\/wp\/v2\/posts\/156079\/revisions"}],"wp:featuredmedia":[{"embeddable":true,"href":"https:\/\/www.europesays.com\/fr\/wp-json\/wp\/v2\/media\/156080"}],"wp:attachment":[{"href":"https:\/\/www.europesays.com\/fr\/wp-json\/wp\/v2\/media?parent=156079"}],"wp:term":[{"taxonomy":"category","embeddable":true,"href":"https:\/\/www.europesays.com\/fr\/wp-json\/wp\/v2\/categories?post=156079"},{"taxonomy":"post_tag","embeddable":true,"href":"https:\/\/www.europesays.com\/fr\/wp-json\/wp\/v2\/tags?post=156079"}],"curies":[{"name":"wp","href":"https:\/\/api.w.org\/{rel}","templated":true}]}}